{"id":888,"date":"2013-11-06T09:06:00","date_gmt":"2013-11-06T07:06:00","guid":{"rendered":"http:\/\/comeconmigo.net\/2013\/11\/06\/no-hay-nada-como-una-crema-para-sentirse-a-gusto-crema-de-castana-y-pera-salada-por-si-las-dudas\/"},"modified":"2020-03-04T11:24:06","modified_gmt":"2020-03-04T10:24:06","slug":"crema-de-castana-y-pera-salada-por-si-las-dudas","status":"publish","type":"post","link":"https:\/\/comeconmigo.net\/fr\/crema-de-castana-y-pera-salada-por-si-las-dudas\/","title":{"rendered":"VELOUT\u00c9 POIRE &#038; CH\u00c2TAIGNE"},"content":{"rendered":"<p>[vc_row][vc_column][vc_column_text]<em>Cette recette a \u00e9t\u00e9 publi\u00e9e originellement sur Come Conmigo le 06\/11\/2013.<\/em>[\/vc_column_text][vc_separator style=\u00a0\u00bbdashed\u00a0\u00bb][vc_column_text]Si vous aimez les velout\u00e9s r\u00e9confortants et surprenants, j\u2019ai la recette qu\u2019il vous faut\u00a0! Ici les 2 ingr\u00e9dients principaux sont des symboles de l\u2019arriv\u00e9e de l\u2019automne. La douceur de la ch\u00e2taigne et de la poire en font un velout\u00e9 d\u00e9licieux pour soir\u00e9es fra\u00eeches.<\/p>\n<p>Et vous, quel est votre velout\u00e9 d\u2019automne pr\u00e9f\u00e9r\u00e9\u00a0?[\/vc_column_text][vc_single_image image=\u00a0\u00bb26657&Prime; img_size=\u00a0\u00bb400&#215;600&Prime; alignment=\u00a0\u00bbcenter\u00a0\u00bb][\/vc_column][\/vc_row][vc_row][vc_column][vc_text_separator title=\u00a0\u00bbAujourd&rsquo;hui&#8230;\u00a0\u00bb color=\u00a0\u00bbblack\u00a0\u00bb]\n\t\t\t<section class=\"image-edge\">\n\t\t\t    <div class=\"col-md-6 col-sm-4 p0 col-md-push-6 col-sm-push-8\">\n\t\t\t        <img width=\"399\" height=\"323\" src=\"https:\/\/comeconmigo.net\/wp-content\/uploads\/2013\/11\/Crema-de-castana-y-pera-6-copia.jpg\" class=\"mb-xs-24\" alt=\"\" loading=\"lazy\" srcset=\"https:\/\/comeconmigo.net\/wp-content\/uploads\/2013\/11\/Crema-de-castana-y-pera-6-copia.jpg 399w, https:\/\/comeconmigo.net\/wp-content\/uploads\/2013\/11\/Crema-de-castana-y-pera-6-copia-300x243.jpg 300w\" sizes=\"(max-width: 399px) 100vw, 399px\" \/>\n\t\t\t    <\/div>\n\t\t\t    <div class=\"container\">\n\t\t\t        <div class=\"col-md-5 col-md-pull-0 col-sm-7 col-sm-pull-4 v-align-transform\">\n\t\t\t            [vc_column_text]<\/p>\n<h3>VELOUT\u00c9 POIRE &amp; CH\u00c2TAIGNE*<\/h3>\n<p>[\/vc_column_text]\n\t\t\t        <\/div>\n\t\t\t    <\/div>\n\t\t\t<\/section>\n\t\t[\/vc_column][\/vc_row][vc_row][vc_column width=\u00a0\u00bb1\/4&Prime; css=\u00a0\u00bb.vc_custom_1502280835828{background-color: #fff0dd !important;}\u00a0\u00bb][vc_column_text]<\/p>\n<h3 style=\"text-align: center;\">Pour 4 personnes<\/h3>\n<p style=\"text-align: center;\">750g de poires m\u00fbres et tendres (Williams pour nous)<\/p>\n<p style=\"text-align: center;\">25g de miel<\/p>\n<p style=\"text-align: center;\">150g de ch\u00e2taignes r\u00f4ties (au feu de bois en bocal pour nous)<\/p>\n<p style=\"text-align: center;\">1cc** de cannelle en poudre<\/p>\n<p style=\"text-align: center;\">Sel, poivre<\/p>\n<p>[\/vc_column_text][\/vc_column][vc_column width=\u00a0\u00bb3\/4&Prime; css=\u00a0\u00bb.vc_custom_1502280820239{padding-top: 10px !important;padding-right: 10px !important;padding-bottom: 10px !important;padding-left: 10px !important;}\u00a0\u00bb][vc_column_text]<\/p>\n<p style=\"text-align: center;\">Rincer les poires sous l\u2019eau, les s\u00e9cher, leur \u00f4ter le c\u0153ur et les couper en d\u00e9s moyens.<\/p>\n<p style=\"text-align: center;\">Faire chauffer le miel dans une cocotte et y faire dorer les morceaux de poire environ 5 minutes \u00e0 feu moyen. R\u00e9server quelques cubes de poires pour la d\u00e9coration et ajouter les ch\u00e2taignes dans la cocotte, avec un peu de sel et 550ml d\u2019eau filtr\u00e9e.<\/p>\n<p style=\"text-align: center;\">Cuire \u00e0 feu moyen pendant 20 minutes et mixer finement la soupe.<\/p>\n<p style=\"text-align: center;\">Ajuster en sel et poivre, puis ajouter la cannelle. Bien m\u00e9langer et servir bien chaud.<\/p>\n<p>[\/vc_column_text][vc_column_text]<\/p>\n<p style=\"text-align: center;\"><i>Bon profit!<\/i><\/p>\n<p><em>Quelques petits details qui comptent\u2026<\/em><\/p>\n<p>* Une recette inspir\u00e9e du livre Cojean tout simplement\u00a0<a href=\"http:\/\/www.amazon.es\/Cojean-Tout-simplement-recettes-%C3%A9quilibr%C3%A9es\/dp\/2732452211\/ref=sr_1_1?ie=UTF8&amp;qid=1352291268&amp;sr=8-1\"><strong>aqu\u00ed<\/strong><\/a>.<\/p>\n<p>** cc: cuill\u00e8re \u00e0 caf\u00e9[\/vc_column_text][\/vc_column][\/vc_row][vc_row][vc_column][vc_single_image image=\u00a0\u00bb11028&Prime; alignment=\u00a0\u00bbcenter\u00a0\u00bb][vc_column_text]<\/p>\n<h3>Encore un petit creux<\/h3>\n<p>[\/vc_column_text][vc_basic_grid post_type=\u00a0\u00bbpost\u00a0\u00bb max_items=\u00a0\u00bb6&Prime; element_width=\u00a0\u00bb2&Prime; gap=\u00a0\u00bb0&Prime; orderby=\u00a0\u00bbrand\u00a0\u00bb item=\u00a0\u00bbbasicGrid_VerticalFlip\u00a0\u00bb grid_id=\u00a0\u00bbvc_gid:1583317393579-5f3fc5fb-34d9-8&Prime; taxonomies=\u00a0\u00bb339&Prime;][\/vc_column][\/vc_row]<\/p>","protected":false},"excerpt":{"rendered":"<p>La douceur de la ch\u00e2taigne et de la poire en font un velout\u00e9 d\u00e9licieux pour soir\u00e9es fra\u00eeches.<\/p>\n","protected":false},"author":2,"featured_media":9066,"comment_status":"open","ping_status":"closed","sticky":false,"template":"","format":"standard","meta":[],"categories":[397,1,317],"tags":[],"jetpack_featured_media_url":"https:\/\/comeconmigo.net\/wp-content\/uploads\/2017\/03\/Crema-de-castana-y-pera-12-copia-copia.jpg","_links":{"self":[{"href":"https:\/\/comeconmigo.net\/fr\/wp-json\/wp\/v2\/posts\/888"}],"collection":[{"href":"https:\/\/comeconmigo.net\/fr\/wp-json\/wp\/v2\/posts"}],"about":[{"href":"https:\/\/comeconmigo.net\/fr\/wp-json\/wp\/v2\/types\/post"}],"author":[{"embeddable":true,"href":"https:\/\/comeconmigo.net\/fr\/wp-json\/wp\/v2\/users\/2"}],"replies":[{"embeddable":true,"href":"https:\/\/comeconmigo.net\/fr\/wp-json\/wp\/v2\/comments?post=888"}],"version-history":[{"count":0,"href":"https:\/\/comeconmigo.net\/fr\/wp-json\/wp\/v2\/posts\/888\/revisions"}],"wp:featuredmedia":[{"embeddable":true,"href":"https:\/\/comeconmigo.net\/fr\/wp-json\/wp\/v2\/media\/9066"}],"wp:attachment":[{"href":"https:\/\/comeconmigo.net\/fr\/wp-json\/wp\/v2\/media?parent=888"}],"wp:term":[{"taxonomy":"category","embeddable":true,"href":"https:\/\/comeconmigo.net\/fr\/wp-json\/wp\/v2\/categories?post=888"},{"taxonomy":"post_tag","embeddable":true,"href":"https:\/\/comeconmigo.net\/fr\/wp-json\/wp\/v2\/tags?post=888"}],"curies":[{"name":"wp","href":"https:\/\/api.w.org\/{rel}","templated":true}]}}