{"id":852,"date":"2014-02-10T08:58:00","date_gmt":"2014-02-10T07:58:00","guid":{"rendered":"http:\/\/comeconmigo.net\/2014\/02\/10\/y-aqui-me-teneis-con-otra-tarta-de-manzana-tarta-de-manzana-y-chartreuse-de-lenotre\/"},"modified":"2020-02-19T16:32:15","modified_gmt":"2020-02-19T15:32:15","slug":"y-aqui-me-teneis-con-otra-tarta-de-manzana-tarta-de-manzana-y-chartreuse-de-lenotre","status":"publish","type":"post","link":"https:\/\/comeconmigo.net\/fr\/y-aqui-me-teneis-con-otra-tarta-de-manzana-tarta-de-manzana-y-chartreuse-de-lenotre\/","title":{"rendered":"TARTE AUX POMMES &#038; \u00c0 LA CHARTREUSE DE LEN\u00d4TRE"},"content":{"rendered":"<p>[vc_row][vc_column][vc_column_text]<em>Cette recette a \u00e9t\u00e9 publi\u00e9e originellement sur Come Conmigo le 10\/02\/2014 pour le <a href=\"https:\/\/comeconmigo.net\/fr\/category\/tartes-aux-pommes\/\">D\u00e9fi Tartes aux Pommes<\/a>.<\/em>[\/vc_column_text][vc_separator style=\u00a0\u00bbdashed\u00a0\u00bb][vc_column_text]Une tarte apprise il y a bien longtemps lors d\u2019un atelier de cuisine \u00e0 l\u2019Ecole Len\u00f4tre offert par mes coll\u00e8gues de travail pour mes 25 ans. C\u2019\u00e9tait il y a bien longtemps maintenant mais j\u2019ai toujours une pens\u00e9e \u00e9mue pour elles quand je pr\u00e9pare cette merveilleuse et \u00e9l\u00e9gante tarte aux pommes d\u00e9licieusement parfum\u00e9e \u00e0 la Chartreuse.<\/p>\n<p>Et vous, comment aimez-vous vos tartes aux pommes\u00a0? Nous, <a href=\"https:\/\/comeconmigo.net\/fr\/category\/tartes-aux-pommes\/\">on les aime de 1000 fa\u00e7ons<\/a>\u00a0![\/vc_column_text][vc_single_image image=\u00a0\u00bb26356&Prime; img_size=\u00a0\u00bb400&#215;600&Prime; alignment=\u00a0\u00bbcenter\u00a0\u00bb][\/vc_column][\/vc_row][vc_row][vc_column][vc_text_separator title=\u00a0\u00bbAujourd&rsquo;hui&#8230;\u00a0\u00bb color=\u00a0\u00bbblack\u00a0\u00bb]\n\t\t\t<section class=\"image-edge\">\n\t\t\t    <div class=\"col-md-6 col-sm-4 p0 col-md-push-6 col-sm-push-8\">\n\t\t\t        <img width=\"400\" height=\"238\" src=\"https:\/\/comeconmigo.net\/wp-content\/uploads\/2014\/02\/Tarta-de-manzana-y-Chartreuse-3-copia.jpg\" class=\"mb-xs-24\" alt=\"\" loading=\"lazy\" srcset=\"https:\/\/comeconmigo.net\/wp-content\/uploads\/2014\/02\/Tarta-de-manzana-y-Chartreuse-3-copia.jpg 400w, https:\/\/comeconmigo.net\/wp-content\/uploads\/2014\/02\/Tarta-de-manzana-y-Chartreuse-3-copia-300x179.jpg 300w\" sizes=\"(max-width: 400px) 100vw, 400px\" \/>\n\t\t\t    <\/div>\n\t\t\t    <div class=\"container\">\n\t\t\t        <div class=\"col-md-5 col-md-pull-0 col-sm-7 col-sm-pull-4 v-align-transform\">\n\t\t\t            [vc_column_text]<\/p>\n<h3>TARTE AUX POMMES &amp; \u00c0 LA CHARTREUSE DE LEN\u00d4TRE*<\/h3>\n<p>[\/vc_column_text]\n\t\t\t        <\/div>\n\t\t\t    <\/div>\n\t\t\t<\/section>\n\t\t[\/vc_column][\/vc_row][vc_row][vc_column width=\u00a0\u00bb1\/4&Prime; css=\u00a0\u00bb.vc_custom_1502280835828{background-color: #fff0dd !important;}\u00a0\u00bb][vc_column_text]<\/p>\n<h3 style=\"text-align: center;\">Pour 4\/6 personnes<\/h3>\n<h3 style=\"text-align: center;\">Un moule de 18\/20 cm de diam\u00e8tre<\/h3>\n<p style=\"text-align: center;\"><em><u>Pour la p\u00e2te<\/u><\/em><\/p>\n<p style=\"text-align: center;\">75g de beurre pommade<\/p>\n<p style=\"text-align: center;\">45g de sucre glace tamis\u00e9<\/p>\n<p style=\"text-align: center;\">30g de poudre d\u2019amande<\/p>\n<p style=\"text-align: center;\">1 bonne pinc\u00e9e de sel fin<\/p>\n<p style=\"text-align: center;\">25g d\u2019oeuf l\u00e9g\u00e8rement battu (\u00bd \u00a0oeuf)<\/p>\n<p style=\"text-align: center;\">125g de farine tamis\u00e9e<\/p>\n<p style=\"text-align: center;\"><em><u>Pour la garniture<\/u><\/em><\/p>\n<p style=\"text-align: center;\">200g de pommes<\/p>\n<p style=\"text-align: center;\">10g de Chartreuse<\/p>\n<p style=\"text-align: center;\">1 noix de beurre (20g)<\/p>\n<p style=\"text-align: center;\"><em><u>Pour la cr\u00e8me de la garniture<\/u><\/em><\/p>\n<p style=\"text-align: center;\">90g de lait entier<\/p>\n<p style=\"text-align: center;\">40g de sucre<\/p>\n<p style=\"text-align: center;\">9g de poudre \u00e0 blanc (ou de f\u00e9cule de ma\u00efs)<\/p>\n<p style=\"text-align: center;\">55g de jaunes d\u2019oeufs<\/p>\n<p style=\"text-align: center;\">65g de blancs d\u2019oeufs<\/p>\n<p style=\"text-align: center;\">15g de sucre blanc<\/p>\n<p style=\"text-align: center;\">15g de Chartreuse<\/p>\n<p>[\/vc_column_text][\/vc_column][vc_column width=\u00a0\u00bb3\/4&Prime; css=\u00a0\u00bb.vc_custom_1502280820239{padding-top: 10px !important;padding-right: 10px !important;padding-bottom: 10px !important;padding-left: 10px !important;}\u00a0\u00bb][vc_column_text]<\/p>\n<p style=\"text-align: center;\"><em><u>Pour la p\u00e2te<\/u><\/em><\/p>\n<p style=\"text-align: center;\">Battre le beurre pour obtenir une texture lisse et souple. M\u00e9langer le sel et l\u2019\u0153uf jusqu\u2019\u00e0 dissolution du sel.<\/p>\n<p style=\"text-align: center;\">Ajouter alors l\u2019\u0153uf, le sucre glace et la poudre d\u2019amande et m\u00e9langer \u00e0 vitesse minimale en surveillant que rien ne reste coll\u00e9 au fond du bol. Ajouter alors \u00bc de la farine et amalgamer au maximum sans fouetter puis ajouter le reste de farine. M\u00e9langer juste pour amalgamer mais sans p\u00e9trir la p\u00e2te pour \u00e9viter qu\u2019elle ne durcisse \u00e0 la cuisson.<\/p>\n<p style=\"text-align: center;\">Etaler la p\u00e2te entre 2 feuilles de papier sulfuris\u00e9, d\u00e9couper \u00e0 la taille de votre moule et r\u00e9server au frais au moins 1 heure pour que la p\u00e2te soit plus facile \u00e0 travailler.<\/p>\n<p style=\"text-align: center;\">Foncer le moule et le piquer \u00e0 la fourchette.<br \/>\nRecouvrir de papier sulfuris\u00e9 recouvert de l\u00e9gumes secs et enfourner \u00e0 four chaud \u00e0 170\u00ba pendant 15 minutes. Retirer le papier et les l\u00e9gumes secs et laisser dorer l\u00e9g\u00e8rement la p\u00e2te encore 5\/7 minutes.<\/p>\n<p style=\"text-align: center;\">Laisser refroidir d\u00e9moul\u00e9 sur une grille et r\u00e9server dans un endroit frais et sec.<\/p>\n<p style=\"text-align: center;\">On peut tout \u00e0 fait pr\u00e9parer la p\u00e2te en avance et m\u00eame froncer le moule et congeler l\u2019ensemble. Mais il vaut mieux faire cuire le fond de tarte peu de temps avant la d\u00e9gustation pour qu\u2019il soit le plus croustillant possible.<\/p>\n<p style=\"text-align: center;\"><em><u>Pour la garniture<\/u><\/em><\/p>\n<p style=\"text-align: center;\">Eplucher les pommes, \u00f4ter leur c\u0153ur et les d\u00e9couper en d\u00e9s d\u2019environ 1 centim\u00e8tre de c\u00f4t\u00e9. Faire chauffer le beurre et d\u00e8s qu\u2019il est mousseux y faire cuire 10 minutes les pommes pour qu\u2019elles dorent l\u00e9g\u00e8rement mais sans tomber en compote.<\/p>\n<p style=\"text-align: center;\">Ajouter la Chartreuse et laisser que tout le liquide s\u2019\u00e9vapore. R\u00e9server.<\/p>\n<p style=\"text-align: center;\"><em><u>Pour la cr\u00e8me de la garniture<\/u><\/em><\/p>\n<p style=\"text-align: center;\">Battre les jaunes d\u2019\u0153ufs avec le sucre et la poudre \u00e0 flan jusqu\u2019\u00e0 ce que le m\u00e9lange blanchisse.<\/p>\n<p style=\"text-align: center;\">Ajouter le lait bouillant en fouettant et reverser l\u2019ensemble dans la casserole pour faire cuire, environ 2 minutes, le m\u00e9lange doit bien \u00e9paissir.<\/p>\n<p style=\"text-align: center;\">Hors du feu ajouter la Chartreuse, bien m\u00e9langer et r\u00e9server couvert au contact avec du papier film. Laisser ti\u00e9dir.<\/p>\n<p style=\"text-align: center;\">Battre les blancs en neige en ajoutant les 15g de sucre pour les serrer.<\/p>\n<p style=\"text-align: center;\">Ajouter d\u00e9licatement \u00e0 la cr\u00e8me \u00e0 la Chartreuse pour ne pas les faire retomber.<\/p>\n<p style=\"text-align: center;\"><em><u>Pour le montage de la tarte<\/u><\/em><\/p>\n<p style=\"text-align: center;\">Pr\u00e9chauffer le four chaleur tournante \u00e0 160\u00ba.<\/p>\n<p style=\"text-align: center;\">Sur le fond de tarte pr\u00e9-cuit, r\u00e9partir les pommes saut\u00e9es et recouvrir de notre cr\u00e8me mousseuse \u00e0 la Chartreuse.<\/p>\n<p style=\"text-align: center;\">Enfourner pour 30\/35 minutes, la cr\u00e8me doit \u00eatre prise et l\u00e9g\u00e8rement dor\u00e9e.<\/p>\n<p style=\"text-align: center;\">Laisser ti\u00e9dir\/refroidir sur une grille et servir chaud ou ti\u00e8de.<\/p>\n<p>[\/vc_column_text][vc_column_text]<\/p>\n<p style=\"text-align: center;\"><i>Bon profit!<\/i><\/p>\n<p><em>Quelques petits details qui comptent\u2026<\/em><\/p>\n<p>*Une recette originale d\u00e9couverte lors d\u2019un cours de cuisine \u00e0 l\u2019\u00c9cole Len\u00f4tre \u00e0 Paris.[\/vc_column_text][\/vc_column][\/vc_row][vc_row][vc_column][vc_single_image image=\u00a0\u00bb11028&Prime; alignment=\u00a0\u00bbcenter\u00a0\u00bb][vc_column_text]<\/p>\n<h3>Encore un petit creux<\/h3>\n<p>[\/vc_column_text][vc_basic_grid post_type=\u00a0\u00bbpost\u00a0\u00bb max_items=\u00a0\u00bb6&Prime; element_width=\u00a0\u00bb2&Prime; gap=\u00a0\u00bb0&Prime; orderby=\u00a0\u00bbrand\u00a0\u00bb item=\u00a0\u00bbbasicGrid_VerticalFlip\u00a0\u00bb grid_id=\u00a0\u00bbvc_gid:1582126314642-ea1883ad-9999-6&Prime; taxonomies=\u00a0\u00bb319&Prime;][\/vc_column][\/vc_row]<\/p>","protected":false},"excerpt":{"rendered":"<p>Une tarte aux pommes d\u00e9licieusement parfum\u00e9e \u00e0 la Chartreuse.<\/p>\n","protected":false},"author":2,"featured_media":8887,"comment_status":"open","ping_status":"closed","sticky":false,"template":"","format":"standard","meta":[],"categories":[1,497,319],"tags":[],"jetpack_featured_media_url":"https:\/\/comeconmigo.net\/wp-content\/uploads\/2017\/03\/Tarta-de-manzana-y-Chartreuse-6-copia.jpg","_links":{"self":[{"href":"https:\/\/comeconmigo.net\/fr\/wp-json\/wp\/v2\/posts\/852"}],"collection":[{"href":"https:\/\/comeconmigo.net\/fr\/wp-json\/wp\/v2\/posts"}],"about":[{"href":"https:\/\/comeconmigo.net\/fr\/wp-json\/wp\/v2\/types\/post"}],"author":[{"embeddable":true,"href":"https:\/\/comeconmigo.net\/fr\/wp-json\/wp\/v2\/users\/2"}],"replies":[{"embeddable":true,"href":"https:\/\/comeconmigo.net\/fr\/wp-json\/wp\/v2\/comments?post=852"}],"version-history":[{"count":0,"href":"https:\/\/comeconmigo.net\/fr\/wp-json\/wp\/v2\/posts\/852\/revisions"}],"wp:featuredmedia":[{"embeddable":true,"href":"https:\/\/comeconmigo.net\/fr\/wp-json\/wp\/v2\/media\/8887"}],"wp:attachment":[{"href":"https:\/\/comeconmigo.net\/fr\/wp-json\/wp\/v2\/media?parent=852"}],"wp:term":[{"taxonomy":"category","embeddable":true,"href":"https:\/\/comeconmigo.net\/fr\/wp-json\/wp\/v2\/categories?post=852"},{"taxonomy":"post_tag","embeddable":true,"href":"https:\/\/comeconmigo.net\/fr\/wp-json\/wp\/v2\/tags?post=852"}],"curies":[{"name":"wp","href":"https:\/\/api.w.org\/{rel}","templated":true}]}}