{"id":841,"date":"2014-03-10T09:08:00","date_gmt":"2014-03-10T08:08:00","guid":{"rendered":"http:\/\/comeconmigo.net\/2014\/03\/10\/reto-tarta-de-manzana-a-la-vista-strudel-light-de-manzana-con-pasta-filo\/"},"modified":"2020-03-04T11:04:35","modified_gmt":"2020-03-04T10:04:35","slug":"reto-tarta-de-manzana-a-la-vista-strudel-light-de-manzana-con-pasta-filo","status":"publish","type":"post","link":"https:\/\/comeconmigo.net\/fr\/reto-tarta-de-manzana-a-la-vista-strudel-light-de-manzana-con-pasta-filo\/","title":{"rendered":"STRUDEL AUX POMMES L\u00c9GER (\u00c0 LA P\u00c2TE FILO)"},"content":{"rendered":"<p>[vc_row][vc_column][vc_column_text]<em>Cette recette a \u00e9t\u00e9 publi\u00e9e originellement sur Come Conmigo le 10\/03\/2014 pour le <a href=\"https:\/\/comeconmigo.net\/fr\/category\/tartes-aux-pommes\/\">D\u00e9fi Tarte aux Pommes<\/a>.<\/em>[\/vc_column_text][vc_separator style=\u00a0\u00bbdashed\u00a0\u00bb][vc_column_text]Les <a href=\"https:\/\/comeconmigo.net\/fr\/category\/tartes-aux-pommes\/\">tartes aux pommes<\/a>, \u00e0 la maison, c\u2019est un grand classique. On les aime de 1000 fa\u00e7ons et la version du jour a le m\u00e9rite d\u2019\u00eatre non seulement tr\u00e8s simple mais aussi l\u00e9g\u00e8re\u00a0!<\/p>\n<p>J\u2019ai eu envie de revisiter en version simplifi\u00e9e et all\u00e9g\u00e9e le strudel aux pommes classique. Ici, ce sont des feuilles de p\u00e2te filo qui jouent le r\u00f4le de la p\u00e2te \u00e0 strudel et la garniture est g\u00e9n\u00e9reuse en fruits pour un maximum de go\u00fbt et un minimum de calories.<\/p>\n<p>Si cette version vous pla\u00eet, vous aimerez sans aucun doute les <a href=\"https:\/\/comeconmigo.net\/?p=453\">fleurs croustillantes pommes\/pruneaux<\/a>\u00a0!<\/p>\n<p>Et vous, utilisez-vous de la p\u00e2te filo dans votre cuisine\u00a0? Pour en faire quoi\u00a0?<\/p>\n<p>[\/vc_column_text][vc_single_image image=\u00a0\u00bb26618&Prime; img_size=\u00a0\u00bb400&#215;600&Prime; alignment=\u00a0\u00bbcenter\u00a0\u00bb][\/vc_column][\/vc_row][vc_row][vc_column][vc_text_separator title=\u00a0\u00bbAujourd&rsquo;hui&#8230;\u00a0\u00bb color=\u00a0\u00bbblack\u00a0\u00bb]\n\t\t\t<section class=\"image-edge\">\n\t\t\t    <div class=\"col-md-6 col-sm-4 p0 col-md-push-6 col-sm-push-8\">\n\t\t\t        <img width=\"267\" height=\"399\" src=\"https:\/\/comeconmigo.net\/wp-content\/uploads\/2014\/03\/Falso-Strudel-de-Manzana-light-6-.jpg\" class=\"mb-xs-24\" alt=\"\" loading=\"lazy\" srcset=\"https:\/\/comeconmigo.net\/wp-content\/uploads\/2014\/03\/Falso-Strudel-de-Manzana-light-6-.jpg 267w, https:\/\/comeconmigo.net\/wp-content\/uploads\/2014\/03\/Falso-Strudel-de-Manzana-light-6--201x300.jpg 201w\" sizes=\"(max-width: 267px) 100vw, 267px\" \/>\n\t\t\t    <\/div>\n\t\t\t    <div class=\"container\">\n\t\t\t        <div class=\"col-md-5 col-md-pull-0 col-sm-7 col-sm-pull-4 v-align-transform\">\n\t\t\t            [vc_column_text]<\/p>\n<h3>STRUDEL AUX POMMES L\u00c9GER (\u00c0 LA P\u00c2TE FILO)<\/h3>\n<p>[\/vc_column_text]\n\t\t\t        <\/div>\n\t\t\t    <\/div>\n\t\t\t<\/section>\n\t\t[\/vc_column][\/vc_row][vc_row][vc_column width=\u00a0\u00bb1\/4&Prime; css=\u00a0\u00bb.vc_custom_1502280835828{background-color: #fff0dd !important;}\u00a0\u00bb][vc_column_text]<\/p>\n<h3 style=\"text-align: center;\">Pour 2 personnes<\/h3>\n<p style=\"text-align: center;\">4 feuilles de p\u00e2te filo<\/p>\n<p style=\"text-align: center;\">4 pommes<\/p>\n<p style=\"text-align: center;\">1CS* de miel<\/p>\n<p style=\"text-align: center;\">1cc** de cannelle<\/p>\n<p style=\"text-align: center;\">1cc* de cardamome en poudre<\/p>\n<p style=\"text-align: center;\">10g de beurre<\/p>\n<p style=\"text-align: center;\">\u00bd cc* d\u2019huile d\u2019olive<\/p>\n<p style=\"text-align: center;\">1CS* d\u2019eau de fleur d\u2019oranger<\/p>\n<p style=\"text-align: center;\">2CS* de jus d\u2019orange<\/p>\n<p>[\/vc_column_text][\/vc_column][vc_column width=\u00a0\u00bb3\/4&Prime; css=\u00a0\u00bb.vc_custom_1502280820239{padding-top: 10px !important;padding-right: 10px !important;padding-bottom: 10px !important;padding-left: 10px !important;}\u00a0\u00bb][vc_column_text]<\/p>\n<p style=\"text-align: center;\">Eplucher les pommes et les d\u00e9couper en petits d\u00e9s. Faire chauffer le beurre dans une grande po\u00eale et y faire dorer les pommes. Elles doivent \u00eatre tendres. Ajouter alors le miel, la cannelle et la cardamome et bien m\u00e9langer.<\/p>\n<p style=\"text-align: center;\">Laisser ti\u00e9dir et r\u00e9server.<\/p>\n<p style=\"text-align: center;\">Juste avant\u00a0 de servir le dessert (c\u2019est meilleur chaud!), pr\u00e9chauffer le four \u00e0 180\u00ba chaleur tournante.<\/p>\n<p style=\"text-align: center;\">Fouetter vivement le jus d\u2019orange avec l\u2019huile d\u2019olive avec la fleur d\u2019oranger.<\/p>\n<p style=\"text-align: center;\">D\u00e9poser devant nous la feuille de p\u00e2te filo et d\u00e9poser dans sa partie basse\u00a0 \u00bc de la pr\u00e9paration aux pommes. Donner un tour de p\u00e2te pour enfermer la farce, replier les c\u00f4t\u00e9s et finir de rouler le strudel.<\/p>\n<p style=\"text-align: center;\">D\u00e9poser sur une plaque recouverte de papier cuisson et r\u00e9p\u00e9ter pour les 3 autres feuilles de p\u00e2te filo.<\/p>\n<p style=\"text-align: center;\">A l\u2019aide d\u2019un pinceau, \u00e9taler le m\u00e9lange jus d\u2019orange\/ huile sur toutes les faces des strudels et enfourner pour 15\/20 minutes, ils doivent \u00eatre bien dor\u00e9s.<\/p>\n<p style=\"text-align: center;\">Servir chauds ou ti\u00e8des, seuls ou avec de la glace \u00e0 la vanille ou \u00e0 la cannelle.<\/p>\n<p>[\/vc_column_text][vc_column_text]<\/p>\n<p style=\"text-align: center;\"><i>Bon profit!<\/i><\/p>\n<p><em>Quelques petits details qui comptent\u2026<\/em><\/p>\n<p>*CS: Cuill\u00e8re \u00e0 Soupe<\/p>\n<p>**cc: cuill\u00e8re \u00e0 caf\u00e9[\/vc_column_text][\/vc_column][\/vc_row][vc_row][vc_column][vc_single_image image=\u00a0\u00bb11028&Prime; alignment=\u00a0\u00bbcenter\u00a0\u00bb][vc_column_text]<\/p>\n<h3>Encore un petit creux<\/h3>\n<p>[\/vc_column_text][vc_basic_grid post_type=\u00a0\u00bbpost\u00a0\u00bb max_items=\u00a0\u00bb6&Prime; element_width=\u00a0\u00bb2&Prime; gap=\u00a0\u00bb0&Prime; orderby=\u00a0\u00bbrand\u00a0\u00bb item=\u00a0\u00bbbasicGrid_VerticalFlip\u00a0\u00bb grid_id=\u00a0\u00bbvc_gid:1583316216335-85897080-3b45-3&Prime; taxonomies=\u00a0\u00bb319&Prime;][\/vc_column][\/vc_row]<\/p>","protected":false},"excerpt":{"rendered":"<p>Voici une version simplifi\u00e9e et all\u00e9g\u00e9e du strudel aux pommes classique.<\/p>\n","protected":false},"author":2,"featured_media":8916,"comment_status":"open","ping_status":"closed","sticky":false,"template":"","format":"standard","meta":[],"categories":[1,497,276,319],"tags":[],"jetpack_featured_media_url":"https:\/\/comeconmigo.net\/wp-content\/uploads\/2017\/03\/Falso-Strudel-de-Manzana-light-11-.jpg","_links":{"self":[{"href":"https:\/\/comeconmigo.net\/fr\/wp-json\/wp\/v2\/posts\/841"}],"collection":[{"href":"https:\/\/comeconmigo.net\/fr\/wp-json\/wp\/v2\/posts"}],"about":[{"href":"https:\/\/comeconmigo.net\/fr\/wp-json\/wp\/v2\/types\/post"}],"author":[{"embeddable":true,"href":"https:\/\/comeconmigo.net\/fr\/wp-json\/wp\/v2\/users\/2"}],"replies":[{"embeddable":true,"href":"https:\/\/comeconmigo.net\/fr\/wp-json\/wp\/v2\/comments?post=841"}],"version-history":[{"count":0,"href":"https:\/\/comeconmigo.net\/fr\/wp-json\/wp\/v2\/posts\/841\/revisions"}],"wp:featuredmedia":[{"embeddable":true,"href":"https:\/\/comeconmigo.net\/fr\/wp-json\/wp\/v2\/media\/8916"}],"wp:attachment":[{"href":"https:\/\/comeconmigo.net\/fr\/wp-json\/wp\/v2\/media?parent=841"}],"wp:term":[{"taxonomy":"category","embeddable":true,"href":"https:\/\/comeconmigo.net\/fr\/wp-json\/wp\/v2\/categories?post=841"},{"taxonomy":"post_tag","embeddable":true,"href":"https:\/\/comeconmigo.net\/fr\/wp-json\/wp\/v2\/tags?post=841"}],"curies":[{"name":"wp","href":"https:\/\/api.w.org\/{rel}","templated":true}]}}