{"id":699,"date":"2015-09-30T08:53:11","date_gmt":"2015-09-30T06:53:11","guid":{"rendered":"http:\/\/comeconmigo.net\/2015\/09\/30\/seguimos-disfrutando-con-el-hinojo-ensalada-templada-de-hinojo-marinado-con-cebada\/"},"modified":"2019-09-11T09:18:40","modified_gmt":"2019-09-11T08:18:40","slug":"seguimos-disfrutando-con-el-hinojo-ensalada-templada-de-hinojo-marinado-con-cebada","status":"publish","type":"post","link":"https:\/\/comeconmigo.net\/fr\/seguimos-disfrutando-con-el-hinojo-ensalada-templada-de-hinojo-marinado-con-cebada\/","title":{"rendered":"SALADE TI\u00c8DE AU FENOUIL MARIN\u00c9 &#038; ORGE MOND\u00c9"},"content":{"rendered":"<p>[vc_row][vc_column][vc_column_text]<em>Cette recette a \u00e9t\u00e9 publi\u00e9e originellement sur Come Conmigo le 30\/09\/2015.<\/em>[\/vc_column_text][vc_separator style=\u00a0\u00bbdashed\u00a0\u00bb][vc_column_text]Une salade ti\u00e8de, c\u2019est le d\u00eener id\u00e9al en automne quand on a envie d\u2019une petite salade mais que notre corps r\u00e9clame quelque chose de chaud ou ti\u00e8de.<\/p>\n<p>L\u2019association d\u2019orge et de fenouil en fait une salade rassasiante sans \u00eatre lourde, elle est id\u00e9ale pour un d\u00eener l\u00e9ger.<\/p>\n<p>Appr\u00e9ciez-vous les salades ti\u00e8des\u00a0?[\/vc_column_text][vc_single_image image=\u00a0\u00bb24233&Prime; img_size=\u00a0\u00bb400X600&Prime; alignment=\u00a0\u00bbcenter\u00a0\u00bb][\/vc_column][\/vc_row][vc_row][vc_column][vc_text_separator title=\u00a0\u00bbAujourd&rsquo;hui&#8230;\u00a0\u00bb color=\u00a0\u00bbblack\u00a0\u00bb]\n\t\t\t<section class=\"image-edge\">\n\t\t\t    <div class=\"col-md-6 col-sm-4 p0 col-md-push-6 col-sm-push-8\">\n\t\t\t        <img width=\"449\" height=\"567\" src=\"https:\/\/comeconmigo.net\/wp-content\/uploads\/2015\/09\/ob_d4c802_hinojo-marinado-con-cebada-2-copia-1.jpg\" class=\"mb-xs-24\" alt=\"\" loading=\"lazy\" srcset=\"https:\/\/comeconmigo.net\/wp-content\/uploads\/2015\/09\/ob_d4c802_hinojo-marinado-con-cebada-2-copia-1.jpg 449w, https:\/\/comeconmigo.net\/wp-content\/uploads\/2015\/09\/ob_d4c802_hinojo-marinado-con-cebada-2-copia-1-238x300.jpg 238w\" sizes=\"(max-width: 449px) 100vw, 449px\" \/>\n\t\t\t    <\/div>\n\t\t\t    <div class=\"container\">\n\t\t\t        <div class=\"col-md-5 col-md-pull-0 col-sm-7 col-sm-pull-4 v-align-transform\">\n\t\t\t            [vc_column_text]<\/p>\n<h3><strong>SALADE TI\u00c8DE AU FENOUIL MARIN\u00c9 &amp; ORGE MOND\u00c9<\/strong><\/h3>\n<p>[\/vc_column_text]\n\t\t\t        <\/div>\n\t\t\t    <\/div>\n\t\t\t<\/section>\n\t\t[\/vc_column][\/vc_row][vc_row][vc_column width=\u00a0\u00bb1\/4&Prime; css=\u00a0\u00bb.vc_custom_1502280835828{background-color: #fff0dd !important;}\u00a0\u00bb][vc_column_text]<\/p>\n<h3 style=\"text-align: center;\">Pour 3\/4 personnes<\/h3>\n<p style=\"text-align: center;\"><em><u>Pour le fenouil marin\u00e9<\/u><\/em><\/p>\n<p style=\"text-align: center;\">2 fenouils moyens<\/p>\n<p style=\"text-align: center;\">1 petit oignon rouge ou un oignon c\u00e9bette<\/p>\n<p style=\"text-align: center;\">Le jus et le zeste d\u2019un gros citron jaune<\/p>\n<p style=\"text-align: center;\">1cc** de miel<\/p>\n<p style=\"text-align: center;\">1cc** d\u2019huile d\u2019olive<\/p>\n<p style=\"text-align: center;\">Sel<\/p>\n<p style=\"text-align: center;\">Poivre noir<\/p>\n<p style=\"text-align: center;\"><em><u>Pour la salade d\u2019orge<\/u><\/em><\/p>\n<p style=\"text-align: center;\">150g d\u2019orge (si on planifie nos menus, l\u2019id\u00e9al est de la mettre \u00e0 tremper la veille au soir pour que sa cuisson soit plus rapide)<\/p>\n<p style=\"text-align: center;\">1CS*** de graines de fenouil<\/p>\n<p style=\"text-align: center;\">1CS*** de \u201cbarbes\u201d des fenouils<\/p>\n<p style=\"text-align: center;\">15 olives noires<\/p>\n<p style=\"text-align: center;\">2cc** d\u2019huile d\u2019olive<\/p>\n<p style=\"text-align: center;\">Sel, poivre<\/p>\n<p>[\/vc_column_text][\/vc_column][vc_column width=\u00a0\u00bb3\/4&Prime; css=\u00a0\u00bb.vc_custom_1502280820239{padding-top: 10px !important;padding-right: 10px !important;padding-bottom: 10px !important;padding-left: 10px !important;}\u00a0\u00bb][vc_column_text]<\/p>\n<p style=\"text-align: center;\"><em><u>Pour le fenouil marin\u00e9<\/u><\/em><\/p>\n<p style=\"text-align: center;\">Eplucher l\u2019oignon rouge et enlever la partie la plus dure et fibreuse des fenouils (que l\u2019on peut conserver pour un bouillon ou pour un fumet de poisson par exemple), en r\u00e9servant les barbes pour le dressage.<\/p>\n<p style=\"text-align: center;\">Avec une mandoline (ou un couteau bien aff\u00fbt\u00e9), couper le fenouil en lamelles tr\u00e8s fines, presque transparentes.<\/p>\n<p style=\"text-align: center;\">Bien m\u00e9langer les ingr\u00e9dients de la marinade, y rajouter le fenouil et l\u2019oignon \u00e9minc\u00e9, m\u00e9langer, couvrir et laisser mariner 30\/60 minutes (voire plus si c\u2019est plus simple pour notre organisation).<\/p>\n<p style=\"text-align: center;\"><em><u>Pour la salade d\u2019orge<\/u><\/em><\/p>\n<p style=\"text-align: center;\">Rincer l\u2019orge sous l\u2019eau courante et bien l\u2019\u00e9goutter. Ajouter 2 fois son volume en eau et chauffer jusqu\u2019\u00e0 petite \u00e9bullition, baisser le feu et cuire \u00e0 moiti\u00e9 couvert entre 30-40 minutes. V\u00e9rifier les conseils du paquet, \u00e7a donne une bonne indication car il y a parfois de gros \u00e9carts selon les marques. V\u00e9rifier la cuisson, \u00e9goutter si besoin et r\u00e9server.<\/p>\n<p style=\"text-align: center;\">M\u00e9langer le fenouil marin\u00e9 avec sa marinade et l\u2019orge cuite. Ajouter les olives d\u00e9coup\u00e9es, assaisonner avec l\u2019huile d\u2019olive et ajuster en sel et poivre \u00e0 notre go\u00fbt. Terminer par les barbes de fenouil cisel\u00e9es.<\/p>\n<p style=\"text-align: center;\">Se d\u00e9guste ti\u00e8de ou froid, c\u2019est une salade dont les restes sont excellents le lendemain pour le bento du boulot.<\/p>\n<p>[\/vc_column_text][vc_column_text]<\/p>\n<p style=\"text-align: center;\"><i>Bon profit!<\/i><\/p>\n<p><em>Quelques petits details qui comptent\u2026<\/em><\/p>\n<p>* La recette originale vient d\u2019<a href=\"http:\/\/mynewroots.blogspot.it\/2012\/10\/triple-fennel-and-spelt-salad.html\">ic<\/a>i, du tr\u00e8s beau blog de de Sarah <a href=\"http:\/\/mynewroots.blogspot.it\">My new roots<\/a>.<\/p>\n<p>**cc: cuill\u00e8re \u00e0 caf\u00e9<\/p>\n<p>***CS: Cuill\u00e8re \u00e0 Soupe[\/vc_column_text][\/vc_column][\/vc_row][vc_row][vc_column][vc_single_image image=\u00a0\u00bb11028&Prime; alignment=\u00a0\u00bbcenter\u00a0\u00bb][vc_column_text]<\/p>\n<h3>Encore un petit creux<\/h3>\n<p>[\/vc_column_text][vc_basic_grid post_type=\u00a0\u00bbpost\u00a0\u00bb max_items=\u00a0\u00bb6&Prime; element_width=\u00a0\u00bb2&Prime; gap=\u00a0\u00bb0&Prime; orderby=\u00a0\u00bbrand\u00a0\u00bb item=\u00a0\u00bbbasicGrid_VerticalFlip\u00a0\u00bb grid_id=\u00a0\u00bbvc_gid:1568189892973-f6f4f117-8886-0&Prime; taxonomies=\u00a0\u00bb259&Prime;][\/vc_column][\/vc_row]<\/p>","protected":false},"excerpt":{"rendered":"<p>Une salade ti\u00e8de, c\u2019est le d\u00eener id\u00e9al en automne quand on a envie d\u2019une petite salade mais que notre corps r\u00e9clame quelque chose de chaud ou ti\u00e8de.<br \/>\nL\u2019association d\u2019orge et de fenouil en fait une salade rassasiante sans \u00eatre lourde, elle est id\u00e9ale pour un d\u00eener l\u00e9ger.<\/p>\n","protected":false},"author":2,"featured_media":8834,"comment_status":"open","ping_status":"closed","sticky":false,"template":"","format":"standard","meta":[],"categories":[340,259,1,270],"tags":[],"jetpack_featured_media_url":"https:\/\/comeconmigo.net\/wp-content\/uploads\/2017\/03\/ob_6f360c_hinojo-marinado-con-cebada-4-copia.jpg","_links":{"self":[{"href":"https:\/\/comeconmigo.net\/fr\/wp-json\/wp\/v2\/posts\/699"}],"collection":[{"href":"https:\/\/comeconmigo.net\/fr\/wp-json\/wp\/v2\/posts"}],"about":[{"href":"https:\/\/comeconmigo.net\/fr\/wp-json\/wp\/v2\/types\/post"}],"author":[{"embeddable":true,"href":"https:\/\/comeconmigo.net\/fr\/wp-json\/wp\/v2\/users\/2"}],"replies":[{"embeddable":true,"href":"https:\/\/comeconmigo.net\/fr\/wp-json\/wp\/v2\/comments?post=699"}],"version-history":[{"count":0,"href":"https:\/\/comeconmigo.net\/fr\/wp-json\/wp\/v2\/posts\/699\/revisions"}],"wp:featuredmedia":[{"embeddable":true,"href":"https:\/\/comeconmigo.net\/fr\/wp-json\/wp\/v2\/media\/8834"}],"wp:attachment":[{"href":"https:\/\/comeconmigo.net\/fr\/wp-json\/wp\/v2\/media?parent=699"}],"wp:term":[{"taxonomy":"category","embeddable":true,"href":"https:\/\/comeconmigo.net\/fr\/wp-json\/wp\/v2\/categories?post=699"},{"taxonomy":"post_tag","embeddable":true,"href":"https:\/\/comeconmigo.net\/fr\/wp-json\/wp\/v2\/tags?post=699"}],"curies":[{"name":"wp","href":"https:\/\/api.w.org\/{rel}","templated":true}]}}