{"id":692,"date":"2015-10-14T08:44:06","date_gmt":"2015-10-14T07:44:06","guid":{"rendered":"http:\/\/comeconmigo.net\/2015\/10\/14\/una-mermelada-que-siempre-me-sabe-a-otono-mermelada-de-manzana-y-frutos-secos\/"},"modified":"2019-10-15T16:44:09","modified_gmt":"2019-10-15T15:44:09","slug":"mermelada-de-manzana-y-frutos-secos","status":"publish","type":"post","link":"https:\/\/comeconmigo.net\/fr\/mermelada-de-manzana-y-frutos-secos\/","title":{"rendered":"CONFITURE DE POMMES AUX FRUITS SECS"},"content":{"rendered":"<p>[vc_row][vc_column][vc_column_text]<em>Cette recette a \u00e9t\u00e9 publi\u00e9e originellement sur Come Conmigo le 14\/10\/2015.<\/em>[\/vc_column_text][vc_separator style=\u00a0\u00bbdashed\u00a0\u00bb][vc_column_text]A la maison, il n\u2019y a pas de saison pour faire des confitures! Bien s\u00fbr que l\u2019\u00e9t\u00e9 <a href=\"https:\/\/comeconmigo.net\/portfolio\/el-caldero-para-mermeladas\/\">la bassine \u00e0 confitures<\/a> tourne \u00e0 plein r\u00e9gime, mais en automne aussi il y a de quoi s\u2019amuser\u00a0!<\/p>\n<p>Les pommes notamment sont d\u2019excellentes bases pour des confitures aux parfums d\u2019automne, comme c\u2019est le cas de celle-ci enrichie en fruits secs.<\/p>\n<p>Et vous, vous pr\u00e9parez des confitures aux fruits d\u2019automne\u00a0?[\/vc_column_text][vc_single_image image=\u00a0\u00bb24774&Prime; img_size=\u00a0\u00bb400&#215;600&Prime; alignment=\u00a0\u00bbcenter\u00a0\u00bb][\/vc_column][\/vc_row][vc_row][vc_column][vc_text_separator title=\u00a0\u00bbAujourd&rsquo;hui&#8230;\u00a0\u00bb color=\u00a0\u00bbblack\u00a0\u00bb]\n\t\t\t<section class=\"image-edge\">\n\t\t\t    <div class=\"col-md-6 col-sm-4 p0 col-md-push-6 col-sm-push-8\">\n\t\t\t        <img width=\"400\" height=\"268\" src=\"https:\/\/comeconmigo.net\/wp-content\/uploads\/2015\/10\/ob_5d8c52_mermelada-de-manzana-y-frutos-secos-9-1.jpg\" class=\"mb-xs-24\" alt=\"\" loading=\"lazy\" srcset=\"https:\/\/comeconmigo.net\/wp-content\/uploads\/2015\/10\/ob_5d8c52_mermelada-de-manzana-y-frutos-secos-9-1.jpg 400w, https:\/\/comeconmigo.net\/wp-content\/uploads\/2015\/10\/ob_5d8c52_mermelada-de-manzana-y-frutos-secos-9-1-300x201.jpg 300w\" sizes=\"(max-width: 400px) 100vw, 400px\" \/>\n\t\t\t    <\/div>\n\t\t\t    <div class=\"container\">\n\t\t\t        <div class=\"col-md-5 col-md-pull-0 col-sm-7 col-sm-pull-4 v-align-transform\">\n\t\t\t            [vc_column_text]<\/p>\n<h3>CONFITURE DE POMMES AUX FRUITS SECS<\/h3>\n<p>[\/vc_column_text]\n\t\t\t        <\/div>\n\t\t\t    <\/div>\n\t\t\t<\/section>\n\t\t[\/vc_column][\/vc_row][vc_row][vc_column width=\u00a0\u00bb1\/4&Prime; css=\u00a0\u00bb.vc_custom_1502280835828{background-color: #fff0dd !important;}\u00a0\u00bb][vc_column_text]<\/p>\n<h3 style=\"text-align: center;\">Pour 5\/6 pots<\/h3>\n<p style=\"text-align: center;\">1,5kg de pommes \u00e9pluch\u00e9es et \u00e9p\u00e9pin\u00e9es d\u00e9coup\u00e9es en petits b\u00e2tonnets<\/p>\n<p style=\"text-align: center;\">750g de sucre \u00e0 confitures<\/p>\n<p style=\"text-align: center;\">15cl de Calvados<\/p>\n<p style=\"text-align: center;\">30g de pruneaux<\/p>\n<p style=\"text-align: center;\">30g d\u2019abricots secs<\/p>\n<p style=\"text-align: center;\">30g de raisins secs<\/p>\n<p style=\"text-align: center;\">300ml d\u2019eau filtr\u00e9e bouillante<\/p>\n<p>[\/vc_column_text][\/vc_column][vc_column width=\u00a0\u00bb3\/4&Prime; css=\u00a0\u00bb.vc_custom_1502280820239{padding-top: 10px !important;padding-right: 10px !important;padding-bottom: 10px !important;padding-left: 10px !important;}\u00a0\u00bb][vc_column_text]<\/p>\n<p style=\"text-align: center;\">M\u00e9langer les pommes pr\u00e9par\u00e9es avec le sucre \u00e0 confiture et m\u00e9langer jusqu\u2019\u00e0 la formation d\u2019un sirop autour des fruits.<\/p>\n<p style=\"text-align: center;\">D\u00e8s que les pommes sont bien enrob\u00e9es, verser dans <a href=\"https:\/\/comeconmigo.net\/portfolio\/el-caldero-para-mermeladas\/\">la bassine \u00e0 confitures<\/a> les 300 ml d\u2019eau bouillante et les pommes mac\u00e9r\u00e9es.<\/p>\n<p style=\"text-align: center;\">Chauffer \u00e0 feu vif et amener \u00e0 \u00e9bullition.<\/p>\n<p style=\"text-align: center;\">M\u00e9langer r\u00e9guli\u00e8rement pour que la confiture ne br\u00fble pas.<\/p>\n<p style=\"text-align: center;\">Laisser cuire environ 10 minutes on v\u00e9rifie la cuisson avec le test de la petite assiette*.<\/p>\n<p style=\"text-align: center;\">Quand notre confiture a la bonne texture, ajouter les fruits secs et le Calvados et donner un bouillon.<\/p>\n<p style=\"text-align: center;\">Ecumer (moi j\u2019utilise le truc du petit bout de beurre**). D\u00e8s que le beurre et l\u2019\u00e9cume ont disparu, mettre en pot la confiture bouillante. Visser les pots \u00e9bouillant\u00e9s et les r\u00e9server la t\u00eate en bas.<\/p>\n<p style=\"text-align: center;\">Au bout de 48h on peut les st\u00e9riliser*** si on pr\u00e9voit de les garder longtemps. Par s\u00e9curit\u00e9, on les st\u00e9rilise toujours comme \u00e7a on peut varier les plaisirs chaque ann\u00e9e et avoir un large panel de go\u00fbts disponibles.<\/p>\n<p>[\/vc_column_text][vc_column_text]<\/p>\n<p style=\"text-align: center;\"><i>Bon profit!<\/i><\/p>\n<p><em>Quelques petits details qui comptent\u2026<\/em><\/p>\n<p>* Le\u00a0<em>\u00ab\u00a0test de la petite assiette\u00a0\u00bb<\/em>\u00a0de ma grand-m\u00e8re<\/p>\n<p>Je n\u2019ai aucun doute sur le fait que ce n\u2019est pas la seule \u00e0 utiliser cette m\u00e9thode ou que vous en avez d\u2019autres. Quand on d\u00e9marre la cuisson de la confiture, on glisse au cong\u00e9lateur une petite assiette (question d\u2019espace disponible dans ledit cong\u00e9lateur j\u2019imagine). Quand la confiture commence \u00e0 \u00e9paissir, g\u00e9n\u00e9ralement quand elle commence \u00e0 redescendre en volume, on verse une cuill\u00e8re ou deux de confiture sur la petite assiette froide. Si les gouttes se figent, c\u2019est que la confiture est pr\u00eate. Sinon il faut prolonger de quelques minutes la cuisson.<\/p>\n<p>Par contre, \u00e0 la maison on accepte le fait que tous les fruits ne donnent pas la m\u00eame texture: une confiture de fraises sera toujours plus liquide qu\u2019une \u00e0 l\u2019orange ou \u00e0 la banane.<\/p>\n<p>** La m\u00e9thode dite du petit bout de beurre: c\u2019est aussi simple que de jeter dans notre confiture prise un morceau de beurre (une noix selon la taille de ladite bassine), de bien m\u00e9langer et de renouveler s\u2019il reste encore un peu de mousse, On laisse rebouillir 1 minute et c\u2019est parti pour la mise en pots! Cela ne pose aucun souci sur le temps de conservation, on ne sent pas le go\u00fbt du beurre dans la confiture et \u00e7a permet de ne pas g\u00e2cher un gramme de pr\u00e9paration contrairement \u00e0 la m\u00e9thode avec une \u00e9cumoire.<\/p>\n<p>***\u00a0<em>Comment st\u00e9riliser une confiture maison<\/em><\/p>\n<p>Toutes les \u00e9tapes du processus en d\u00e9tail\u00a0<a href=\"https:\/\/comeconmigo.net\/fr\/portfolio\/la-bassine-a-confitures\/\">ici<\/a>.<\/p>\n<p>La m\u00e9thode de la cocotte minute est id\u00e9ale car elle permet de conserver pendant plusieurs ann\u00e9es (plus de 7 ans au vu d\u2019une confiture retrouv\u00e9e au fond de la cave apr\u00e8s un d\u00e9m\u00e9nagement!) tout en r\u00e9duisant la quantit\u00e9 de sucre par rapport \u00e0 la norme.<\/p>\n<p>Une fois notre confiture mise en pots, on retourne les pots, couvercle en bas et on laisse refroidir 48\/72h pour que la confiture soit totalement froide. Puis on sort notre cocotte minute et on recouvre le fond avec un torchon pli\u00e9 pour prot\u00e9ger le bas des pots et \u00e9viter les chocs des pots en verre. On emballe chaque pot de confiture dans un torchon pli\u00e9. On installe nos pots bien serr\u00e9s dans la cocotte minute, attention ils doivent \u00eatre bien cal\u00e9s pour ne pas s\u2019entrechoquer pendant le processus. On recouvre d\u2019eau (1 voire 2 centim\u00e8tres au-dessus des couvercles), on ferme notre cocotte minute et quand la soupape siffle, on laisse tourner 5 minutes en pression max si on en dispose.<\/p>\n<p>On laisse les pots refroidir dans la cocotte sans acc\u00e9l\u00e9rer la sortie de la pression (plusieurs heures), on essuie les pots et on les laisse reposer t\u00eate en bas jusqu\u2019\u00e0 ce qu\u2019ils soient froids \u00e0 coeur. On peut maintenant les \u00e9tiqueter pour en profiter toute l\u2019ann\u00e9e\u2026[\/vc_column_text][\/vc_column][\/vc_row][vc_row][vc_column][vc_single_image image=\u00a0\u00bb11028&Prime; alignment=\u00a0\u00bbcenter\u00a0\u00bb][vc_column_text]<\/p>\n<h3>Encore un petit creux<\/h3>\n<p>[\/vc_column_text][vc_basic_grid post_type=\u00a0\u00bbpost\u00a0\u00bb max_items=\u00a0\u00bb6&Prime; element_width=\u00a0\u00bb2&Prime; gap=\u00a0\u00bb0&Prime; orderby=\u00a0\u00bbrand\u00a0\u00bb item=\u00a0\u00bbbasicGrid_VerticalFlip\u00a0\u00bb grid_id=\u00a0\u00bbvc_gid:1571150868874-17c2248e-d68e-0&Prime; taxonomies=\u00a0\u00bb278&Prime;][\/vc_column][\/vc_row]<\/p>","protected":false},"excerpt":{"rendered":"<p>Les pommes notamment sont d\u2019excellentes bases pour des confitures aux parfums d\u2019automne, comme c\u2019est le cas de celle-ci enrichie en fruits secs.<\/p>\n","protected":false},"author":2,"featured_media":8867,"comment_status":"open","ping_status":"closed","sticky":false,"template":"","format":"standard","meta":[],"categories":[1,497,278],"tags":[],"jetpack_featured_media_url":"https:\/\/comeconmigo.net\/wp-content\/uploads\/2017\/03\/ob_2094c5_mermelada-de-manzana-y-frutos-secos-2.jpg","_links":{"self":[{"href":"https:\/\/comeconmigo.net\/fr\/wp-json\/wp\/v2\/posts\/692"}],"collection":[{"href":"https:\/\/comeconmigo.net\/fr\/wp-json\/wp\/v2\/posts"}],"about":[{"href":"https:\/\/comeconmigo.net\/fr\/wp-json\/wp\/v2\/types\/post"}],"author":[{"embeddable":true,"href":"https:\/\/comeconmigo.net\/fr\/wp-json\/wp\/v2\/users\/2"}],"replies":[{"embeddable":true,"href":"https:\/\/comeconmigo.net\/fr\/wp-json\/wp\/v2\/comments?post=692"}],"version-history":[{"count":0,"href":"https:\/\/comeconmigo.net\/fr\/wp-json\/wp\/v2\/posts\/692\/revisions"}],"wp:featuredmedia":[{"embeddable":true,"href":"https:\/\/comeconmigo.net\/fr\/wp-json\/wp\/v2\/media\/8867"}],"wp:attachment":[{"href":"https:\/\/comeconmigo.net\/fr\/wp-json\/wp\/v2\/media?parent=692"}],"wp:term":[{"taxonomy":"category","embeddable":true,"href":"https:\/\/comeconmigo.net\/fr\/wp-json\/wp\/v2\/categories?post=692"},{"taxonomy":"post_tag","embeddable":true,"href":"https:\/\/comeconmigo.net\/fr\/wp-json\/wp\/v2\/tags?post=692"}],"curies":[{"name":"wp","href":"https:\/\/api.w.org\/{rel}","templated":true}]}}