{"id":671,"date":"2015-11-30T08:52:03","date_gmt":"2015-11-30T07:52:03","guid":{"rendered":"http:\/\/comeconmigo.net\/2015\/11\/30\/en-nuestro-top3-de-los-desayunos-caseros-granola-miel-almendras-y-nueces\/"},"modified":"2020-07-01T11:27:34","modified_gmt":"2020-07-01T10:27:34","slug":"granola-miel-almendras-y-nueces","status":"publish","type":"post","link":"https:\/\/comeconmigo.net\/fr\/granola-miel-almendras-y-nueces\/","title":{"rendered":"GRANOLA MIEL, AMANDES &#038; NOIX"},"content":{"rendered":"<p>[vc_row][vc_column][vc_column_text]<em>Cette recette a \u00e9t\u00e9 publi\u00e9e originellement sur Come Conmigo le 30\/11\/2015.<\/em>[\/vc_column_text][vc_separator style=\u00a0\u00bbdashed\u00a0\u00bb][vc_column_text]Pour les f\u00eates, nous avons l\u2019habitude d\u2019offrir autour de nous <a href=\"https:\/\/comeconmigo.net\/fr\/category\/paniers-gourmands-maison\/\">des paniers gourmands<\/a> \u00e0 nos connaissances. Du coup, aujourd\u2019hui je vous propose une recette de granola maison qui mise sur l\u2019association que nous pr\u00e9f\u00e9rons pour d\u00e9marrer la journ\u00e9e du bon pied\u00a0! Des noix et des amandes, des flocons d\u2019avoine, une petite touche de miel pour la douceur et la gourmandise, une pointe de cannelle pour parfumer et le tour est jou\u00e9.<\/p>\n<p>Et vous, aimez-vous pr\u00e9parer des <a href=\"https:\/\/comeconmigo.net\/fr\/category\/paniers-gourmands-maison\/\">petits cadeaux gourmands \u00e0 offrir pour les f\u00eates<\/a>\u00a0? Si c\u2019est le cas, vous trouverez<a href=\"https:\/\/comeconmigo.net\/fr\/category\/cestas-dulces\"> ici plein d\u2019id\u00e9es sucr\u00e9es<\/a> mais aussi des <a href=\"https:\/\/comeconmigo.net\/fr\/category\/cestas-saladas\">recettes sal\u00e9es parfaites pour l\u2019occasion<\/a>.<\/p>\n<p>Et <a href=\"https:\/\/comeconmigo.net\/fr\/category\/granola\/\">toutes nos recettes de granola sont ici<\/a>, autant pour offrir que pour vos petits d\u00e9jeuners gourmands.[\/vc_column_text][vc_single_image image=\u00a0\u00bb25147&Prime; img_size=\u00a0\u00bb400&#215;600&Prime; alignment=\u00a0\u00bbcenter\u00a0\u00bb][\/vc_column][\/vc_row][vc_row][vc_column][vc_text_separator title=\u00a0\u00bbAujourd&rsquo;hui&#8230;\u00a0\u00bb color=\u00a0\u00bbblack\u00a0\u00bb]\n\t\t\t<section class=\"image-edge\">\n\t\t\t    <div class=\"col-md-6 col-sm-4 p0 col-md-push-6 col-sm-push-8\">\n\t\t\t        <img width=\"567\" height=\"390\" src=\"https:\/\/comeconmigo.net\/wp-content\/uploads\/2015\/11\/ob_69fe59_granola-de-miel-almendras-y-nueces-6-1.jpg\" class=\"mb-xs-24\" alt=\"\" loading=\"lazy\" srcset=\"https:\/\/comeconmigo.net\/wp-content\/uploads\/2015\/11\/ob_69fe59_granola-de-miel-almendras-y-nueces-6-1.jpg 567w, https:\/\/comeconmigo.net\/wp-content\/uploads\/2015\/11\/ob_69fe59_granola-de-miel-almendras-y-nueces-6-1-300x206.jpg 300w\" sizes=\"(max-width: 567px) 100vw, 567px\" \/>\n\t\t\t    <\/div>\n\t\t\t    <div class=\"container\">\n\t\t\t        <div class=\"col-md-5 col-md-pull-0 col-sm-7 col-sm-pull-4 v-align-transform\">\n\t\t\t            [vc_column_text]<\/p>\n<h3>GRANOLA MIEL, AMANDES &amp; NOIX<\/h3>\n<p>[\/vc_column_text]\n\t\t\t        <\/div>\n\t\t\t    <\/div>\n\t\t\t<\/section>\n\t\t[\/vc_column][\/vc_row][vc_row][vc_column width=\u00a0\u00bb1\/4&Prime; css=\u00a0\u00bb.vc_custom_1502280835828{background-color: #fff0dd !important;}\u00a0\u00bb][vc_column_text]<\/p>\n<h3 style=\"text-align: center;\">Pour une belle quantit\u00e9<\/h3>\n<p style=\"text-align: center;\">150g de petits flocons d\u2019avoine<\/p>\n<p style=\"text-align: center;\">100g de gros flocons d\u2019avoine<\/p>\n<p style=\"text-align: center;\">100g de corn flakes<\/p>\n<p style=\"text-align: center;\">100g de noix grossi\u00e8rement concass\u00e9es<\/p>\n<p style=\"text-align: center;\">100g d\u2019amandes grossi\u00e8rement concass\u00e9es<\/p>\n<p style=\"text-align: center;\">1cc* de sel fin<\/p>\n<p style=\"text-align: center;\">1cc* de cannelle<\/p>\n<p style=\"text-align: center;\">150g de raisins secs<\/p>\n<p style=\"text-align: center;\">2CS** d\u2019huile d\u2019olive<\/p>\n<p style=\"text-align: center;\">200g de miel<\/p>\n<p>[\/vc_column_text][\/vc_column][vc_column width=\u00a0\u00bb3\/4&Prime; css=\u00a0\u00bb.vc_custom_1502280820239{padding-top: 10px !important;padding-right: 10px !important;padding-bottom: 10px !important;padding-left: 10px !important;}\u00a0\u00bb][vc_column_text]<\/p>\n<p style=\"text-align: center;\">Pr\u00e9chauffer le four \u00e0 150\u00ba et recouvrir de papier cuisson une grande plaque.<\/p>\n<p style=\"text-align: center;\">A feu doux, m\u00e9langer le miel et l\u2019huile jusqu\u2019\u00e0 obtenir une pr\u00e9paration bien liquide. Fouetter et laisser ti\u00e9dir.<\/p>\n<p style=\"text-align: center;\">Dans un grand saladier, m\u00e9langer les 2 sortes de flocons d\u2019avoine, les corn flakes, les noix et les amandes, le sel et la cannelle.<\/p>\n<p style=\"text-align: center;\">Verser le m\u00e9lange liquide sur les c\u00e9r\u00e9ales en m\u00e9langeant en m\u00eame temps soigneusement afin de tout bien enrober avec le m\u00e9lange. N\u2019h\u00e9sitez pas \u00e0 faire avec les mains pour que tout soit bien m\u00e9lang\u00e9.<\/p>\n<p style=\"text-align: center;\">Etaler sur la plaque en couche r\u00e9guli\u00e8re et enfourner pour 40\/45 minutes, en m\u00e9langeant toutes les 5\/6 minutes et en surveillant au bout de 30 minutes\u00a0 car le m\u00e9lange peut passer de pas assez dor\u00e9 \u00e0 br\u00fbl\u00e9 en un clin d\u2019\u0153il.<\/p>\n<p style=\"text-align: center;\">Laisser refroidir compl\u00e8tement le granola hors du four et rajouter les raisins secs. Bien m\u00e9langer et conserver dans un grand bocal herm\u00e9tique pour que le granola reste bien croustillant.<\/p>\n<p style=\"text-align: center;\">Il se conserve ainsi plusieurs semaines sans soucis, mais si par hasard le m\u00e9lange prenait l\u2019humidit\u00e9 et ramollissait, il suffirait de le remettre \u00e0 four doux (130\u00ba) quelques minutes pour qu\u2019il retrouve tout son croustillant.<\/p>\n<p>[\/vc_column_text][vc_column_text]<\/p>\n<p style=\"text-align: center;\"><i>Bon profit!<\/i><\/p>\n<p><em>Quelques petits details qui comptent\u2026<\/em><\/p>\n<p>*cc: cuill\u00e8re \u00e0 caf\u00e9<\/p>\n<p>** CS: Cuill\u00e8re \u00e0 Soupe[\/vc_column_text][\/vc_column][\/vc_row][vc_row][vc_column][vc_single_image image=\u00a0\u00bb11028&Prime; alignment=\u00a0\u00bbcenter\u00a0\u00bb][vc_column_text]<\/p>\n<h3>Encore un petit creux<\/h3>\n<p>[\/vc_column_text][vc_basic_grid post_type=\u00a0\u00bbpost\u00a0\u00bb max_items=\u00a0\u00bb6&Prime; element_width=\u00a0\u00bb2&Prime; gap=\u00a0\u00bb0&Prime; orderby=\u00a0\u00bbrand\u00a0\u00bb item=\u00a0\u00bbbasicGrid_VerticalFlip\u00a0\u00bb grid_id=\u00a0\u00bbvc_gid:1574169271158-2e7f620b-6da7-7&Prime; taxonomies=\u00a0\u00bb247&Prime;][\/vc_column][\/vc_row]<\/p>","protected":false},"excerpt":{"rendered":"<p>Un grand classique de nos petits d\u00e9jeuners.<\/p>\n","protected":false},"author":2,"featured_media":8879,"comment_status":"open","ping_status":"closed","sticky":false,"template":"","format":"standard","meta":[],"categories":[457,341,1,473,509,456],"tags":[],"jetpack_featured_media_url":"https:\/\/comeconmigo.net\/wp-content\/uploads\/2017\/03\/ob_4a4c2b_granola-de-miel-almendras-y-nueces-4.jpg","_links":{"self":[{"href":"https:\/\/comeconmigo.net\/fr\/wp-json\/wp\/v2\/posts\/671"}],"collection":[{"href":"https:\/\/comeconmigo.net\/fr\/wp-json\/wp\/v2\/posts"}],"about":[{"href":"https:\/\/comeconmigo.net\/fr\/wp-json\/wp\/v2\/types\/post"}],"author":[{"embeddable":true,"href":"https:\/\/comeconmigo.net\/fr\/wp-json\/wp\/v2\/users\/2"}],"replies":[{"embeddable":true,"href":"https:\/\/comeconmigo.net\/fr\/wp-json\/wp\/v2\/comments?post=671"}],"version-history":[{"count":0,"href":"https:\/\/comeconmigo.net\/fr\/wp-json\/wp\/v2\/posts\/671\/revisions"}],"wp:featuredmedia":[{"embeddable":true,"href":"https:\/\/comeconmigo.net\/fr\/wp-json\/wp\/v2\/media\/8879"}],"wp:attachment":[{"href":"https:\/\/comeconmigo.net\/fr\/wp-json\/wp\/v2\/media?parent=671"}],"wp:term":[{"taxonomy":"category","embeddable":true,"href":"https:\/\/comeconmigo.net\/fr\/wp-json\/wp\/v2\/categories?post=671"},{"taxonomy":"post_tag","embeddable":true,"href":"https:\/\/comeconmigo.net\/fr\/wp-json\/wp\/v2\/tags?post=671"}],"curies":[{"name":"wp","href":"https:\/\/api.w.org\/{rel}","templated":true}]}}