{"id":453,"date":"2009-11-06T10:00:00","date_gmt":"2009-11-06T09:00:00","guid":{"rendered":"http:\/\/comeconmigo.net\/2009\/11\/06\/aprovechando-la-pasta-filo-3-flores-crujientes-de-manzana-y-ciruela\/"},"modified":"2020-02-06T17:17:58","modified_gmt":"2020-02-06T16:17:58","slug":"aprovechando-la-pasta-filo-3-flores-crujientes-de-manzana-y-ciruela","status":"publish","type":"post","link":"https:\/\/comeconmigo.net\/fr\/aprovechando-la-pasta-filo-3-flores-crujientes-de-manzana-y-ciruela\/","title":{"rendered":"FLEURS CROUSTILLANTES POMMES &#038; PRUNEAUX"},"content":{"rendered":"<p>[vc_row][vc_column][vc_column_text]<em>Cette recette a \u00e9t\u00e9 publi\u00e9e originellement sur Come Conmigo le 06\/11\/2009.<\/em>[\/vc_column_text][vc_separator style=\u00a0\u00bbdashed\u00a0\u00bb][vc_column_text]Un dessert tr\u00e8s simple et l\u00e9ger, voici le programme du jour\u00a0! Des feuilles de p\u00e2te filo farcies de pomme caram\u00e9lis\u00e9e et de pruneaux et pli\u00e9es en forme de corolle avant d\u2019\u00eatre enfourn\u00e9es, le tout pour un dessert d\u00e9licieux et l\u00e9ger.<\/p>\n<p>Et vous, utilisez-vous de la p\u00e2te filo dans vos desserts\u00a0? Si vous aimez la p\u00e2te filo, allez jeter un coup d\u2019\u0153il aux <a href=\"https:\/\/comeconmigo.net\/?p=462\">nems choco banane<\/a> et aux <a href=\"https:\/\/comeconmigo.net\/?p=461\">croustillants saumon poireau<\/a>.[\/vc_column_text][vc_single_image image=\u00a0\u00bb26143&Prime; img_size=\u00a0\u00bb400X600&Prime; alignment=\u00a0\u00bbcenter\u00a0\u00bb][\/vc_column][\/vc_row][vc_row][vc_column][vc_text_separator title=\u00a0\u00bbAujourd&rsquo;hui&#8230;\u00a0\u00bb color=\u00a0\u00bbblack\u00a0\u00bb]\n\t\t\t<section class=\"image-edge\">\n\t\t\t    <div class=\"col-md-6 col-sm-4 p0 col-md-push-6 col-sm-push-8\">\n\t\t\t        <img width=\"299\" height=\"200\" src=\"https:\/\/comeconmigo.net\/wp-content\/uploads\/2009\/11\/Copie-de-Croustade-pommes-et-pruneaux-1.jpg\" class=\"mb-xs-24\" alt=\"\" loading=\"lazy\" \/>\n\t\t\t    <\/div>\n\t\t\t    <div class=\"container\">\n\t\t\t        <div class=\"col-md-5 col-md-pull-0 col-sm-7 col-sm-pull-4 v-align-transform\">\n\t\t\t            [vc_column_text]<\/p>\n<h3>FLEURS CROUSTILLANTES POMMES &amp; PRUNEAUX<\/h3>\n<p>[\/vc_column_text]\n\t\t\t        <\/div>\n\t\t\t    <\/div>\n\t\t\t<\/section>\n\t\t[\/vc_column][\/vc_row][vc_row][vc_column width=\u00a0\u00bb1\/4&Prime; css=\u00a0\u00bb.vc_custom_1502280835828{background-color: #fff0dd !important;}\u00a0\u00bb][vc_column_text]<\/p>\n<h3 style=\"text-align: center;\">Pour 4 personnes<\/h3>\n<p style=\"text-align: center;\">4 feuilles de p\u00e2te filo<\/p>\n<p style=\"text-align: center;\">2 ou 3 pommes selon leur taille<\/p>\n<p style=\"text-align: center;\">8 pruneaux d\u00e9noyaut\u00e9s<\/p>\n<p style=\"text-align: center;\">Cannelle en poudre<\/p>\n<p style=\"text-align: center;\">\u00bd+ \u00bd cc* d\u2019huile neutre<\/p>\n<p style=\"text-align: center;\">1 CS** d\u2019eau ou de jus de fruits<\/p>\n<p>[\/vc_column_text][\/vc_column][vc_column width=\u00a0\u00bb3\/4&Prime; css=\u00a0\u00bb.vc_custom_1502280820239{padding-top: 10px !important;padding-right: 10px !important;padding-bottom: 10px !important;padding-left: 10px !important;}\u00a0\u00bb][vc_column_text]<\/p>\n<p style=\"text-align: center;\">Peler les pommes et les d\u00e9couper en petits d\u00e9s.<\/p>\n<p style=\"text-align: center;\">Les faire sauter dans \u00bd cc* d\u2019huile dans une po\u00eale chaude jusqu\u2019\u00e0 ce qu\u2019elles dorent l\u00e9g\u00e8rement en rajoutant si besoin un peu d\u2019eau. Quand elles sont pr\u00eates, laisser refroidir.<\/p>\n<p style=\"text-align: center;\">Couper les pruneaux en petits morceaux et les rajouter aux pommes. Ajouter un peu de cannelle***.<\/p>\n<p style=\"text-align: center;\">Pr\u00e9chauffer le four \u00e0 200\u00ba, chaleur tournante.<\/p>\n<p style=\"text-align: center;\">Couper les feuilles de p\u00e2te filo en 2.<\/p>\n<p style=\"text-align: center;\">Placer dans un moule \u00e0 tartelette d\u2019environ 10cm de diam\u00e8tre 2 demi-feuilles de p\u00e2te filo en croix, elles doivent bien couvrir tout le fond du moule si on ne veut pas avoir de fuites de farce\u00a0!<\/p>\n<p style=\"text-align: center;\">Mettre au centre 1\/ 4 de la pr\u00e9paration aux pommes et replier les feuilles de p\u00e2te filo en forme de corolle. Maintenir avec de la ficelle de cuisine.<\/p>\n<p style=\"text-align: center;\">D\u00e9poser sur une plaque de cuisson et refaire de m\u00eame pour les 3 autres fleurs.<\/p>\n<p style=\"text-align: center;\">Emulsionner \u00bd cc* d\u2019huile et le jus de fruits et peindre avec un pinceau les fleurs en p\u00e2te filo.<\/p>\n<p style=\"text-align: center;\">Enfourner pour 20\/25 minutes, les fleurs doivent \u00eatre bien dor\u00e9es et croustillantes.<\/p>\n<p style=\"text-align: center;\">D\u00e9couper la ficelle et servir chaud, avec, pourquoi pas, une boule de glace vanille.<\/p>\n<p>[\/vc_column_text][vc_column_text]<\/p>\n<p style=\"text-align: center;\"><i>Bon profit!<\/i><\/p>\n<p><em>Quelques petits details qui comptent\u2026<\/em><\/p>\n<p>* \u00bd cc: une demi cuill\u00e8re \u00e0 caf\u00e9<\/p>\n<p>** CS: Cuill\u00e8re \u00e0 Soupe<\/p>\n<p>*** Je n\u2019aime pas les desserts tr\u00e8s sucr\u00e9s, du coup quand les pommes sont bien sucr\u00e9es je n\u2019y ajoute pas de sucre. Si vous \u00eates bec sucr\u00e9, ajuster le niveau de sucr\u00e9 \u00e0 votre go\u00fbt au m\u00eame moment que l\u2019ajout de cannelle.[\/vc_column_text][\/vc_column][\/vc_row][vc_row][vc_column][vc_single_image image=\u00a0\u00bb11028&Prime; alignment=\u00a0\u00bbcenter\u00a0\u00bb][vc_column_text]<\/p>\n<h3>Encore un petit creux<\/h3>\n<p>[\/vc_column_text][vc_basic_grid post_type=\u00a0\u00bbpost\u00a0\u00bb max_items=\u00a0\u00bb6&Prime; element_width=\u00a0\u00bb2&Prime; gap=\u00a0\u00bb0&Prime; orderby=\u00a0\u00bbrand\u00a0\u00bb item=\u00a0\u00bbbasicGrid_VerticalFlip\u00a0\u00bb grid_id=\u00a0\u00bbvc_gid:1581005811804-0a01523e-98ff-1&Prime; taxonomies=\u00a0\u00bb319&Prime;][\/vc_column][\/vc_row]<\/p>","protected":false},"excerpt":{"rendered":"<p>Des feuilles de p\u00e2te filo farcies de pomme caram\u00e9lis\u00e9e et de pruneaux et pli\u00e9es en forme de corolle avant d\u2019\u00eatre enfourn\u00e9es, le tout pour un dessert d\u00e9licieux et l\u00e9ger.<\/p>\n","protected":false},"author":2,"featured_media":9342,"comment_status":"open","ping_status":"closed","sticky":false,"template":"","format":"standard","meta":[],"categories":[331,1,497,371],"tags":[],"jetpack_featured_media_url":"https:\/\/comeconmigo.net\/wp-content\/uploads\/2017\/03\/Copie-de-Croustade-pommes-et-pruneaux-6-.jpg","_links":{"self":[{"href":"https:\/\/comeconmigo.net\/fr\/wp-json\/wp\/v2\/posts\/453"}],"collection":[{"href":"https:\/\/comeconmigo.net\/fr\/wp-json\/wp\/v2\/posts"}],"about":[{"href":"https:\/\/comeconmigo.net\/fr\/wp-json\/wp\/v2\/types\/post"}],"author":[{"embeddable":true,"href":"https:\/\/comeconmigo.net\/fr\/wp-json\/wp\/v2\/users\/2"}],"replies":[{"embeddable":true,"href":"https:\/\/comeconmigo.net\/fr\/wp-json\/wp\/v2\/comments?post=453"}],"version-history":[{"count":0,"href":"https:\/\/comeconmigo.net\/fr\/wp-json\/wp\/v2\/posts\/453\/revisions"}],"wp:featuredmedia":[{"embeddable":true,"href":"https:\/\/comeconmigo.net\/fr\/wp-json\/wp\/v2\/media\/9342"}],"wp:attachment":[{"href":"https:\/\/comeconmigo.net\/fr\/wp-json\/wp\/v2\/media?parent=453"}],"wp:term":[{"taxonomy":"category","embeddable":true,"href":"https:\/\/comeconmigo.net\/fr\/wp-json\/wp\/v2\/categories?post=453"},{"taxonomy":"post_tag","embeddable":true,"href":"https:\/\/comeconmigo.net\/fr\/wp-json\/wp\/v2\/tags?post=453"}],"curies":[{"name":"wp","href":"https:\/\/api.w.org\/{rel}","templated":true}]}}