{"id":438,"date":"2009-11-30T07:55:00","date_gmt":"2009-11-30T06:55:00","guid":{"rendered":"http:\/\/comeconmigo.net\/2009\/11\/30\/ya-llego-mi-aig-2009\/"},"modified":"2020-06-15T15:14:23","modified_gmt":"2020-06-15T14:14:23","slug":"ya-llego-mi-aig-2009","status":"publish","type":"post","link":"https:\/\/comeconmigo.net\/fr\/ya-llego-mi-aig-2009\/","title":{"rendered":"\u00a1Ya lleg\u00f3 mi AIG 2009!"},"content":{"rendered":"<p>[vc_row][vc_column][vc_column_text]<\/p>\n<div class=\"ob-sections\">\n<div class=\"ob-section ob-section-html\"><img src=\"https:\/\/comeconmigo.net\/wp-content\/uploads\/2009\/11\/Mi-AIG-Crea.jpg\" alt=\"Mi AIG Cr\u00e9a\" class=\"CtreTexte\"><br \/>\n<span style=\"font-size: 12pt;\"><strong><span style=\"font-family: &quot;Trebuchet MS&quot;; font-weight: normal; mso-ansi-language: ES; mso-bidi-font-weight: bold;\" lang=\"ES\">Os habl\u00e9 hace unas cuantas semanas del AIG 2009 (Amigo Invisible Gastron\u00f3mico), un evento organizado por<\/span><\/strong> <span style=\"font-family: &quot;Trebuchet MS&quot;; mso-ansi-language: ES;\" lang=\"ES\">Ana de<\/span> <span style=\"font-family: &quot;Trebuchet MS&quot;;\"><a href=\"http:\/\/deliciasytentaciones.blogspot.com\/\"><span style=\"mso-ansi-language: ES;\" lang=\"ES\"><span style= \"color: #993366;\">Delicias y Tentaciones<\/span><\/span><\/a><\/span> <span style=\"font-family: &quot;Trebuchet MS&quot;; mso-ansi-language: ES;\" lang=\"ES\">y acompa\u00f1ado por el mon\u00edsimo logo dise\u00f1ado por Eva del blog<\/span> <span style=\"font-family: &quot;Trebuchet MS&quot;;\"><a href=\"http:\/\/bleublau.blogspot.com\/\"><span style=\"mso-ansi-language: ES;\" lang=\"ES\"><span style= \"color: #993366;\">Blau<\/span><\/span><\/a><\/span><span style=\"font-family: &quot;Trebuchet MS&quot;; mso-ansi-language: ES;\" lang=\"ES\">.<\/span><\/span><\/p>\n<p style=\"margin: 0cm 0cm 0pt;\"> <span style=\"font-family: &quot;Trebuchet MS&quot;; mso-ansi-language: ES;\" lang=\"ES\"><span style=\"font-size: 12pt;\">\u00a1Qu\u00e9 ilusi\u00f3n tuve cuando hace unos d\u00edas llamaron al timbre!<\/span><\/span><\/p>\n<p style=\"margin: 0cm 0cm 0pt;\"> <span style=\"font-family: &quot;Trebuchet MS&quot;; mso-ansi-language: ES;\" lang=\"ES\"><span style=\"font-size: 12pt;\"><br \/>\n<img src=\"https:\/\/comeconmigo.net\/wp-content\/uploads\/2009\/11\/Mi-AIG-2009-2-.jpg\" alt=\"Mi AIG 2009 (2)\" class=\"noAlign\"><\/p>\n<p>\u00a1Ya estaba aqu\u00ed el paquete de mi AIG 2009! Llegaba de Londres (!!!) y mi AIG era \u2026<\/span><\/span><\/p>\n<p style=\"margin: 0cm 0cm 0pt;\"> <span style=\"font-family: &quot;Trebuchet MS&quot;; mso-ansi-language: ES;\" lang=\"ES\"><span style=\"font-size: 12pt;\">&nbsp;<br \/>\n<\/span><\/span><\/p>\n<p style=\"margin: 0cm 0cm 0pt;\"> <b style=\"mso-bidi-font-weight: normal;\"><span style=\"font-family: &quot;Trebuchet MS&quot;; color: #993366; font-size: 16pt; mso-ansi-language: ES;\" lang=\"ES\">Joana<\/span><\/b><\/p>\n<p style=\"margin: 0cm 0cm 0pt;\"> <span style=\"font-family: &quot;Trebuchet MS&quot;; mso-ansi-language: ES;\" lang=\"ES\"><span style=\"font-size: 12pt;\"><br \/>\nde los blogs <a href=\"http:\/\/misrecetasbordadas.blogspot.com\/\"><span style=\"color: #993366;\">Mis recetas bordadas<\/span><\/a> (en castellano) y <a href= \"http:\/\/withaspoonofsugar.blogspot.com\/\"><span style=\"color: #993366;\">With a spoon of sugar<\/span><\/a> (en ingl\u00e9s). O sea que era yo la AIG de mi AIG&#8230;<\/span><\/span>&nbsp;<\/p>\n<p style=\"margin: 0cm 0cm 0pt;\"> <span style=\"font-family: &quot;Trebuchet MS&quot;; mso-ansi-language: ES;\" lang=\"ES\"><span style=\"font-size: 12pt;\"><br \/>\nAnte todo, le quiero dar las gracias a Joana por todos sus regalos. Me he quedado super ilusionada con todo, con mucho detalle y cari\u00f1o, con una carta preciosa.<\/span><\/span><\/p>\n<p style=\"margin: 0cm 0cm 0pt;\"> <span style=\"font-family: &quot;Trebuchet MS&quot;; mso-ansi-language: ES;\" lang=\"ES\"><span style=\"font-size: 12pt;\"><br \/>\n<img src=\"https:\/\/comeconmigo.net\/wp-content\/uploads\/2009\/11\/Mi-AIG-2009-9-.jpg\" alt=\"Mi AIG 2009 (9)\" class=\"noAlign\"><\/p>\n<p>Adem\u00e1s el paquete lleg\u00f3 en un momento perfecto. Os cuento: lleg\u00f3 el pasado lunes por la tarde, a eso de las 5. Y cosa que nunca nunca nunca pasa (es que esto de las coincidencias a veces\u2026), est\u00e1bamos en casa mi marido y yo. As\u00ed que como cr\u00edos abrimos el paquete, sacamos las fotos\u2026<\/span><\/span><\/p>\n<p style=\"margin: 0cm 0cm 0pt;\"> <span style=\"font-family: &quot;Trebuchet MS&quot;; mso-ansi-language: ES;\" lang=\"ES\"><span style=\"font-size: 12pt;\">&nbsp;<\/span><\/span><\/p>\n<p style=\"margin: 0cm 0cm 0pt;\"> <span style=\"font-family: &quot;Trebuchet MS&quot;; mso-ansi-language: ES;\" lang=\"ES\"><span style=\"font-size: 12pt;\">Primero abrir el paquete,<br \/>\n<\/span><\/span><span style= \"font-family: &quot;Trebuchet MS&quot;; mso-ansi-language: ES;\" lang=\"ES\"><span style=\"font-size: 12pt;\"><br \/>\n<img src=\"https:\/\/comeconmigo.net\/wp-content\/uploads\/2009\/11\/Mi-AIG-2009-18-.jpg\" alt=\"Mi AIG 2009 (18)\" class=\"GcheTexte\">Despu\u00e9s la cajita del coraz\u00f3n y su indecente contenido, jajaja<\/span><\/span><\/p>\n<p>&nbsp;<\/p>\n<p style=\"margin: 0cm 0cm 0pt;\"> <span style=\"font-family: &quot;Trebuchet MS&quot;; mso-ansi-language: ES;\" lang=\"ES\"><span style=\"font-size: 12pt;\">El paquetito Merry Christmas y la tarjeta tan inglesa con el t\u00e9 (Earl Grey, mi preferido)<\/span><\/span><\/p>\n<p><img src=\"https:\/\/comeconmigo.net\/wp-content\/uploads\/2009\/11\/Mi-AIG-2009-23-.jpg\" alt=\"Mi AIG 2009 (23)\" class=\"noAlign\"><span style= \"font-family: &quot;Trebuchet MS&quot;; mso-ansi-language: ES;\" lang=\"ES\"><span style=\"font-size: 12pt;\"><img src= \"http:\/\/img.over-blog.com\/300x239\/3\/25\/84\/74\/Trucos-y-cositas\/AIG-2009\/Mi-AIG-2009--19-.JPG\" alt=\"Mi AIG 2009 (19)\"><\/span><\/span><\/p>\n<p style=\"margin: 0cm 0cm 0pt;\"> <span style=\"font-family: &quot;Trebuchet MS&quot;; mso-ansi-language: ES;\" lang=\"ES\"><span style=\"font-size: 12pt;\">Y el paquete que ven\u00eda de Whitard, la referencia inglesa en lo que se refiere al t\u00e9, incre\u00edble y m\u00edtica para m\u00ed cada vez que voy en Inglaterra \u2026 a ver, a ver \u2026 \u00a1Una tetera perfecta para preparar mis litros diarios de t\u00e9 en casa! Y el tama\u00f1o pega perfectamente con lo que me sobraba de sitio en el armario de la cocina\u2026 \u00bfC\u00f3mo lo adivinaste Joana? \u00bfTendr\u00e1s alg\u00fan poder m\u00e1gico?<\/span><\/span><\/p>\n<p>&nbsp;<\/p>\n<p style=\"margin: 0cm 0cm 0pt;\"> <span style=\"font-family: &quot;Trebuchet MS&quot;; mso-ansi-language: ES;\" lang=\"ES\"><span style=\"font-size: 12pt;\"><img src= \"http:\/\/img.over-blog.com\/300x240\/3\/25\/84\/74\/Trucos-y-cositas\/AIG-2009\/Mi-AIG-2009--29-.JPG\" alt=\"Mi AIG 2009 (29)\" class=\"noAlign\"><\/p>\n<p>\u2026y preparamos la merienda como los ingleses, vaya con el t\u00e9, la tetera, los shortbreads\u2026 Un momento compartido, delicioso y perfecto. \u00a1Gracias tambi\u00e9n por este momento!<br \/>\n<\/span><\/span><\/p>\n<p><img src=\"https:\/\/comeconmigo.net\/wp-content\/uploads\/2009\/11\/Mi-AIG-2009-59-.jpg\" alt=\"Mi AIG 2009 (59)\" class=\"DrteTexte\"><\/p>\n<p style=\"margin: 0cm 0cm 0pt;\"> <span style=\"font-family: &quot;Trebuchet MS&quot;; mso-ansi-language: ES;\" lang=\"ES\"><span style=\"font-size: 12pt;\">Tambi\u00e9n le quer\u00eda dar otra vez las gracias a Ana por esta idea tan estupenda que seguro nos has dado a todos much\u00edsima ilusi\u00f3n antes de estas fiestas de fin de a\u00f1o.<\/span><\/span><\/p>\n<p style=\"margin: 0cm 0cm 0pt;\"> <span style=\"font-family: &quot;Trebuchet MS&quot;; mso-ansi-language: ES;\" lang=\"ES\"><span style=\"font-size: 12pt;\">&nbsp;<\/span><\/span><\/p>\n<p style=\"text-align: center;\"> <span style= \"font-family: &quot;Trebuchet MS&quot;; font-size: 12pt; mso-ansi-language: ES; mso-fareast-font-family: 'Times New Roman'; mso-bidi-font-family: 'Times New Roman'; mso-fareast-language: FR; mso-bidi-language: AR-SA;\" lang=\"ES\">Y <strong><span style=\"color: #993366;\"><span style=\"font-size: 18pt;\">\u00a1\u00a1\u00a1\u00a1\u00a1\u00a1\u00a1\u00a1\u00a1MUCH\u00cdSIMAS GRACIAS JOANA!!!!!!!!<\/span><\/span><\/strong><\/span><\/p>\n<p><img loading=\"lazy\" height=\"102\" width=\"100\" src=\"https:\/\/comeconmigo.net\/wp-content\/uploads\/2009\/11\/Assiettebis.png\" class=\"CtreTexte\"><\/div>\n<\/div>\n<p>[\/vc_column_text][\/vc_column][\/vc_row][vc_row][vc_column][vc_column_text]<\/p>\n<h3>Tal vez te apetezca tambi\u00e9n<\/h3>\n<p>[\/vc_column_text][vc_basic_grid post_type=\u00a0\u00bbpost\u00a0\u00bb max_items=\u00a0\u00bb6&Prime; element_width=\u00a0\u00bb2&Prime; gap=\u00a0\u00bb0&Prime; orderby=\u00a0\u00bbrand\u00a0\u00bb item=\u00a0\u00bbbasicGrid_VerticalFlip\u00a0\u00bb grid_id=\u00a0\u00bbvc_gid:1592230441846-b4588a2e-bd83-7&Prime; taxonomies=\u00a0\u00bb231&Prime;][\/vc_column][\/vc_row]<\/p>\n","protected":false},"excerpt":{"rendered":"<p>[vc_row][vc_column][vc_column_text] Os habl\u00e9 hace unas cuantas semanas del AIG 2009 (Amigo Invisible Gastron\u00f3mico), un evento organizado por Ana de Delicias y&#8230;<\/p>\n","protected":false},"author":2,"featured_media":9316,"comment_status":"open","ping_status":"closed","sticky":false,"template":"","format":"standard","meta":[],"categories":[231,1],"tags":[],"jetpack_featured_media_url":"https:\/\/comeconmigo.net\/wp-content\/uploads\/2017\/03\/Mi-AIG-Crea.jpg","_links":{"self":[{"href":"https:\/\/comeconmigo.net\/fr\/wp-json\/wp\/v2\/posts\/438"}],"collection":[{"href":"https:\/\/comeconmigo.net\/fr\/wp-json\/wp\/v2\/posts"}],"about":[{"href":"https:\/\/comeconmigo.net\/fr\/wp-json\/wp\/v2\/types\/post"}],"author":[{"embeddable":true,"href":"https:\/\/comeconmigo.net\/fr\/wp-json\/wp\/v2\/users\/2"}],"replies":[{"embeddable":true,"href":"https:\/\/comeconmigo.net\/fr\/wp-json\/wp\/v2\/comments?post=438"}],"version-history":[{"count":0,"href":"https:\/\/comeconmigo.net\/fr\/wp-json\/wp\/v2\/posts\/438\/revisions"}],"wp:featuredmedia":[{"embeddable":true,"href":"https:\/\/comeconmigo.net\/fr\/wp-json\/wp\/v2\/media\/9316"}],"wp:attachment":[{"href":"https:\/\/comeconmigo.net\/fr\/wp-json\/wp\/v2\/media?parent=438"}],"wp:term":[{"taxonomy":"category","embeddable":true,"href":"https:\/\/comeconmigo.net\/fr\/wp-json\/wp\/v2\/categories?post=438"},{"taxonomy":"post_tag","embeddable":true,"href":"https:\/\/comeconmigo.net\/fr\/wp-json\/wp\/v2\/tags?post=438"}],"curies":[{"name":"wp","href":"https:\/\/api.w.org\/{rel}","templated":true}]}}