{"id":332,"date":"2010-12-23T23:18:00","date_gmt":"2010-12-23T21:18:00","guid":{"rendered":"http:\/\/comeconmigo.net\/2010\/12\/23\/feliz-navidad-con-los-spritz-de-la-abuela-de-mi-amiga-maite\/"},"modified":"2020-02-04T17:00:43","modified_gmt":"2020-02-04T16:00:43","slug":"los-spritz-de-la-abuela-de-mi-amiga-maite","status":"publish","type":"post","link":"https:\/\/comeconmigo.net\/fr\/los-spritz-de-la-abuela-de-mi-amiga-maite\/","title":{"rendered":"LES SPRITZ DE LA GRAND-M\u00c8RE DE MON AMIE MA\u00cfT\u00c9"},"content":{"rendered":"<p>[vc_row][vc_column][vc_column_text]<em>Cette recette a \u00e9t\u00e9 publi\u00e9e originellement sur Come Conmigo le 23\/12\/2010.<\/em>[\/vc_column_text][vc_separator style=\u00a0\u00bbdashed\u00a0\u00bb][vc_column_text]Une des traditions h\u00e9rit\u00e9es de mes ann\u00e9es \u00e9tudiantes: les petits biscuits de No\u00ebl!<\/p>\n<p>La grand-m\u00e8re de mon amie Ma\u00eft\u00e9 ne manquait pas de nous en faire parvenir plusieurs kilos de biscuits parmi lesquels des spritz qu\u2019elle pr\u00e9parait avec une machine sp\u00e9ciale.<\/p>\n<p>Avec les <a href=\"https:\/\/comeconmigo.net\/?p=867\">Vanille Kipferl <\/a>ce sont mes pr\u00e9f\u00e9r\u00e9s. Voici donc leur recette pour que vous puissiez en profiter aussi.<\/p>\n<p>Et vous, pr\u00e9parez-vous des biscuits pour No\u00ebl?[\/vc_column_text][vc_single_image image=\u00a0\u00bb26019&Prime; img_size=\u00a0\u00bb400&#215;600&Prime; alignment=\u00a0\u00bbcenter\u00a0\u00bb][\/vc_column][\/vc_row][vc_row][vc_column][vc_text_separator title=\u00a0\u00bbAujourd&rsquo;hui&#8230;\u00a0\u00bb color=\u00a0\u00bbblack\u00a0\u00bb]\n\t\t\t<section class=\"image-edge\">\n\t\t\t    <div class=\"col-md-6 col-sm-4 p0 col-md-push-6 col-sm-push-8\">\n\t\t\t        <img width=\"200\" height=\"299\" src=\"https:\/\/comeconmigo.net\/wp-content\/uploads\/2010\/12\/Spritz-24-1-1.jpg\" class=\"mb-xs-24\" alt=\"\" loading=\"lazy\" \/>\n\t\t\t    <\/div>\n\t\t\t    <div class=\"container\">\n\t\t\t        <div class=\"col-md-5 col-md-pull-0 col-sm-7 col-sm-pull-4 v-align-transform\">\n\t\t\t            [vc_column_text]<\/p>\n<h3>LES SPRITZ DE LA GRAND-M\u00c8RE DE MON AMIE MA\u00cfT\u00c9<\/h3>\n<p>[\/vc_column_text]\n\t\t\t        <\/div>\n\t\t\t    <\/div>\n\t\t\t<\/section>\n\t\t[\/vc_column][\/vc_row][vc_row][vc_column width=\u00a0\u00bb1\/4&Prime; css=\u00a0\u00bb.vc_custom_1502280835828{background-color: #fff0dd !important;}\u00a0\u00bb][vc_column_text]<\/p>\n<h3 style=\"text-align: center;\">Pour environ 30 biscuits<\/h3>\n<p style=\"text-align: center;\">500g de farine<\/p>\n<p style=\"text-align: center;\">250g de sucre<\/p>\n<p style=\"text-align: center;\">1 sachet de levure<\/p>\n<p style=\"text-align: center;\">250g de beurre<\/p>\n<p style=\"text-align: center;\">125g de noix de coco r\u00e2p\u00e9e<\/p>\n<p style=\"text-align: center;\">2 oeufs<\/p>\n<p>[\/vc_column_text][\/vc_column][vc_column width=\u00a0\u00bb3\/4&Prime; css=\u00a0\u00bb.vc_custom_1502280820239{padding-top: 10px !important;padding-right: 10px !important;padding-bottom: 10px !important;padding-left: 10px !important;}\u00a0\u00bb][vc_column_text]<\/p>\n<p style=\"text-align: center;\">M\u00e9langer le beurre mou avec le sucre jusqu\u2019\u00e0 obtention d\u2019une texture cr\u00e9meuse. Ajouter les oeufs et bien m\u00e9langer. Ajouter ensuite la noix de coco r\u00e2p\u00e9e. Terminer en ajoutant la farine m\u00e9lang\u00e9e \u00e0 la levure.<\/p>\n<p style=\"text-align: center;\">Ne pas trop travailler la p\u00e2te pour qu\u2019elle reste bien sabl\u00e9e.<\/p>\n<p style=\"text-align: center;\">Pr\u00e9chauffer le four \u00e0 200\u00ba.<\/p>\n<p style=\"text-align: center;\">Mettre la p\u00e2te dans une poche \u00e0 douille avec une douille large cannel\u00e9e et former des S de p\u00e2te sur du papier sulfuris\u00e9.<\/p>\n<p style=\"text-align: center;\">Enfourner pour 10-12 minutes, les spritza doivent rester clairs.<\/p>\n<p style=\"text-align: center;\">Sortir du four et laisser refroidir 10 minutes avant de les mettre \u00e0 refroidir sur une grille. Attention \u00e0 la sortie du four ils sont tr\u00e8s mous et fragiles et durcissent ensuite.<\/p>\n<p style=\"text-align: center;\">Ils se conservent facilement 1 mois dans une bo\u00eete herm\u00e9tique \u00e0 l\u2019abri de l\u2019humidit\u00e9.<\/p>\n<p>[\/vc_column_text][vc_column_text]<\/p>\n<p style=\"text-align: center;\"><i>Bon profit!<\/i><\/p>\n<p><em>Quelques petits details qui comptent\u2026<\/em><\/p>\n<p>[\/vc_column_text][\/vc_column][\/vc_row][vc_row][vc_column][vc_single_image image=\u00a0\u00bb11028&Prime; alignment=\u00a0\u00bbcenter\u00a0\u00bb][vc_column_text]<\/p>\n<h3>Encore un petit creux<\/h3>\n<p>[\/vc_column_text][vc_basic_grid post_type=\u00a0\u00bbpost\u00a0\u00bb max_items=\u00a0\u00bb6&Prime; element_width=\u00a0\u00bb2&Prime; gap=\u00a0\u00bb0&Prime; orderby=\u00a0\u00bbrand\u00a0\u00bb item=\u00a0\u00bbbasicGrid_VerticalFlip\u00a0\u00bb grid_id=\u00a0\u00bbvc_gid:1580832016278-d5b9ec0e-33a1-3&Prime; taxonomies=\u00a0\u00bb341&Prime;][\/vc_column][\/vc_row]<\/p>","protected":false},"excerpt":{"rendered":"<p>Une des traditions h\u00e9rit\u00e9es de mes ann\u00e9es \u00e9tudiantes: les petits biscuits de No\u00ebl!<\/p>\n","protected":false},"author":2,"featured_media":9224,"comment_status":"open","ping_status":"closed","sticky":false,"template":"","format":"standard","meta":[],"categories":[341,352,1],"tags":[],"jetpack_featured_media_url":"https:\/\/comeconmigo.net\/wp-content\/uploads\/2017\/03\/Spritz-31-.jpg","_links":{"self":[{"href":"https:\/\/comeconmigo.net\/fr\/wp-json\/wp\/v2\/posts\/332"}],"collection":[{"href":"https:\/\/comeconmigo.net\/fr\/wp-json\/wp\/v2\/posts"}],"about":[{"href":"https:\/\/comeconmigo.net\/fr\/wp-json\/wp\/v2\/types\/post"}],"author":[{"embeddable":true,"href":"https:\/\/comeconmigo.net\/fr\/wp-json\/wp\/v2\/users\/2"}],"replies":[{"embeddable":true,"href":"https:\/\/comeconmigo.net\/fr\/wp-json\/wp\/v2\/comments?post=332"}],"version-history":[{"count":0,"href":"https:\/\/comeconmigo.net\/fr\/wp-json\/wp\/v2\/posts\/332\/revisions"}],"wp:featuredmedia":[{"embeddable":true,"href":"https:\/\/comeconmigo.net\/fr\/wp-json\/wp\/v2\/media\/9224"}],"wp:attachment":[{"href":"https:\/\/comeconmigo.net\/fr\/wp-json\/wp\/v2\/media?parent=332"}],"wp:term":[{"taxonomy":"category","embeddable":true,"href":"https:\/\/comeconmigo.net\/fr\/wp-json\/wp\/v2\/categories?post=332"},{"taxonomy":"post_tag","embeddable":true,"href":"https:\/\/comeconmigo.net\/fr\/wp-json\/wp\/v2\/tags?post=332"}],"curies":[{"name":"wp","href":"https:\/\/api.w.org\/{rel}","templated":true}]}}