{"id":32334,"date":"2023-09-29T08:00:08","date_gmt":"2023-09-29T07:00:08","guid":{"rendered":"https:\/\/comeconmigo.net\/?p=32334"},"modified":"2023-09-28T15:10:26","modified_gmt":"2023-09-28T14:10:26","slug":"rescatando-recetas-r2-tarta-de-cherrys-mozzarella","status":"publish","type":"post","link":"https:\/\/comeconmigo.net\/fr\/rescatando-recetas-r2-tarta-de-cherrys-mozzarella\/","title":{"rendered":"RECYCL\u2019RECETTE \u201cR2\u201d: TARTE AUX TOMATES CERISES &#038; MOZZARELLA"},"content":{"rendered":"<p>[vc_row][vc_column][vc_column_text]Aujourd&rsquo;hui, c&rsquo;est vendredi! Du coup, c&rsquo;est le retour de <a href=\"https:\/\/comeconmigo.net\/fr\/category\/rescatando-recetas\/\">notre d\u00e9fi Recycl\u2019Recette<\/a>.<\/p>\n<p><a href=\"https:\/\/comeconmigo.net\/fr\/category\/rescatando-recetas\/\"><img loading=\"lazy\" class=\"aligncenter wp-image-32309 size-full\" src=\"https:\/\/comeconmigo.net\/wp-content\/uploads\/2023\/09\/recyclrecette.png\" alt=\"\" width=\"200\" height=\"200\" srcset=\"https:\/\/comeconmigo.net\/wp-content\/uploads\/2023\/09\/recyclrecette.png 200w, https:\/\/comeconmigo.net\/wp-content\/uploads\/2023\/09\/recyclrecette-150x150.png 150w, https:\/\/comeconmigo.net\/wp-content\/uploads\/2023\/09\/recyclrecette-60x60.png 60w\" sizes=\"(max-width: 200px) 100vw, 200px\" \/><\/a><\/p>\n<p>Pour terminer ce mois de septembre je ne voyais pas meilleure recette qu&rsquo;une tarte sal\u00e9e aux tomates.<\/p>\n<p>Avec l&rsquo;\u00e9t\u00e9 qui joue les prolongations plus que de coutume, nous avons encore de bonnes tomates disponibles et comme les nuits redeviennent fra\u00eeches on peut rallumer le four sans crainte.<\/p>\n<p>La recette est simple: une p\u00e2te, des tomates cerises, de la mozza et au four! Bref, c&rsquo;est un d\u00eener de semaine parfait.<\/p>\n<p>Cette recette a \u00e9t\u00e9 publi\u00e9e initialement le 24 juin 2016 mais je peux vous garantir qu&rsquo; hier encore on a bien profit\u00e9.<\/p>\n<p>Bon weekend \u00e0 tous![\/vc_column_text][vc_single_image image=\u00a0\u00bb32369&Prime; img_size=\u00a0\u00bb400&#215;600&Prime; alignment=\u00a0\u00bbcenter\u00a0\u00bb][\/vc_column][\/vc_row][vc_row][vc_column width=\u00a0\u00bb7\/12&Prime;][vc_text_separator title=\u00a0\u00bbAujourd&rsquo;hui&#8230;\u00a0\u00bb color=\u00a0\u00bbblack\u00a0\u00bb]\n\t\t\t<section class=\"image-edge\">\n\t\t\t    <div class=\"col-md-6 col-sm-4 p0 col-md-push-6 col-sm-push-8\">\n\t\t\t        <img width=\"400\" height=\"268\" src=\"https:\/\/comeconmigo.net\/wp-content\/uploads\/2016\/06\/ob_e13e07_tarta-de-cherrys-y-mozzarella-12-1.jpg\" class=\"mb-xs-24\" alt=\"\" loading=\"lazy\" srcset=\"https:\/\/comeconmigo.net\/wp-content\/uploads\/2016\/06\/ob_e13e07_tarta-de-cherrys-y-mozzarella-12-1.jpg 400w, https:\/\/comeconmigo.net\/wp-content\/uploads\/2016\/06\/ob_e13e07_tarta-de-cherrys-y-mozzarella-12-1-300x201.jpg 300w\" sizes=\"(max-width: 400px) 100vw, 400px\" \/>\n\t\t\t    <\/div>\n\t\t\t    <div class=\"container\">\n\t\t\t        <div class=\"col-md-5 col-md-pull-0 col-sm-7 col-sm-pull-4 v-align-transform\">\n\t\t\t            [vc_column_text]<\/p>\n<h3 style=\"text-align: left;\">TARTE AUX TOMATES CERISES &amp; MOZZARELLA<\/h3>\n<p>[\/vc_column_text]\n\t\t\t        <\/div>\n\t\t\t    <\/div>\n\t\t\t<\/section>\n\t\t[\/vc_column][vc_column width=\u00a0\u00bb5\/12&Prime;][vc_text_separator title=\u00a0\u00bbUn jour comme aujourd&rsquo;hui, il y a\u2026\u00a0\u00bb color=\u00a0\u00bbblack\u00a0\u00bb][vc_column_text]\u2026 1 an: <a href=\"https:\/\/comeconmigo.net\/brownie-super-ligero-sin-grasas-con-calabacin-sin-gluten\/\">Brownie Super L\u00e9ger sans mati\u00e8re grasse, sans gluten<\/a><\/p>\n<p>\u2026 2 ans: <a href=\"https:\/\/comeconmigo.net\/mermelada-de-moras-ruibarbo\/\">Confiture de M\u00fbres &amp; Rhubarbe<\/a><\/p>\n<p>\u2026 3 ans: <a href=\"https:\/\/comeconmigo.net\/tarta-de-tomate-mozzarella-con-masa-de-avena-aceite-de-oliva\/\">Tarte Tomate &amp; Mozzarella, P\u00e2te Flocons d\u2019Avoine &amp; Huile d\u2019Olive<\/a><\/p>\n<p>\u2026 4 ans: <a href=\"https:\/\/comeconmigo.net\/bundtcake-de-chocolate-calabacin-chocolate-zucchini-bundt-cake\/\">Bundtcake Courgettes &amp; Chocolat<\/a><\/p>\n<p>\u2026 5 ans: <a href=\"https:\/\/comeconmigo.net\/mermelada-de-ciruelas-mirabelle-su-licor\/\">Confiture de Mirabelles \u00e0 la Liqueur de Mirabelles<\/a><\/p>\n<p>\u2026 6 ans: <a href=\"https:\/\/comeconmigo.net\/?p=12253\">Nouilles Udon au Pesto asiatique &amp; Brocolis R\u00f4tis<\/a><\/p>\n<p>\u2026 7 ans: <a href=\"https:\/\/comeconmigo.net\/?p=561\">Velout\u00e9 froid de Courgette &amp; Citron Confit<\/a><\/p>\n<p>\u2026 8 ans: <a href=\"https:\/\/comeconmigo.net\/?p=698\">Aubergines alla Parmigiana<\/a><\/p>\n<p>\u2026 9 ans: <a href=\"https:\/\/comeconmigo.net\/?p=826\">Confiture de P\u00eaches au Vin Rouge<\/a><\/p>\n<p>\u2026 10 ans: <a href=\"https:\/\/comeconmigo.net\/?p=904\">Salade de Tomates &amp; Pannacotta de Mozzarella<\/a><\/p>\n<p>\u2026 11 ans: <a href=\"https:\/\/comeconmigo.net\/?p=113\">Tomates marin\u00e9es Gingembre &amp; Miel<\/a><\/p>\n<p>\u2026 12 ans: <a href=\"https:\/\/comeconmigo.net\/?p=237\">Tarte aux Abricots, P\u00e2te bris\u00e9e \u00e0 la Farine de Riz sans gluten<\/a><\/p>\n<p>\u2026 13 ans: <a href=\"https:\/\/comeconmigo.net\/?p=353\">Cookies au Chocolat &amp; Pur\u00e9e de Noisettes<\/a><\/p>\n<p>\u2026 14 ans: <a href=\"https:\/\/comeconmigo.net\/?p=474\">Chips sans Huile au four \u00e0 microondes<\/a>[\/vc_column_text][\/vc_column][\/vc_row][vc_row][vc_column width=\u00a0\u00bb1\/4&Prime; css=\u00a0\u00bb.vc_custom_1502280835828{background-color: #fff0dd !important;}\u00a0\u00bb][vc_column_text]<\/p>\n<h3 style=\"text-align: center;\">Pour 4 personnes<\/h3>\n<p style=\"text-align: center;\">1 p\u00e2te feuillet\u00e9e du commerce (ou\u00a0<a href=\"https:\/\/comeconmigo.net\/hojaldre-rapido-sencillo\/\">maison c\u2019est meilleur!<\/a>)<\/p>\n<p style=\"text-align: center;\">350g de tomates cerise<\/p>\n<p style=\"text-align: center;\">12 billes de mozzarella (environ 125g)<\/p>\n<p style=\"text-align: center;\">60g d\u2019olives d\u00e9noyaut\u00e9es et coup\u00e9es en deux<\/p>\n<p style=\"text-align: center;\">Quelques feuilles de basilic<\/p>\n<p>[\/vc_column_text][\/vc_column][vc_column width=\u00a0\u00bb3\/4&Prime; css=\u00a0\u00bb.vc_custom_1502280820239{padding-top: 10px !important;padding-right: 10px !important;padding-bottom: 10px !important;padding-left: 10px !important;}\u00a0\u00bb][vc_column_text]<\/p>\n<p style=\"text-align: center;\">Sur du papier absorbant, \u00e9goutter soigneusement les billes de mozzarella coup\u00e9es en deux. Laver, s\u00e9cher et couper en 2 les tomates cerise.<\/p>\n<p style=\"text-align: center;\">Pr\u00e9chauffer le four \u00e0 185\u00ba, chaleur tournante. Froncer un moule rond de 28cm (ou selon la taille de votre p\u00e2te feuillet\u00e9e) en formant un rebord \u00e0 l\u2019aide des c\u00f4t\u00e9s du moule.<\/p>\n<p style=\"text-align: center;\">Piquer la p\u00e2te et couvrir d\u2019une feuille de papier sulfuris\u00e9, recouvrir de l\u00e9gumes secs et cuire la p\u00e2te \u00e0 blanc environ 25 minutes, elle doit \u00eatre l\u00e9g\u00e8rement dor\u00e9e.<\/p>\n<p style=\"text-align: center;\">R\u00e9partir les billes de mozzarella, les olives et les tomates cerises, quelques feuilles de basilic et enfourner pour 15 minutes environ, le temps pour la mozzarella de fondre.<\/p>\n<p style=\"text-align: center;\">Servir chaud ou ti\u00e8de mais je vous pr\u00e9viens, ce ne sera pas simple d\u2019attendre tellement l\u2019odeur est all\u00e9chante.<\/p>\n<p>[\/vc_column_text][vc_column_text]<\/p>\n<p style=\"text-align: center;\"><i>Bon profit!<\/i><\/p>\n<p><em>Quelques informations plus ou moins utiles<\/em><\/p>\n<p>[\/vc_column_text][vc_single_image image=\u00a0\u00bb11028&Prime; alignment=\u00a0\u00bbcenter\u00a0\u00bb][\/vc_column][\/vc_row][vc_row][vc_column][vc_column_text]<\/p>\n<h3>Encore un petit creux\u2026<\/h3>\n<p>[\/vc_column_text][vc_basic_grid post_type=\u00a0\u00bbpost\u00a0\u00bb max_items=\u00a0\u00bb6&Prime; element_width=\u00a0\u00bb2&Prime; gap=\u00a0\u00bb0&Prime; orderby=\u00a0\u00bbrand\u00a0\u00bb item=\u00a0\u00bbbasicGrid_VerticalFlip\u00a0\u00bb grid_id=\u00a0\u00bbvc_gid:1695909997578-8aa133a6-e7fd-5&Prime; taxonomies=\u00a0\u00bb239&Prime;][\/vc_column][\/vc_row]<\/p>","protected":false},"excerpt":{"rendered":"<p>Un d\u00eener parfait pour fin Septembre.<\/p>\n","protected":false},"author":2,"featured_media":12005,"comment_status":"open","ping_status":"closed","sticky":false,"template":"","format":"standard","meta":[],"categories":[239,1,532,321],"tags":[],"jetpack_featured_media_url":"https:\/\/comeconmigo.net\/wp-content\/uploads\/2016\/06\/ob_ddd337_tarta-de-cherrys-y-mozzarella-4-1.jpg","_links":{"self":[{"href":"https:\/\/comeconmigo.net\/fr\/wp-json\/wp\/v2\/posts\/32334"}],"collection":[{"href":"https:\/\/comeconmigo.net\/fr\/wp-json\/wp\/v2\/posts"}],"about":[{"href":"https:\/\/comeconmigo.net\/fr\/wp-json\/wp\/v2\/types\/post"}],"author":[{"embeddable":true,"href":"https:\/\/comeconmigo.net\/fr\/wp-json\/wp\/v2\/users\/2"}],"replies":[{"embeddable":true,"href":"https:\/\/comeconmigo.net\/fr\/wp-json\/wp\/v2\/comments?post=32334"}],"version-history":[{"count":4,"href":"https:\/\/comeconmigo.net\/fr\/wp-json\/wp\/v2\/posts\/32334\/revisions"}],"predecessor-version":[{"id":32372,"href":"https:\/\/comeconmigo.net\/fr\/wp-json\/wp\/v2\/posts\/32334\/revisions\/32372"}],"wp:featuredmedia":[{"embeddable":true,"href":"https:\/\/comeconmigo.net\/fr\/wp-json\/wp\/v2\/media\/12005"}],"wp:attachment":[{"href":"https:\/\/comeconmigo.net\/fr\/wp-json\/wp\/v2\/media?parent=32334"}],"wp:term":[{"taxonomy":"category","embeddable":true,"href":"https:\/\/comeconmigo.net\/fr\/wp-json\/wp\/v2\/categories?post=32334"},{"taxonomy":"post_tag","embeddable":true,"href":"https:\/\/comeconmigo.net\/fr\/wp-json\/wp\/v2\/tags?post=32334"}],"curies":[{"name":"wp","href":"https:\/\/api.w.org\/{rel}","templated":true}]}}