{"id":32293,"date":"2023-09-18T08:00:17","date_gmt":"2023-09-18T07:00:17","guid":{"rendered":"https:\/\/comeconmigo.net\/?p=32293"},"modified":"2023-09-15T14:06:28","modified_gmt":"2023-09-15T13:06:28","slug":"crema-fria-de-zanahoria-comino","status":"publish","type":"post","link":"https:\/\/comeconmigo.net\/fr\/crema-fria-de-zanahoria-comino\/","title":{"rendered":"VELOUT\u00c9 FROID CAROTTE &#038; CUMIN"},"content":{"rendered":"<p>[vc_row][vc_column][vc_column_text]Pour bien d\u00e9marrer la semaine je vous propose une recette aussi bonne chaude que froide. Elle est parfaite en cette saison o\u00f9 on ne sait pas si le soir on va avoir froid ou mourir de chaud.<\/p>\n<p>La recette est simple et sans aucun myst\u00e8re: des carottes, du bouillon et du cumin pour enlever cet exc\u00e8s de douceur habituel dans les velout\u00e9s de carottes.<\/p>\n<p>Et si vous aimez les velout\u00e9s \u00e0 la carotte, go\u00fbtez <a href=\"https:\/\/comeconmigo.net\/otra-crema-especiada-para-estar-calentitos-crema-de-zanahoria-especiada-con-salsa-de-tahin-y-limom\/\">le velout\u00e9 de carottes au tahin et au citron<\/a>, <a href=\"https:\/\/comeconmigo.net\/crema-de-zanahoria-mirando-a-tailandia\/\">le velout\u00e9 de carottes qui lorgne du c\u00f4t\u00e9 de la Tha\u00eflande<\/a> ou bien encore <a href=\"https:\/\/comeconmigo.net\/crema-fria-de-zanahoria-leche-de-coco\/\">le velout\u00e9 de carottes au lait de coco<\/a>.<\/p>\n<p>Je vous laisse en compagnie de la recette et je vous souhaite une excellente semaine.<\/p>\n<p>[\/vc_column_text][vc_single_image image=\u00a0\u00bb32323&Prime; img_size=\u00a0\u00bb400&#215;600&Prime; alignment=\u00a0\u00bbcenter\u00a0\u00bb][\/vc_column][\/vc_row][vc_row][vc_column width=\u00a0\u00bb7\/12&Prime;][vc_text_separator title=\u00a0\u00bbAujourd&rsquo;hui&#8230;\u00a0\u00bb color=\u00a0\u00bbblack\u00a0\u00bb]\n\t\t\t<section class=\"image-edge\">\n\t\t\t    <div class=\"col-md-6 col-sm-4 p0 col-md-push-6 col-sm-push-8\">\n\t\t\t        <img width=\"896\" height=\"600\" src=\"https:\/\/comeconmigo.net\/wp-content\/uploads\/2023\/09\/Crema-Fria-de-Zanahoria-Comino-3.jpg\" class=\"mb-xs-24\" alt=\"\" loading=\"lazy\" srcset=\"https:\/\/comeconmigo.net\/wp-content\/uploads\/2023\/09\/Crema-Fria-de-Zanahoria-Comino-3.jpg 896w, https:\/\/comeconmigo.net\/wp-content\/uploads\/2023\/09\/Crema-Fria-de-Zanahoria-Comino-3-300x201.jpg 300w, https:\/\/comeconmigo.net\/wp-content\/uploads\/2023\/09\/Crema-Fria-de-Zanahoria-Comino-3-768x514.jpg 768w\" sizes=\"(max-width: 896px) 100vw, 896px\" \/>\n\t\t\t    <\/div>\n\t\t\t    <div class=\"container\">\n\t\t\t        <div class=\"col-md-5 col-md-pull-0 col-sm-7 col-sm-pull-4 v-align-transform\">\n\t\t\t            [vc_column_text]<\/p>\n<h3 style=\"text-align: left;\">VELOUT\u00c9 FROID CAROTTE &amp; CUMIN<\/h3>\n<p>[\/vc_column_text]\n\t\t\t        <\/div>\n\t\t\t    <\/div>\n\t\t\t<\/section>\n\t\t[\/vc_column][vc_column width=\u00a0\u00bb5\/12&Prime;][vc_text_separator title=\u00a0\u00bbUn jour comme aujourd&rsquo;hui, il y a\u2026\u00a0\u00bb color=\u00a0\u00bbblack\u00a0\u00bb][vc_column_text]\u2026 1 an: <a href=\"https:\/\/comeconmigo.net\/calabacines-aromaticas-con-guisantes-semola-de-trigo-al-estilo-polenta\/\">Courgettes aux Petits Pois &amp; aux Aromates &amp; Semoule de Bl\u00e9 fa\u00e7on Polenta<\/a><\/p>\n<p>\u2026 2 ans: <a href=\"https:\/\/comeconmigo.net\/pan-de-molde-con-tang-zhong-con-las-manos-en-la-masa\/\">Pain de Mie au Tang Zhong<\/a><\/p>\n<p>\u2026 3 ans: <a href=\"https:\/\/comeconmigo.net\/la-tarta-de-ciruelas-mirabelles-del-mercado\/\">Le g\u00e2teau aux Mirabelles du March\u00e9<\/a><\/p>\n<p>\u2026 4 ans: <a href=\"https:\/\/comeconmigo.net\/ensalada-de-tomate-al-estilo-ottolenghi\/\">Salade de Tomates \u00e0 la mani\u00e8re d\u2019Ottolenghi<\/a><\/p>\n<p>\u2026 5 ans: <a href=\"https:\/\/comeconmigo.net\/palitos-de-calabacin-crujientes-al-parmesano-2\/\">B\u00e2tonnets de Courgette Croustillants au Parmesan<\/a><\/p>\n<p>\u2026 6 ans: <a href=\"https:\/\/comeconmigo.net\/?p=11679\">Omelette \u00e0 la farine Roca\u00a0<\/a><\/p>\n<p>\u2026 7 ans: <a href=\"https:\/\/comeconmigo.net\/?p=566\">Riz aux Sardines Roca<\/a><\/p>\n<p>\u2026 8 ans: <a href=\"https:\/\/comeconmigo.net\/?p=703\">Riz aux Lentilles Destructur\u00e9 (ou Rouleaux de Printemps aux Lentilles)<\/a><\/p>\n<p>\u2026 9 ans: <a href=\"https:\/\/comeconmigo.net\/?p=830\">Yahourt go\u00fbt Cr\u00e8me Catalane<\/a><\/p>\n<p>\u2026 10 ans: <a href=\"https:\/\/comeconmigo.net\/?p=909\">Milllefeuilles de Chorizo &amp; Mousse de F\u00e8ves l\u00e9g\u00e8re<\/a><\/p>\n<p>\u2026 11 ans: <a href=\"https:\/\/comeconmigo.net\/?p=118\">Confiture de P\u00eache &amp; Bi\u00e8re<\/a><\/p>\n<p>\u2026 12 ans: <a href=\"https:\/\/comeconmigo.net\/?p=241\">Salade de Pommes de Terre Vitelotte &amp; L\u00e9gumes du Jardin<\/a><\/p>\n<p>\u2026 13 ans: <a href=\"https:\/\/comeconmigo.net\/?p=356\">Pain aux Graines de Lin au Levain<\/a><\/p>\n<p>\u2026 14 ans: <a href=\"https:\/\/comeconmigo.net\/?p=476\">Le Yahourt Nature<\/a>[\/vc_column_text][\/vc_column][\/vc_row][vc_row][vc_column width=\u00a0\u00bb1\/4&Prime; css=\u00a0\u00bb.vc_custom_1502280835828{background-color: #fff0dd !important;}\u00a0\u00bb][vc_column_text]<\/p>\n<h3 style=\"text-align: center;\">Pour 3\/4 personnes<\/h3>\n<p style=\"text-align: center;\">6 belles carottes<\/p>\n<p style=\"text-align: center;\">Environ 700\/800 ml de bouillon de poule<\/p>\n<p style=\"text-align: center;\">2cc*\u00a0 de cumin en poudre<\/p>\n<p style=\"text-align: center;\">Sel, poivre<\/p>\n<p style=\"text-align: center;\">Graines de cumin torr\u00e9fi\u00e9es (facultatif, pour servir)<\/p>\n<p>[\/vc_column_text][\/vc_column][vc_column width=\u00a0\u00bb3\/4&Prime; css=\u00a0\u00bb.vc_custom_1502280820239{padding-top: 10px !important;padding-right: 10px !important;padding-bottom: 10px !important;padding-left: 10px !important;}\u00a0\u00bb][vc_column_text]<\/p>\n<p style=\"text-align: center;\">Eplucher les carottes et les d\u00e9couper en d\u00e9s moyens. les faire cuire \u00e0 la vapeur ou selon votre m\u00e9thode pr\u00e9f\u00e9r\u00e9e jusqu&rsquo;\u00e0 ce qu&rsquo;elles soient bien tendres. En g\u00e9n\u00e9ral, j&rsquo;aime les cuire \u00e0 la cocotte-minute dans le panier vapeur 8 minutes apr\u00e8s mise en rotation de la soupape.<\/p>\n<p style=\"text-align: center;\">Dans le bol du blender, rassembler les carottes et la moiti\u00e9 du bouillon ainsi que le cumin et commencer \u00e0 mixer en rajoutant progressivement le bouillon jusqu&rsquo;\u00e0 obtenir la texture que ous pr\u00e9f\u00e9rez.<\/p>\n<p style=\"text-align: center;\">Ajuster en sel, poivre et cumin selon vos pr\u00e9f\u00e9rences.<\/p>\n<p style=\"text-align: center;\">R\u00e9server au frigo jusqu&rsquo;au moment de servir et ajouter au tout dernier moment quelques graines de cumin torr\u00e9fi\u00e9es.<\/p>\n<p>[\/vc_column_text][vc_column_text]<\/p>\n<p style=\"text-align: center;\"><i>Bon profit!<\/i><\/p>\n<p><em>Quelques informations plus ou moins utiles<\/em><\/p>\n<p>*cc: cuill\u00e8re \u00e0 caf\u00e9[\/vc_column_text][vc_single_image image=\u00a0\u00bb11028&Prime; alignment=\u00a0\u00bbcenter\u00a0\u00bb][\/vc_column][\/vc_row][vc_row][vc_column][vc_column_text]<\/p>\n<h3>Encore un petit creux\u2026<\/h3>\n<p>[\/vc_column_text][vc_basic_grid post_type=\u00a0\u00bbpost\u00a0\u00bb max_items=\u00a0\u00bb6&Prime; element_width=\u00a0\u00bb2&Prime; gap=\u00a0\u00bb0&Prime; orderby=\u00a0\u00bbrand\u00a0\u00bb item=\u00a0\u00bbbasicGrid_VerticalFlip\u00a0\u00bb grid_id=\u00a0\u00bbvc_gid:1694782899910-b00608a2-84d0-4&Prime; taxonomies=\u00a0\u00bb318&Prime;][\/vc_column][\/vc_row]<\/p>","protected":false},"excerpt":{"rendered":"<p>Parfait les jours de grand beau et pour ceux de petits et grands frimas.<\/p>\n","protected":false},"author":2,"featured_media":32321,"comment_status":"open","ping_status":"closed","sticky":false,"template":"","format":"standard","meta":[],"categories":[1,317,318,229],"tags":[],"jetpack_featured_media_url":"https:\/\/comeconmigo.net\/wp-content\/uploads\/2023\/09\/Crema-Fria-de-Zanahoria-Comino-5.jpg","_links":{"self":[{"href":"https:\/\/comeconmigo.net\/fr\/wp-json\/wp\/v2\/posts\/32293"}],"collection":[{"href":"https:\/\/comeconmigo.net\/fr\/wp-json\/wp\/v2\/posts"}],"about":[{"href":"https:\/\/comeconmigo.net\/fr\/wp-json\/wp\/v2\/types\/post"}],"author":[{"embeddable":true,"href":"https:\/\/comeconmigo.net\/fr\/wp-json\/wp\/v2\/users\/2"}],"replies":[{"embeddable":true,"href":"https:\/\/comeconmigo.net\/fr\/wp-json\/wp\/v2\/comments?post=32293"}],"version-history":[{"count":5,"href":"https:\/\/comeconmigo.net\/fr\/wp-json\/wp\/v2\/posts\/32293\/revisions"}],"predecessor-version":[{"id":32326,"href":"https:\/\/comeconmigo.net\/fr\/wp-json\/wp\/v2\/posts\/32293\/revisions\/32326"}],"wp:featuredmedia":[{"embeddable":true,"href":"https:\/\/comeconmigo.net\/fr\/wp-json\/wp\/v2\/media\/32321"}],"wp:attachment":[{"href":"https:\/\/comeconmigo.net\/fr\/wp-json\/wp\/v2\/media?parent=32293"}],"wp:term":[{"taxonomy":"category","embeddable":true,"href":"https:\/\/comeconmigo.net\/fr\/wp-json\/wp\/v2\/categories?post=32293"},{"taxonomy":"post_tag","embeddable":true,"href":"https:\/\/comeconmigo.net\/fr\/wp-json\/wp\/v2\/tags?post=32293"}],"curies":[{"name":"wp","href":"https:\/\/api.w.org\/{rel}","templated":true}]}}