{"id":31977,"date":"2023-06-16T08:00:39","date_gmt":"2023-06-16T07:00:39","guid":{"rendered":"https:\/\/comeconmigo.net\/?p=31977"},"modified":"2023-06-14T11:18:35","modified_gmt":"2023-06-14T10:18:35","slug":"ribs-marinados-al-estilo-pulled-pork","status":"publish","type":"post","link":"https:\/\/comeconmigo.net\/fr\/ribs-marinados-al-estilo-pulled-pork\/","title":{"rendered":"TRAVERS DE PORC FA\u00c7ON PULLED PORK"},"content":{"rendered":"<p>[vc_row][vc_column][vc_column_text]Aujourd\u2019hui, je vous propose une recette qui nous a enthousiasm\u00e9s au-del\u00e0 de mes esperances. Avec une cuisson lente \u00e0 four doux et une sauce gourmande qui sert de marinade, de sauce et de gla\u00e7age, le rapport temps pass\u00e9\/r\u00e9galade est excellent. Sans parler que les travers sont tendres mais alors tellement tendres qu\u2019il n\u2019y a pas besoin de couteau pour les couper.<\/p>\n<p>La sauce est une sorte de sauce barbecue maison, avec du jus d\u2019orange, du ketchup pauvre en sucre, de la sauce Worcester et de plusieurs \u00e9pices pleines de notes \u00e9pic\u00e9es cajun et barbecue. Mais qui fonctionnent merveilleusement bien ensemble.<\/p>\n<p><a href=\"https:\/\/comeconmigo.net\/wp-content\/uploads\/2023\/06\/Ribs-marinados-al-estilo-Pulled-Pork-19-rotated.jpg\"><img loading=\"lazy\" class=\"size-medium wp-image-32180 aligncenter\" src=\"https:\/\/comeconmigo.net\/wp-content\/uploads\/2023\/06\/Ribs-marinados-al-estilo-Pulled-Pork-19-224x300.jpg\" alt=\"\" width=\"224\" height=\"300\" srcset=\"https:\/\/comeconmigo.net\/wp-content\/uploads\/2023\/06\/Ribs-marinados-al-estilo-Pulled-Pork-19-224x300.jpg 224w, https:\/\/comeconmigo.net\/wp-content\/uploads\/2023\/06\/Ribs-marinados-al-estilo-Pulled-Pork-19-rotated.jpg 600w\" sizes=\"(max-width: 224px) 100vw, 224px\" \/><\/a>Apr\u00e8s avoir fait marin\u00e9 la viande une nuit, elle est pr\u00eate \u00e0 partir au four d\u2019abord pour un petit coup de r\u00f4tissage avant d\u2019\u00eatre recouverte de sa marinade dans une cocotte ferm\u00e9e pour finir sa cuisson \u00e0 basse temp\u00e9rature pour un maximum de tendret\u00e9.<\/p>\n<p>Le r\u00e9sultat est bluffant, la sauce \u00e0 un go\u00fbr de reviens-y et avec <a href=\"https:\/\/comeconmigo.net\/hoy-quiero-patatas-fritas-pero-sin-grasas-y-sin-freir-patatas-fritas-extra-light-al-horno\/\">des frites au four l\u00e9g\u00e8res<\/a> et une salade de saison, on n\u2019est pas loin du bonheur parfait :o)<\/p>\n<p>Bon week-end \u00e0 tous![\/vc_column_text][vc_single_image image=\u00a0\u00bb32182&Prime; img_size=\u00a0\u00bb400&#215;600&Prime; alignment=\u00a0\u00bbcenter\u00a0\u00bb][\/vc_column][\/vc_row][vc_row][vc_column width=\u00a0\u00bb7\/12&Prime;][vc_text_separator title=\u00a0\u00bbAujourd&rsquo;hui&#8230;\u00a0\u00bb color=\u00a0\u00bbblack\u00a0\u00bb]\n\t\t\t<section class=\"image-edge\">\n\t\t\t    <div class=\"col-md-6 col-sm-4 p0 col-md-push-6 col-sm-push-8\">\n\t\t\t        <img width=\"600\" height=\"802\" src=\"https:\/\/comeconmigo.net\/wp-content\/uploads\/2023\/06\/Ribs-marinados-al-estilo-Pulled-Pork-14-rotated.jpg\" class=\"mb-xs-24\" alt=\"\" loading=\"lazy\" srcset=\"https:\/\/comeconmigo.net\/wp-content\/uploads\/2023\/06\/Ribs-marinados-al-estilo-Pulled-Pork-14-rotated.jpg 600w, https:\/\/comeconmigo.net\/wp-content\/uploads\/2023\/06\/Ribs-marinados-al-estilo-Pulled-Pork-14-224x300.jpg 224w\" sizes=\"(max-width: 600px) 100vw, 600px\" \/>\n\t\t\t    <\/div>\n\t\t\t    <div class=\"container\">\n\t\t\t        <div class=\"col-md-5 col-md-pull-0 col-sm-7 col-sm-pull-4 v-align-transform\">\n\t\t\t            [vc_column_text]<\/p>\n<h3 style=\"text-align: left;\">TRAVERS DE PORC FA\u00c7ON PULLED PORK<\/h3>\n<p>[\/vc_column_text]\n\t\t\t        <\/div>\n\t\t\t    <\/div>\n\t\t\t<\/section>\n\t\t[\/vc_column][vc_column width=\u00a0\u00bb5\/12&Prime;][vc_text_separator title=\u00a0\u00bbUn jour comme aujourd&rsquo;hui, il y a\u2026\u00a0\u00bb color=\u00a0\u00bbblack\u00a0\u00bb][vc_column_text]\u2026 1 an: <a href=\"https:\/\/comeconmigo.net\/ensalada-de-pasta-de-arroz-noodles-de-pepino\/\">Salade de Nouilles de Riz &amp; Concombre Spiralis\u00e9<\/a><\/p>\n<p>\u2026 2 ans: <a href=\"https:\/\/comeconmigo.net\/mermelada-de-arandanos-limon\/\">Confiture Myrtille &amp; Citron<\/a><\/p>\n<p>\u2026 3 ans: <a href=\"https:\/\/comeconmigo.net\/tarta-salada-de-berenjena-aceitunas\/\">Tarte sal\u00e9e Aubergines &amp; Olives<\/a><\/p>\n<p>\u2026 4 ans: <a href=\"https:\/\/comeconmigo.net\/duo-de-espaguetis-con-salsa-de-aguacate-tomates-salteados-vegano\/\">Duo de Spaghettis Sauce Avocat &amp; Tomates Po\u00eal\u00e9es<\/a><\/p>\n<p>\u2026 5 ans: <a href=\"https:\/\/comeconmigo.net\/top6-sopas-cremas-frias-ligeritas\/\">TOP6 Velout\u00e9s Froids &amp; L\u00e9gers<\/a><\/p>\n<p>\u2026 6 ans: <a href=\"https:\/\/wp.me\/p9bheG-2FG\">Cobbler aux Fraises Vegan &amp; Sans Gluten<\/a><\/p>\n<p>\u2026 7 ans: <a href=\"https:\/\/comeconmigo.net\/?p=592\">Rago\u00fbt de Langue de Boeuf aux Pommes de Terre Projet Roca<\/a><\/p>\n<p>\u2026 8 ans: <a href=\"https:\/\/comeconmigo.net\/?p=727\">Calamars Farcis Projet Roca<\/a><\/p>\n<p>\u2026 10 ans: <a href=\"https:\/\/comeconmigo.net\/?p=25\">Terrine de Saumon &amp; Algues vari\u00e9es<\/a><\/p>\n<p>\u2026 11 ans: <a href=\"https:\/\/comeconmigo.net\/?p=148\">Yahourt Caf\u00e9 &amp; Mascarpone<\/a><\/p>\n<p>\u2026 12 ans: <a href=\"https:\/\/comeconmigo.net\/?p=275\">Confiture de Fraise, Menthe &amp; Poivre Noir<\/a><\/p>\n<p>\u2026 13 ans: <a href=\"https:\/\/comeconmigo.net\/?p=367\">Nems Vietnamiennes de ma Mamy<\/a>[\/vc_column_text][\/vc_column][\/vc_row][vc_row][vc_column width=\u00a0\u00bb1\/4&Prime; css=\u00a0\u00bb.vc_custom_1502280835828{background-color: #fff0dd !important;}\u00a0\u00bb][vc_column_text]<\/p>\n<h3 style=\"text-align: center;\">Pour \u00be personnes<\/h3>\n<p style=\"text-align: center;\">Environ 1 kg de travers de porc<\/p>\n<p style=\"text-align: center;\"><em><u>Pour la marinade<\/u><\/em><\/p>\n<p style=\"text-align: center;\">375ml de jus d\u2019orange<\/p>\n<p style=\"text-align: center;\">350g de ketchup pauvre en sucre<\/p>\n<p style=\"text-align: center;\">1cc** bien pleine de m\u00e9lange 5 \u00e9pices<\/p>\n<p style=\"text-align: center;\">1CS* bien pleine d\u2019\u00e9pices barbecue (Poudre \u00e0 Braises de Roellinger pour moi)<\/p>\n<p style=\"text-align: center;\">1CS* d\u2019\u00e9pices Cajun (ou un suppl\u00e9ment de barbecue)<\/p>\n<p style=\"text-align: center;\">1cc** de fleur de sel picante (Fleur de Feu de Roellinger)<\/p>\n<p style=\"text-align: center;\">2CS* de sirop d\u2019\u00e9rable<\/p>\n<p style=\"text-align: center;\">1CS* de sauce Worcestershire<\/p>\n<p style=\"text-align: center;\">Gros sel (avec beaucoup de mod\u00e9ration car la sauce en r\u00e9duisant se concentre aussi en sel)<\/p>\n<p>[\/vc_column_text][\/vc_column][vc_column width=\u00a0\u00bb3\/4&Prime; css=\u00a0\u00bb.vc_custom_1502280820239{padding-top: 10px !important;padding-right: 10px !important;padding-bottom: 10px !important;padding-left: 10px !important;}\u00a0\u00bb][vc_column_text]<\/p>\n<p style=\"text-align: center;\"><em><u>La veille<\/u><\/em><\/p>\n<p style=\"text-align: center;\">M\u00e9langer tous les ingr\u00e9dients de la marinade.<\/p>\n<p style=\"text-align: center;\">Mettre la viande \u00e0 mariner toute une nuit, bien recouverte de marinade, dans un r\u00e9cipient ferm\u00e9.<\/p>\n<p style=\"text-align: center;\"><em><u>Le jour J<\/u><\/em><\/p>\n<p style=\"text-align: center;\">Pr\u00e9chauffer le four \u00e0 210\u00ba et d\u00e9poser les travers bien \u00e9goutt\u00e9s de leur marinade dans un plat allant au four, les os vers le bas.<\/p>\n<p style=\"text-align: center;\">R\u00f4tir 20\/30 minutes, la viande doit \u00eatre bien dor\u00e9e.<\/p>\n<p style=\"text-align: center;\">Baisser le four \u00e0 150\u00ba.<\/p>\n<p style=\"text-align: center;\">Mettre la viande dans une cocotte avec couvercle passant au four et couvrir avec la moiti\u00e9 de la marinade pr\u00e9alablement r\u00e9chauff\u00e9e.<\/p>\n<p style=\"text-align: center;\">Couvrir et enfourner pour 1 heure.<\/p>\n<p style=\"text-align: center;\">Au bout de ce temps, ajouter la marinade restante elle aussi r\u00e9chauff\u00e9e, bien recouvrir des jus de cuisson, refermer et remettre au four encore 1 heure.<\/p>\n<p style=\"text-align: center;\">Au bout de ce temps, la viande sera tendre et juteuse, super fondante.<\/p>\n<p style=\"text-align: center;\">Servir bien chaud, avec la sauce \u00e0 part et des frites au four l\u00e9g\u00e8res.<\/p>\n<p>[\/vc_column_text][vc_column_text]<\/p>\n<p style=\"text-align: center;\"><i>Bon profit!<\/i><\/p>\n<p><em>Quelques informations plus ou moins utiles<\/em><\/p>\n<p>*CS: Cuill\u00e8re \u00e0 Soupe<\/p>\n<p>*cc: cuill\u00e8re \u00e0 caf\u00e9[\/vc_column_text][vc_single_image image=\u00a0\u00bb11028&Prime; alignment=\u00a0\u00bbcenter\u00a0\u00bb][\/vc_column][\/vc_row][vc_row][vc_column][vc_column_text]<\/p>\n<h3>Encore un petit creux\u2026<\/h3>\n<p>[\/vc_column_text][vc_basic_grid post_type=\u00a0\u00bbpost\u00a0\u00bb max_items=\u00a0\u00bb6&Prime; element_width=\u00a0\u00bb2&Prime; gap=\u00a0\u00bb0&Prime; orderby=\u00a0\u00bbrand\u00a0\u00bb item=\u00a0\u00bbbasicGrid_VerticalFlip\u00a0\u00bb grid_id=\u00a0\u00bbvc_gid:1686737720285-272fbd00-f148-4&Prime; taxonomies=\u00a0\u00bb246&Prime;][\/vc_column][\/vc_row]<\/p>","protected":false},"excerpt":{"rendered":"<p>Impossible de les avoir plus tendres!<\/p>\n","protected":false},"author":2,"featured_media":32178,"comment_status":"open","ping_status":"closed","sticky":false,"template":"","format":"standard","meta":[],"categories":[246,1],"tags":[],"jetpack_featured_media_url":"https:\/\/comeconmigo.net\/wp-content\/uploads\/2023\/06\/Ribs-marinados-al-estilo-Pulled-Pork-4-rotated.jpg","_links":{"self":[{"href":"https:\/\/comeconmigo.net\/fr\/wp-json\/wp\/v2\/posts\/31977"}],"collection":[{"href":"https:\/\/comeconmigo.net\/fr\/wp-json\/wp\/v2\/posts"}],"about":[{"href":"https:\/\/comeconmigo.net\/fr\/wp-json\/wp\/v2\/types\/post"}],"author":[{"embeddable":true,"href":"https:\/\/comeconmigo.net\/fr\/wp-json\/wp\/v2\/users\/2"}],"replies":[{"embeddable":true,"href":"https:\/\/comeconmigo.net\/fr\/wp-json\/wp\/v2\/comments?post=31977"}],"version-history":[{"count":4,"href":"https:\/\/comeconmigo.net\/fr\/wp-json\/wp\/v2\/posts\/31977\/revisions"}],"predecessor-version":[{"id":32185,"href":"https:\/\/comeconmigo.net\/fr\/wp-json\/wp\/v2\/posts\/31977\/revisions\/32185"}],"wp:featuredmedia":[{"embeddable":true,"href":"https:\/\/comeconmigo.net\/fr\/wp-json\/wp\/v2\/media\/32178"}],"wp:attachment":[{"href":"https:\/\/comeconmigo.net\/fr\/wp-json\/wp\/v2\/media?parent=31977"}],"wp:term":[{"taxonomy":"category","embeddable":true,"href":"https:\/\/comeconmigo.net\/fr\/wp-json\/wp\/v2\/categories?post=31977"},{"taxonomy":"post_tag","embeddable":true,"href":"https:\/\/comeconmigo.net\/fr\/wp-json\/wp\/v2\/tags?post=31977"}],"curies":[{"name":"wp","href":"https:\/\/api.w.org\/{rel}","templated":true}]}}