{"id":319,"date":"2011-02-13T00:05:00","date_gmt":"2011-02-12T23:05:00","guid":{"rendered":"http:\/\/comeconmigo.net\/2011\/02\/13\/receta-final-del-bautizo-la-tarta-de-bautizo-rosa-y-con-mariposas-tarta-de-frambuesa-limon-y-fondant-de-nubes\/"},"modified":"2020-02-19T16:55:03","modified_gmt":"2020-02-19T15:55:03","slug":"receta-final-del-bautizo-la-tarta-de-bautizo-rosa-y-con-mariposas-tarta-de-frambuesa-limon-y-fondant-de-nubes","status":"publish","type":"post","link":"https:\/\/comeconmigo.net\/fr\/receta-final-del-bautizo-la-tarta-de-bautizo-rosa-y-con-mariposas-tarta-de-frambuesa-limon-y-fondant-de-nubes\/","title":{"rendered":"REC(E)TA FINAL DEL BAUTIZO: LA TARTA DE BAUTIZO (ROSA Y CON MARIPOSAS), TARTA DE FRAMBUESA, LIM\u00d3N Y FONDANT DE NUBES"},"content":{"rendered":"<p>&nbsp;<\/p>\n<div class=\"ob-sections\">\n<div class=\"ob-section ob-section-html\">\n<p><img loading=\"lazy\" class=\"CtreTexte aligncenter\" src=\"http:\/\/img.over-blog.com\/200x300\/3\/25\/84\/74\/Desserts\/Originales\/Piece-montee-bapteme\/Piece-montee-bapteme-4455.JPG\" alt=\"Piece-montee-bapteme 4455\" width=\"200\" height=\"300\" \/><\/p>\n<p><span style=\"font-family: 'Trebuchet MS', sans-serif; font-size: 12pt;\">\u00a1Hoy Polyanna cumple su primer a\u00f1ito! Este \u00faltimo a\u00f1o ha pasado volando y nuestras vidas han cambiado mucho, para mejor ;o)<\/span><\/p>\n<p><span style=\"font-family: 'Trebuchet MS', sans-serif; font-size: 12pt;\"><a href=\"https:\/\/comeconmigo.net\/wp-content\/uploads\/2011\/02\/LA-TARTA-DE-BAUTIZO-ROSA-Y-CON-MARIPOSAS-TARTA-DE-FRAMBUESA-LIM\u00d3N-Y-FONDANT-DE-NUBES.png\"><img loading=\"lazy\" class=\"aligncenter wp-image-26380\" src=\"https:\/\/comeconmigo.net\/wp-content\/uploads\/2011\/02\/LA-TARTA-DE-BAUTIZO-ROSA-Y-CON-MARIPOSAS-TARTA-DE-FRAMBUESA-LIM\u00d3N-Y-FONDANT-DE-NUBES-205x300.png\" alt=\"\" width=\"400\" height=\"585\" srcset=\"https:\/\/comeconmigo.net\/wp-content\/uploads\/2011\/02\/LA-TARTA-DE-BAUTIZO-ROSA-Y-CON-MARIPOSAS-TARTA-DE-FRAMBUESA-LIM\u00d3N-Y-FONDANT-DE-NUBES-205x300.png 205w, https:\/\/comeconmigo.net\/wp-content\/uploads\/2011\/02\/LA-TARTA-DE-BAUTIZO-ROSA-Y-CON-MARIPOSAS-TARTA-DE-FRAMBUESA-LIM\u00d3N-Y-FONDANT-DE-NUBES.png 650w\" sizes=\"(max-width: 400px) 100vw, 400px\" \/><\/a>\u00a0<img loading=\"lazy\" class=\"CtreTexte aligncenter\" src=\"http:\/\/img.over-blog.com\/300x200\/3\/25\/84\/74\/Desserts\/Originales\/Piece-montee-bapteme\/DSC00261.JPG\" alt=\"DSC00261\" width=\"300\" height=\"200\" \/><\/span><\/p>\n<p><span style=\"font-family: 'Trebuchet MS', sans-serif; font-size: 12pt;\">Por eso me empe\u00f1\u00e9 tanto en subir la \u00faltima receta de su <span style=\"text-decoration: underline;\"><span style=\"color: #cc3399;\"><a href=\"http:\/\/comeconmigoelblogdepalmira.over-blog.es\/article-alli-vamos-con-la-primera-receta-del-bautizo-coincidiendo-con-el-hemc-48-veloute-de-casta-a-con-su-toquecito-de-especias-suaves-60425225.html\"> men\u00fa de bautizo<\/a><\/span><\/span> como muy tarde hoy. Esta tarta nos dio mucho trabajo, ante todo porque probamos varios rellenos y tipos de decorados antes de decantarnos por esta versi\u00f3n.<\/span><\/p>\n<p><span style=\"font-family: 'Trebuchet MS', sans-serif; font-size: 12pt;\">\u00a0<img loading=\"lazy\" class=\"CtreTexte aligncenter\" src=\"http:\/\/img.over-blog.com\/300x283\/3\/25\/84\/74\/Desserts\/Originales\/Piece-montee-bapteme\/Piece-montee-bapteme-4547.JPG\" alt=\"Piece-montee-bapteme 4547\" width=\"300\" height=\"283\" \/><\/span><\/p>\n<p><span style=\"font-family: 'Trebuchet MS', sans-serif; font-size: 12pt;\">Aprovecho la ocasi\u00f3n para darles las gracias a los compa\u00f1eros de trabajo de mi marido que lunes tras lunes fueron probando nuestros inventos y dando sus consejos y opiniones. Nos han ayudado mucho, much\u00edsimo para que todo salga tal y como lo ten\u00edamos pensado (o casi, jejeje).<\/span><\/p>\n<p><span style=\"font-family: 'Trebuchet MS', sans-serif; font-size: 12pt;\">\u00a0<img loading=\"lazy\" class=\"CtreTexte aligncenter\" src=\"http:\/\/img.over-blog.com\/226x300\/3\/25\/84\/74\/Desserts\/Originales\/Piece-montee-bapteme\/DSC00308.JPG\" alt=\"DSC00308\" width=\"226\" height=\"300\" \/><\/span><\/p>\n<p><span style=\"font-family: 'Trebuchet MS', sans-serif; font-size: 12pt;\">Primero nos decidimos por el tema de las mariposas para decorar el piso, de all\u00ed la forma de los men\u00fas por ejemplo y de la decoraci\u00f3n de la tarta (que es de pasta FIMO y no de fondant).<\/span><\/p>\n<p><span style=\"font-family: 'Trebuchet MS', sans-serif; font-size: 12pt;\">\u00a0<\/span><\/p>\n<p><span style=\"font-family: 'Trebuchet MS', sans-serif; font-size: 12pt;\">Despu\u00e9s el tema de color fue el rosa, \u00a1\u00bfqu\u00e9 otro color pod\u00edamos escoger para una princesita?!<\/span><\/p>\n<p><span style=\"font-family: 'Trebuchet MS', sans-serif; font-size: 12pt;\">\u00a0<\/span><\/p>\n<p><span style=\"font-family: 'Trebuchet MS', sans-serif; font-size: 12pt;\">La idea del fondant lleg\u00f3 de una tarta<span style=\"mso-spacerun: yes;\">\u00a0<\/span> de <a href=\"http:\/\/kako-enguete.blogspot.com\/2009\/11\/kaviel-backerei-presenta-nuestra.html\">Kako<\/a>, ya que permite transformar cualquier tarta sencilla en un postre muy vistoso.<\/span><\/p>\n<p><span style=\"font-family: 'Trebuchet MS', sans-serif; font-size: 12pt;\">\u00a0<\/span><\/p>\n<p><span style=\"font-family: 'Trebuchet MS', sans-serif; font-size: 12pt;\">Para el bizcocho de la tarta, me qued\u00e9 con una receta que preparo desde a\u00f1os de una g\u00e9noise, algo parecida a un bizcocho pero que se prepara al ba\u00f1o mar\u00eda. Hab\u00eda sacado fotos para poder hacer un paso a paso pero cuando nuestro ordenador muri\u00f3, con \u00e9l se fueron estas fotos y no tuve tiempo de volver a hacer otro.<\/span><\/p>\n<p><span style=\"font-family: 'Trebuchet MS', sans-serif; font-size: 12pt;\">\u00a0<\/span><\/p>\n<p><span style=\"font-family: 'Trebuchet MS', sans-serif; font-size: 12pt;\">Para los sabores, ten\u00edamos dos opciones al principio\u2026 pero mi hermano decidi\u00f3 por nosotros al escoger el sabor de su tarta de boda (que preparamos nosotros tambi\u00e9n, si os interesa la subir\u00e9).<\/span><\/p>\n<p><span style=\"font-family: 'Trebuchet MS', sans-serif; font-size: 12pt;\">\u00a0<\/span><\/p>\n<p><span style=\"font-family: 'Trebuchet MS', sans-serif; font-size: 12pt;\">Nos decantamos por una combinaci\u00f3n de frambuesa y lim\u00f3n, usando frambuesas frescas, mermelada de frambuesas, c\u00falis de frambuesas y \u201clemon curd\u201d, algo parecido a una crema de lim\u00f3n inglesa muy conocida pero tuneada a nuestra manera, \u00a1ojo!<\/span><\/p>\n<p><span style=\"font-family: 'Trebuchet MS', sans-serif; font-size: 12pt;\">\u00a0<\/span><\/p>\n<p><span style=\"font-family: 'Trebuchet MS', sans-serif; font-size: 12pt;\">La acidez del lim\u00f3n combina muy bien con el dulzor del bizcocho y del fondant y las frambuesas le dan un frescor muy agradable en boca.<\/span><\/p>\n<p><span style=\"font-family: 'Trebuchet MS', sans-serif; font-size: 12pt;\">\u00a0<\/span><\/p>\n<p><span style=\"font-family: 'Trebuchet MS', sans-serif; font-size: 12pt;\">Sinceramente, tanto trabajo val\u00eda la pena. Nuestros invitados no dejaron ni miga de la tarta, pero casi todos dejaron en el plato el fondant que nos hab\u00eda costado tanto.<\/span><\/p>\n<p><span style=\"font-family: 'Trebuchet MS', sans-serif; font-size: 12pt;\">\u00a0<\/span><\/p>\n<p><span style=\"font-family: 'Trebuchet MS', sans-serif; font-size: 12pt;\">Bueno, os dejo que estamos preparando el postre del primer cumple de Polyanna\u2026 \u00a1pronto aqu\u00ed!<\/span><\/p>\n<p><span style=\"font-family: 'Trebuchet MS', sans-serif; font-size: 12pt;\">\u00a0<\/span><\/p>\n<p><span style=\"font-family: 'Trebuchet MS', sans-serif; font-size: 12pt;\">Manos a la obra, sin miedo, que es cuesti\u00f3n de organizarse bien ;o)<\/span><\/p>\n<p><span style=\"font-family: 'Trebuchet MS', sans-serif; font-size: 12pt;\">\u00a0<\/span><\/p>\n<p style=\"margin: 0cm; margin-bottom: .0001pt;\"><span style=\"font-size: 12pt;\"><span style=\"font-family: 'Trebuchet MS','sans-serif';\">Y ya que estamos, aprovecho esta receta para participar en <span style=\"color: black;\">el<\/span><\/span><span style=\"font-family: 'Trebuchet MS', sans-serif; color: black;\">\u00a0<\/span><a href=\"http:\/\/cocinadesara.blogspot.com\/2011\/01\/i-concurso-de-postres.html\"><img loading=\"lazy\" class=\"CtreTexte\" src=\"https:\/\/comeconmigo.net\/wp-content\/uploads\/2011\/02\/I-Concurso-de-Postres-sara.jpg\" alt=\"I Concurso de Postres sara\" width=\"300\" height=\"145\" \/><\/a><span style=\"font-family: 'Trebuchet MS','sans-serif'; color: black;\">\u00a0organizado por Sara desde<\/span><span style=\"font-family: 'Trebuchet MS', sans-serif; color: black;\">\u00a0<\/span><a href=\"http:\/\/comeconmigoelblogdepalmira.over-blog.es\/ext\/http:\/cocinadesara.blogspot.com\/2011\/01\/i-concurso-de-postres.html\"><span style=\"font-family: 'Trebuchet MS','sans-serif'; color: #7d7d55;\">\u00a0<\/span><\/a><a href=\"http:\/\/cocinadesara.blogspot.com\/\"><span style=\"font-family: 'Trebuchet MS', sans-serif; color: #7d7d55;\">La Cocina de Sara<\/span><\/a><span style=\"font-family: 'Trebuchet MS','sans-serif'; color: black;\">.<\/span><\/span><\/p>\n<p style=\"margin: 0cm; margin-bottom: .0001pt; text-align: center;\"><span style=\"font-family: 'Trebuchet MS', sans-serif; color: black; font-size: 12pt;\">\u00a0<\/span><\/p>\n<p><span style=\"font-family: 'Trebuchet MS', sans-serif; font-size: 12pt;\">\u00a0<img loading=\"lazy\" class=\"CtreTexte aligncenter\" src=\"http:\/\/img.over-blog.com\/300x200\/3\/25\/84\/74\/Desserts\/Originales\/Piece-montee-bapteme\/Piece-montee-bapteme-4453.JPG\" alt=\"Piece-montee-bapteme 4453\" width=\"300\" height=\"200\" \/><\/span><\/p>\n<p style=\"text-align: center;\"><span style=\"font-size: 12pt;\"><em><strong><span style=\"font-family: 'Trebuchet MS','sans-serif'; color: #cc3399; font-style: normal; mso-bidi-font-style: italic;\">TARTA DE BAUTIZO<\/span><\/strong><\/em><\/span><\/p>\n<p style=\"text-align: center;\"><span style=\"font-size: 12pt;\"><em><strong><span style=\"font-family: 'Trebuchet MS','sans-serif'; color: #cc3399; font-style: normal; mso-bidi-font-style: italic;\">DE FRAMBUESAS, LIM\u00d3N Y FONDANT DE NUBES<\/span><\/strong><\/em><\/span><\/p>\n<p style=\"margin: 0cm; margin-bottom: .0001pt; text-align: center;\"><span style=\"font-size: 12pt;\"><em><span style=\"font-family: 'Trebuchet MS','sans-serif'; color: #cc3399; font-style: normal;\">para unas 15 personas<\/span><\/em><\/span><\/p>\n<p style=\"margin: 0cm; margin-bottom: .0001pt; text-align: center;\"><span style=\"font-size: 12pt;\"><span style=\"font-family: 'Trebuchet MS','sans-serif'; color: black;\">\u00a0<\/span><\/span><\/p>\n<p style=\"margin: 0cm; margin-bottom: .0001pt; text-align: center;\"><span style=\"font-size: 12pt;\"><em style=\"mso-bidi-font-style: normal;\"><span style=\"text-decoration: underline;\"><span style=\"font-family: 'Trebuchet MS','sans-serif'; color: black;\">Para el fondant<\/span><\/span><\/em><\/span><\/p>\n<p style=\"margin: 0cm; margin-bottom: .0001pt; text-align: center;\"><span style=\"font-family: 'Trebuchet MS', sans-serif; color: black; font-size: 12pt;\">600g de nubes (us\u00e9 las de Mercadona)<\/span><\/p>\n<p style=\"margin: 0cm; margin-bottom: .0001pt; text-align: center;\"><span style=\"font-family: 'Trebuchet MS', sans-serif; color: black; font-size: 12pt;\">600g de az\u00facar glac\u00e9<\/span><\/p>\n<p style=\"margin: 0cm; margin-bottom: .0001pt; text-align: center;\"><span style=\"font-family: 'Trebuchet MS', sans-serif; color: black; font-size: 12pt;\">1 pel\u00edn de aceite de girasol para untar las manos<\/span><\/p>\n<p style=\"margin: 0cm; margin-bottom: .0001pt; text-align: center;\"><span style=\"font-family: 'Trebuchet MS', sans-serif; color: black; font-size: 12pt;\">\u00a0<\/span><\/p>\n<p style=\"margin: 0cm; margin-bottom: .0001pt; text-align: center;\"><span style=\"font-size: 12pt;\"><em style=\"mso-bidi-font-style: normal;\"><span style=\"text-decoration: underline;\"><span style=\"font-family: 'Trebuchet MS','sans-serif'; color: black;\">Para el culis de frambuesas<\/span><\/span><\/em><\/span><\/p>\n<p style=\"margin: 0cm; margin-bottom: .0001pt; text-align: center;\"><span style=\"font-family: 'Trebuchet MS', sans-serif; color: black; font-size: 12pt;\">500g de frambuesas (us\u00e9 congeladas)<\/span><\/p>\n<p style=\"margin: 0cm; margin-bottom: .0001pt; text-align: center;\"><span style=\"font-family: 'Trebuchet MS', sans-serif; color: black; font-size: 12pt;\">100g de az\u00facar blanquilla (o m\u00e1s dependiendo de los gustos de cada uno)<\/span><\/p>\n<p style=\"margin: 0cm; margin-bottom: .0001pt; text-align: center;\"><span style=\"font-family: 'Trebuchet MS', sans-serif; color: black; font-size: 12pt;\">1 vasito de agua<\/span><\/p>\n<p style=\"margin: 0cm; margin-bottom: .0001pt; text-align: center;\"><span style=\"font-family: 'Trebuchet MS', sans-serif; color: black; font-size: 12pt;\">\u00a0<\/span><\/p>\n<p style=\"margin: 0cm; margin-bottom: .0001pt; text-align: center;\"><span style=\"font-size: 12pt;\"><em style=\"mso-bidi-font-style: normal;\"><span style=\"text-decoration: underline;\"><span style=\"font-family: 'Trebuchet MS','sans-serif'; color: black;\">Para el lemon curd<\/span><\/span><\/em><\/span><\/p>\n<p style=\"margin: 0cm; margin-bottom: .0001pt; text-align: center;\"><span style=\"font-family: 'Trebuchet MS', sans-serif; color: black; font-size: 12pt;\">Decidimos preparar una versi\u00f3n poco azucarada para compensar el sabor dulce del resto de la tarta. Si te resulta muy \u00e1cida, \u00e9chale un poco m\u00e1s de az\u00facar.<\/span><\/p>\n<p style=\"margin: 0cm; margin-bottom: .0001pt; text-align: center;\"><span style=\"font-family: 'Trebuchet MS', sans-serif; color: black; font-size: 12pt;\">6 huevos<\/span><\/p>\n<p style=\"margin: 0cm; margin-bottom: .0001pt; text-align: center;\"><span style=\"font-family: 'Trebuchet MS', sans-serif; color: black; font-size: 12pt;\">345g de zumo de lim\u00f3n filtrado (unos 10 limones exprimidos)<\/span><\/p>\n<p style=\"margin: 0cm; margin-bottom: .0001pt; text-align: center;\"><span style=\"font-family: 'Trebuchet MS', sans-serif; color: black; font-size: 12pt;\">230g de az\u00facar blanquilla<\/span><\/p>\n<p style=\"margin: 0cm; margin-bottom: .0001pt; text-align: center;\"><span style=\"font-family: 'Trebuchet MS', sans-serif; color: black; font-size: 12pt;\">45g de maicena<\/span><\/p>\n<p style=\"margin: 0cm; margin-bottom: .0001pt; text-align: center;\"><span style=\"font-family: 'Trebuchet MS', sans-serif; color: black; font-size: 12pt;\">3 hojas de gelatina<\/span><\/p>\n<p style=\"margin: 0cm; margin-bottom: .0001pt; text-align: center;\"><span style=\"font-family: 'Trebuchet MS', sans-serif; color: black; font-size: 12pt;\">\u00a0<\/span><\/p>\n<p style=\"margin: 0cm; margin-bottom: .0001pt; text-align: center;\"><span style=\"font-size: 12pt;\"><em style=\"mso-bidi-font-style: normal;\"><span style=\"text-decoration: underline;\"><span style=\"font-family: 'Trebuchet MS','sans-serif'; color: black;\">Para las 2 g\u00e9noises (di\u00e1metro 25 cent\u00edmetros)<\/span><\/span><\/em><\/span><\/p>\n<p style=\"margin: 0cm; margin-bottom: .0001pt; text-align: center;\"><span style=\"font-family: 'Trebuchet MS', sans-serif; color: black; font-size: 12pt;\">12 huevos<\/span><\/p>\n<p style=\"margin: 0cm; margin-bottom: .0001pt; text-align: center;\"><span style=\"font-family: 'Trebuchet MS', sans-serif; color: black; font-size: 12pt;\">360g de az\u00facar<\/span><\/p>\n<p style=\"margin: 0cm; margin-bottom: .0001pt; text-align: center;\"><span style=\"font-family: 'Trebuchet MS', sans-serif; color: black; font-size: 12pt;\">360g de harina<\/span><\/p>\n<p style=\"margin: 0cm; margin-bottom: .0001pt; text-align: center;\"><span style=\"font-family: 'Trebuchet MS', sans-serif; color: black; font-size: 12pt;\">100g de mantequilla derretida y fr\u00eda<\/span><\/p>\n<p style=\"margin: 0cm; margin-bottom: .0001pt; text-align: center;\"><span style=\"font-family: 'Trebuchet MS', sans-serif; color: black; font-size: 12pt;\">Un poco de mantequilla y de harina para los moldes<\/span><\/p>\n<p style=\"margin: 0cm; margin-bottom: .0001pt; text-align: center;\"><span style=\"font-family: 'Trebuchet MS', sans-serif; color: black; font-size: 12pt;\">\u00a0<\/span><\/p>\n<p style=\"margin: 0cm; margin-bottom: .0001pt; text-align: center;\"><span style=\"font-size: 12pt;\"><em style=\"mso-bidi-font-style: normal;\"><span style=\"text-decoration: underline;\"><span style=\"font-family: 'Trebuchet MS','sans-serif'; color: black;\">Para montar la tarta<\/span><\/span><\/em><\/span><\/p>\n<p style=\"margin: 0cm; margin-bottom: .0001pt; text-align: center;\"><span style=\"font-family: 'Trebuchet MS', sans-serif; color: black; font-size: 12pt;\">300g de frambuesas (us\u00e9 congeladas)<\/span><\/p>\n<p style=\"margin: 0cm; margin-bottom: .0001pt; text-align: center;\"><span style=\"font-family: 'Trebuchet MS', sans-serif; color: black; font-size: 12pt;\">2 potes de mermelada de frambuesas<\/span><\/p>\n<p style=\"margin: 0cm; margin-bottom: .0001pt; text-align: center;\"><span style=\"font-family: 'Trebuchet MS', sans-serif; color: black; font-size: 12pt;\">Una enorme cantidad de paciencia<\/span><\/p>\n<p style=\"margin: 0cm; margin-bottom: .0001pt; text-align: center;\"><span style=\"font-family: 'Trebuchet MS', sans-serif; color: black; font-size: 12pt;\">\u00a0<\/span><\/p>\n<p style=\"margin: 0cm; margin-bottom: .0001pt; text-align: center;\"><span style=\"font-size: 12pt;\"><strong style=\"mso-bidi-font-weight: normal;\"><span style=\"font-family: 'Trebuchet MS','sans-serif'; color: #cc3399;\">Y AHORA \u00a1MANOS A LA OBRA!<\/span><\/strong><\/span><\/p>\n<p style=\"margin: 0cm; margin-bottom: .0001pt; text-align: center;\"><span style=\"font-size: 12pt;\"><em style=\"mso-bidi-font-style: normal;\"><span style=\"font-family: 'Trebuchet MS','sans-serif'; color: black;\">\u00a0<\/span><\/em><\/span><\/p>\n<p style=\"margin: 0cm; margin-bottom: .0001pt; text-align: center;\"><span style=\"font-size: 12pt;\"><em style=\"mso-bidi-font-style: normal;\"><span style=\"text-decoration: underline;\"><span style=\"font-family: 'Trebuchet MS','sans-serif'; color: black;\">Para el fondant de nubes \u2013 4 d\u00edas antes o m\u00e1s<\/span><\/span><\/em><\/span><\/p>\n<p style=\"margin: 0cm; margin-bottom: .0001pt; text-align: center;\"><span style=\"font-family: 'Trebuchet MS', sans-serif; color: black; font-size: 12pt;\">Sinceramente, no soy ninguna experta en fondant, as\u00ed que segu\u00ed unos de los muchos \u201cpaso a paso\u201d que <span style=\"mso-spacerun: yes;\">\u00a0<\/span>se encuentran en internet.<\/span><\/p>\n<p style=\"margin: 0cm; margin-bottom: .0001pt; text-align: center;\"><span style=\"font-family: 'Trebuchet MS', sans-serif; color: black; font-size: 12pt;\">Lo que si me ayud\u00f3 mucho fue untarme las manos con aceite de girasol para que no se me pegue la masa del fondant y as\u00ed poder amasar mejor.<\/span><\/p>\n<p style=\"margin: 0cm; margin-bottom: .0001pt; text-align: center;\"><span style=\"font-family: 'Trebuchet MS', sans-serif; color: black; font-size: 12pt;\">\u00a0<\/span><\/p>\n<p style=\"margin: 0cm; margin-bottom: .0001pt; text-align: center;\"><span style=\"font-size: 12pt;\"><em style=\"mso-bidi-font-style: normal;\"><span style=\"text-decoration: underline;\"><span style=\"font-family: 'Trebuchet MS','sans-serif'; color: black;\">Para el lemon curd \u2013 3 d\u00edas antes<\/span><\/span><\/em><\/span><\/p>\n<p style=\"margin: 0cm; margin-bottom: .0001pt; text-align: center;\"><span style=\"font-family: 'Trebuchet MS', sans-serif; color: black; font-size: 12pt;\">Deshacemos la maicena con un poco de zumo de lim\u00f3n y reservamos.<\/span><\/p>\n<p style=\"margin: 0cm; margin-bottom: .0001pt; text-align: center;\"><span style=\"font-family: 'Trebuchet MS', sans-serif; color: black; font-size: 12pt;\">Batimos los huevos en un bol.<\/span><\/p>\n<p style=\"margin: 0cm; margin-bottom: .0001pt; text-align: center;\"><span style=\"font-family: 'Trebuchet MS', sans-serif; color: black; font-size: 12pt;\">Ponemos la gelatina en remojo en agua fr\u00eda.<\/span><\/p>\n<p style=\"margin: 0cm; margin-bottom: .0001pt; text-align: center;\"><span style=\"font-family: 'Trebuchet MS', sans-serif; color: black; font-size: 12pt;\">En una cazuela colocamos el zumo de lim\u00f3n previamente filtrado con el az\u00facar y vamos removiendo para que se funda el az\u00facar.<\/span><\/p>\n<p style=\"margin: 0cm; margin-bottom: .0001pt; text-align: center;\"><span style=\"font-family: 'Trebuchet MS', sans-serif; color: black; font-size: 12pt;\">Cuando empiece a tomar calor a fuego muy suave, vertemos la maicena y mezclamos bien.<\/span><\/p>\n<p style=\"margin: 0cm; margin-bottom: .0001pt; text-align: center;\"><span style=\"font-family: 'Trebuchet MS', sans-serif; color: black; font-size: 12pt;\">Cuando empiece a espesar, removemos sin parar con las varillas y le a\u00f1adimos poco a poco pero de manera continua los huevos batidos. \u00a1Ojo! Que no tiene que hervir sino tendremos grumos.<\/span><\/p>\n<p style=\"margin: 0cm; margin-bottom: .0001pt; text-align: center;\"><span style=\"font-family: 'Trebuchet MS', sans-serif; color: black; font-size: 12pt;\">Cuando los huevos est\u00e9n totalmente integrados, quitamos el lemon curd del fuego y le a\u00f1adimos las hojas de gelatina previamente escurridas.<\/span><\/p>\n<p style=\"margin: 0cm; margin-bottom: .0001pt; text-align: center;\"><span style=\"font-family: 'Trebuchet MS', sans-serif; color: black; font-size: 12pt;\">Batimos una \u00faltima vez con las varillas y conservamos en un bote de mermelada bien cerrado en la nevera.<\/span><\/p>\n<p style=\"margin: 0cm; margin-bottom: .0001pt; text-align: center;\"><span style=\"font-family: 'Trebuchet MS', sans-serif; font-size: 12pt;\"><em><span style=\"text-decoration: underline;\">\u00a0<\/span><\/em><\/span><\/p>\n<p style=\"margin: 0cm; margin-bottom: .0001pt; text-align: center;\"><span style=\"font-size: 12pt;\"><em style=\"mso-bidi-font-style: normal;\"><span style=\"text-decoration: underline;\"><span style=\"font-family: 'Trebuchet MS','sans-serif'; color: black;\">Para el culis de frambuesas \u2013 3 d\u00edas antes<\/span><\/span><\/em><\/span><\/p>\n<p style=\"margin: 0cm; margin-bottom: .0001pt; text-align: center;\"><span style=\"font-family: 'Trebuchet MS', sans-serif; color: black; font-size: 12pt;\">En una cazuela con fondo grueso, ponemos las frambuesas, el az\u00facar y el vasito de agua.<\/span><\/p>\n<p style=\"margin: 0cm; margin-bottom: .0001pt; text-align: center;\"><span style=\"font-family: 'Trebuchet MS', sans-serif; color: black; font-size: 12pt;\">Calentamos a fuego suave hasta que las frambuesas vayan soltando su jugo y que el az\u00facar est\u00e9 perfectamente fundido.<\/span><\/p>\n<p style=\"margin: 0cm; margin-bottom: .0001pt; text-align: center;\"><span style=\"font-family: 'Trebuchet MS', sans-serif; color: black; font-size: 12pt;\">Dejamos que se cueza a fuego suave unos 15 minutos.<\/span><\/p>\n<p style=\"margin: 0cm; margin-bottom: .0001pt; text-align: center;\"><span style=\"font-family: 'Trebuchet MS', sans-serif; color: black; font-size: 12pt;\">Lo pasamos por el chino para que no queden pepitas, dejamos que se enfr\u00eda y lo conservamos en un pote de mermelada bien cerrado.<\/span><\/p>\n<p style=\"margin: 0cm; margin-bottom: .0001pt; text-align: center;\"><span style=\"font-family: 'Trebuchet MS', sans-serif; color: black; font-size: 12pt;\">\u00a0<\/span><\/p>\n<p style=\"margin: 0cm; margin-bottom: .0001pt; text-align: center;\"><span style=\"font-size: 12pt;\"><em style=\"mso-bidi-font-style: normal;\"><span style=\"text-decoration: underline;\"><span style=\"font-family: 'Trebuchet MS','sans-serif'; color: black;\">Para las 2 g\u00e9noises \u2013 2 d\u00edas antes<\/span><\/span><\/em><\/span><\/p>\n<p style=\"margin: 0cm; margin-bottom: .0001pt; text-align: center;\"><span style=\"font-family: 'Trebuchet MS', sans-serif; color: black; font-size: 12pt;\">Calentamos el horno a 180\u00ba.<\/span><\/p>\n<p style=\"margin: 0cm; margin-bottom: .0001pt; text-align: center;\"><span style=\"font-family: 'Trebuchet MS', sans-serif; color: black; font-size: 12pt;\">Untamos muy bien untados con mantequilla 2 moldes redondos de unos 25 cent\u00edmetros de di\u00e1metro y espolvoreamos con un poco de harina todo el molde, despu\u00e9s les damos la vuelta, les damos unos golpecitos sobre la pica para que no sobre nada de harina.<\/span><\/p>\n<p style=\"margin: 0cm; margin-bottom: .0001pt; text-align: center;\"><span style=\"font-family: 'Trebuchet MS', sans-serif; color: black; font-size: 12pt;\">\u00a0<\/span><\/p>\n<p style=\"margin: 0cm; margin-bottom: .0001pt; text-align: center;\"><span style=\"font-family: 'Trebuchet MS', sans-serif; color: black; font-size: 12pt;\">Para preparar la primera <em style=\"mso-bidi-font-style: normal;\">g\u00e9noise<\/em>, preparamos un ba\u00f1o mar\u00eda con agua muy caliente pero que no llegue a hervir.<\/span><\/p>\n<p style=\"margin: 0cm; margin-bottom: .0001pt; text-align: center;\"><span style=\"font-family: 'Trebuchet MS', sans-serif; color: black; font-size: 12pt;\">Colocamos en el bol del ba\u00f1o mar\u00eda, 6 huevos y 180g de az\u00facar.<\/span><\/p>\n<p style=\"margin: 0cm; margin-bottom: .0001pt; text-align: center;\"><span style=\"font-family: 'Trebuchet MS', sans-serif; color: black; font-size: 12pt;\">Usando la misma batidora que para montar claras a punto de nieve, batimos los huevos con el az\u00facar hasta que tripliquen su volumen. Esta operaci\u00f3n dura unos 5\/7 minutos.<\/span><\/p>\n<p style=\"margin: 0cm; margin-bottom: .0001pt; text-align: center;\"><span style=\"font-family: 'Trebuchet MS', sans-serif; color: black; font-size: 12pt;\">Cuando la masa est\u00e9 lista, la pasamos con cuidado a un bol grande y seguimos batiendo con la misma batidora hasta que la mezcla est\u00e9 fr\u00eda (esta etapa dura otros 5\/7 minutos m\u00e1s).<\/span><\/p>\n<p style=\"margin: 0cm; margin-bottom: .0001pt; text-align: center;\"><span style=\"font-family: 'Trebuchet MS', sans-serif; color: black; font-size: 12pt;\">Cuando est\u00e9 fr\u00eda, mezclamos 2 cucharas soperas de esta masa con 50g de la mantequilla fundida y batimos muy bien para obtener una mezcla perfecta.<\/span><\/p>\n<p style=\"margin: 0cm; margin-bottom: .0001pt; text-align: center;\"><span style=\"font-family: 'Trebuchet MS', sans-serif; color: black; font-size: 12pt;\">Sobre la mezcla enfriada, tamizamos 180g de harina y con suaves y amplios movimientos vamos envolviendo la harina con la masa espumosa hasta que quede perfectamente integrada. Es importante procurar que la masa conserve el m\u00e1ximo volumen.<\/span><\/p>\n<p style=\"margin: 0cm; margin-bottom: .0001pt; text-align: center;\"><span style=\"font-family: 'Trebuchet MS', sans-serif; color: black; font-size: 12pt;\">Cuando la harina est\u00e9 integrada, con cuidado a\u00f1adimos la mezcla de mantequilla y masa.<\/span><\/p>\n<p style=\"margin: 0cm; margin-bottom: .0001pt; text-align: center;\"><span style=\"font-family: 'Trebuchet MS', sans-serif; color: black; font-size: 12pt;\"><span style=\"mso-spacerun: yes;\">\u00a0<\/span>Vertemos la masa en el primer molde y horneamos unos 23 minutos en el horno caliente (entre 20 y 25 minutos seg\u00fan tu horno).<\/span><\/p>\n<p style=\"margin: 0cm; margin-bottom: .0001pt; text-align: center;\"><span style=\"font-family: 'Trebuchet MS', sans-serif; color: black; font-size: 12pt;\">Cuando est\u00e9 listo (comprobamos siempre con un palillo si sale limpio cuando lo pinchamos en el centro del bizcocho), esperamos 5 minutos contados antes de desmoldarlo.<\/span><\/p>\n<p style=\"margin: 0cm; margin-bottom: .0001pt; text-align: center;\"><span style=\"font-family: 'Trebuchet MS', sans-serif; color: black; font-size: 12pt;\">Al pasar estos 5 minutos, lo desmoldamos sobre una rejilla de pasteler\u00eda y cada 5 minutos lo vamos moviendo sobre la rejilla para que no se pegue durante unos 20 minutos.<\/span><\/p>\n<p style=\"margin: 0cm; margin-bottom: .0001pt; text-align: center;\"><span style=\"font-family: 'Trebuchet MS', sans-serif; color: black; font-size: 12pt;\">Cuando est\u00e9 perfectamente fr\u00edo, lo envolvemos con buena cantidad de papel film y lo reservamos en la nevera.<\/span><\/p>\n<p style=\"margin: 0cm; margin-bottom: .0001pt; text-align: center;\"><span style=\"font-family: 'Trebuchet MS', sans-serif; color: black; font-size: 12pt;\">\u00a0<\/span><\/p>\n<p style=\"margin: 0cm; margin-bottom: .0001pt; text-align: center;\"><span style=\"font-family: 'Trebuchet MS', sans-serif; color: black; font-size: 12pt;\">Para la segunda <em style=\"mso-bidi-font-style: normal;\">g\u00e9noise<\/em>, \u00a1volvemos a empezar siguiendo las mismas pautas!<\/span><\/p>\n<p style=\"margin: 0cm; margin-bottom: .0001pt; text-align: center;\"><span style=\"font-size: 12pt;\"><em style=\"mso-bidi-font-style: normal;\"><span style=\"font-family: 'Trebuchet MS','sans-serif'; color: black;\">\u00a0<\/span><\/em><\/span><\/p>\n<p style=\"margin: 0cm; margin-bottom: .0001pt; text-align: center;\"><span style=\"font-size: 12pt;\"><em style=\"mso-bidi-font-style: normal;\"><span style=\"text-decoration: underline;\"><span style=\"font-family: 'Trebuchet MS','sans-serif'; color: black;\">Para montar la tarta \u2013 El d\u00eda anterior<\/span><\/span><\/em><\/span><\/p>\n<p style=\"margin: 0cm; margin-bottom: .0001pt; text-align: center;\"><span style=\"font-family: 'Trebuchet MS', sans-serif; color: black; font-size: 12pt;\">Gracias al fondant esta tarta se puede preparar el d\u00eda anterior y se conserva perfectamente \u201csellada\u201d por su capa de fondant FUERA DE LA NEVERA.<\/span><\/p>\n<p style=\"margin: 0cm; margin-bottom: .0001pt; text-align: center;\"><span style=\"font-family: 'Trebuchet MS', sans-serif; color: black; font-size: 12pt;\">\u00a0<\/span><\/p>\n<p style=\"margin: 0cm; margin-bottom: .0001pt; text-align: center;\"><span style=\"font-family: 'Trebuchet MS', sans-serif; color: black; font-size: 12pt;\">Lo m\u00e1s importante en esta etapa es conserva la tranquilidad pase lo que pase\u2026 \u00a1Todo un reto!<\/span><\/p>\n<p style=\"margin: 0cm; margin-bottom: .0001pt; text-align: center;\"><span style=\"font-family: 'Trebuchet MS', sans-serif; color: black; font-size: 12pt;\">\u00a0<\/span><\/p>\n<p style=\"margin: 0cm; margin-bottom: .0001pt; text-align: center;\"><span style=\"font-family: 'Trebuchet MS', sans-serif; color: black; font-size: 12pt;\">Empezamos montando la tarta.<\/span><\/p>\n<p style=\"margin: 0cm; margin-bottom: .0001pt; text-align: center;\"><span style=\"font-family: 'Trebuchet MS', sans-serif; color: black; font-size: 12pt;\">Batimos el lemon curd con las varillas y los colocamos en una manga pastelera con boquilla mediana lisa.<\/span><\/p>\n<p style=\"margin: 0cm; margin-bottom: .0001pt; text-align: center;\"><span style=\"font-family: 'Trebuchet MS', sans-serif; color: black; font-size: 12pt;\">Cortamos las 2 <em style=\"mso-bidi-font-style: normal;\">g\u00e9noises<\/em> por la mitad procurando plantar un palillo en cada una de las 4 partes para volver a colocar los trozos en su lugar de origen despu\u00e9s de rellenarla.<\/span><\/p>\n<p style=\"margin: 0cm; margin-bottom: .0001pt; text-align: center;\"><span style=\"font-family: 'Trebuchet MS', sans-serif; color: black; font-size: 12pt;\"><img loading=\"lazy\" class=\"CtreTexte aligncenter\" src=\"http:\/\/img.over-blog.com\/300x241\/3\/25\/84\/74\/Desserts\/Originales\/Piece-montee-bapteme\/Piece-montee-bapteme-4080.JPG\" alt=\"Piece-montee-bapteme 4080\" width=\"300\" height=\"241\" \/><br \/>\n<\/span><\/p>\n<p style=\"margin: 0cm; margin-bottom: .0001pt; text-align: center;\"><span style=\"font-family: 'Trebuchet MS', sans-serif; color: black; font-size: 12pt;\">Con un pincel, untamos muy muy muy bien la base de la tarta con culis de frambuesas. La base tiene que estar bien empapada.<\/span><\/p>\n<p style=\"margin: 0cm; margin-bottom: .0001pt; text-align: center;\"><span style=\"font-family: 'Trebuchet MS', sans-serif; color: black; font-size: 12pt;\">Despu\u00e9s, con la manga pastelera, vamos formando c\u00edrculos de lemon curd hasta cubrir toda la tarta, teniendo cuidado de no acercarnos demasiado a los bordes.<\/span><\/p>\n<p style=\"margin: 0cm; margin-bottom: .0001pt; text-align: center;\"><span style=\"font-family: 'Trebuchet MS', sans-serif; color: black; font-size: 12pt;\"><img loading=\"lazy\" class=\"CtreTexte aligncenter\" src=\"http:\/\/img.over-blog.com\/300x200\/3\/25\/84\/74\/Desserts\/Originales\/Piece-montee-bapteme\/Piece-montee-bapteme-4081.JPG\" alt=\"Piece-montee-bapteme 4081\" width=\"300\" height=\"200\" \/><br \/>\n<\/span><\/p>\n<p style=\"margin: 0cm; margin-bottom: .0001pt; text-align: center;\"><span style=\"font-family: 'Trebuchet MS', sans-serif; color: black; font-size: 12pt;\">Despu\u00e9s repartimos las frambuesas sobre toda la superficie del lem\u00f3n curd y colocamos la parte alta de la <em style=\"mso-bidi-font-style: normal;\">g\u00e9noise<\/em>.<\/span><\/p>\n<p style=\"margin: 0cm; margin-bottom: .0001pt; text-align: center;\">\n<p style=\"margin: 0cm; margin-bottom: .0001pt; text-align: center;\"><span style=\"font-family: 'Trebuchet MS', sans-serif; color: black; font-size: 12pt;\"><img loading=\"lazy\" class=\"CtreTexte\" src=\"http:\/\/img.over-blog.com\/300x200\/3\/25\/84\/74\/Desserts\/Originales\/Piece-montee-bapteme\/Piece-montee-bapteme-4082.JPG\" alt=\"Piece-montee-bapteme 4082\" width=\"300\" height=\"200\" \/><br \/>\n<\/span><\/p>\n<p style=\"margin: 0cm; margin-bottom: .0001pt; text-align: center;\"><span style=\"font-family: 'Trebuchet MS', sans-serif; color: black; font-size: 12pt;\">Para \u201cpegar\u201d entre s\u00ed las 2 <em style=\"mso-bidi-font-style: normal;\">g\u00e9noises<\/em>, untamos con mermelada de frambuesas la parte superior de la primera g\u00e9noise.<\/span><\/p>\n<p style=\"margin: 0cm; margin-bottom: .0001pt; text-align: center;\"><span style=\"font-family: 'Trebuchet MS', sans-serif; color: black; font-size: 12pt;\">Volvemos a empezar de la misma manera y acabamos untando la parte superior y los lados de la tarta con mermelada de frambuesas para que todo quede bien cubierto con mermelada para que se pueda pegar el fondant de nubes. Es importante no usar demasiada cantidad de mermelada procurando que no quede ning\u00fan trozo de la tarta que quede sin cubrir.<\/span><\/p>\n<p style=\"margin: 0cm; margin-bottom: .0001pt; text-align: center;\"><span style=\"font-family: 'Trebuchet MS', sans-serif; color: black; font-size: 12pt;\">Cuando ya hemos hecho todo esto, podemos tomarnos un buen caf\u00e9 con leche y descansar un ratito ;O)<\/span><\/p>\n<p style=\"margin: 0cm; margin-bottom: .0001pt; text-align: center;\"><span style=\"font-family: 'Trebuchet MS', sans-serif; color: black; font-size: 12pt;\">\u00a0<img loading=\"lazy\" class=\"CtreTexte aligncenter\" src=\"http:\/\/img.over-blog.com\/300x194\/3\/25\/84\/74\/Desserts\/Originales\/Piece-montee-bapteme\/schema-blog.png\" alt=\"sch\u00e9ma blog\" width=\"300\" height=\"194\" \/><\/span><\/p>\n<p style=\"margin: 0cm; margin-bottom: .0001pt; text-align: center;\"><span style=\"font-family: 'Trebuchet MS', sans-serif; color: black; font-size: 12pt;\">Ahora toca trabajar el fondant, siguiendo las instrucciones del paso a paso que m\u00e1s os guste, cubrimos la tarta con el fondant y la decoramos y \u00a1ya est\u00e1 lista! Bueno, esta etapa se describe en 2 l\u00edneas pero en la vida real fue la parte m\u00e1s larga aunque no fuera dif\u00edcil<\/span><\/p>\n<p style=\"margin: 0cm; margin-bottom: .0001pt; text-align: center;\"><span style=\"font-family: 'Trebuchet MS', sans-serif; font-size: 12pt;\"><em><span style=\"text-decoration: underline;\">\u00a0<\/span><\/em><\/span><\/p>\n<p style=\"margin: 0cm; margin-bottom: .0001pt; text-align: center;\"><span style=\"font-size: 12pt;\"><em style=\"mso-bidi-font-style: normal;\"><span style=\"text-decoration: underline;\"><span style=\"font-family: 'Trebuchet MS','sans-serif'; color: black;\">El d\u00eda D<\/span><\/span><\/em><\/span><\/p>\n<p style=\"margin: 0cm; margin-bottom: .0001pt; text-align: center;\"><span style=\"font-family: 'Trebuchet MS', sans-serif; color: black; font-size: 12pt;\">A descansar y \u00a1\u00a1\u00a1\u00a1\u00a1aprovechar del gran d\u00eda!!!!!!<\/span><\/p>\n<p style=\"margin: 0cm; margin-bottom: .0001pt; text-align: center;\"><span style=\"font-family: 'Trebuchet MS', sans-serif; color: black; font-size: 12pt;\">\u00a0<\/span><\/p>\n<p style=\"margin: 0cm; margin-bottom: .0001pt; text-align: center;\"><span style=\"font-family: 'Trebuchet MS', sans-serif; color: black; font-size: 12pt;\"><img loading=\"lazy\" class=\"CtreTexte aligncenter\" src=\"http:\/\/img.over-blog.com\/300x200\/3\/25\/84\/74\/Desserts\/Originales\/Piece-montee-bapteme\/Piece-montee-bapteme-4451.JPG\" alt=\"Piece-montee-bapteme 4451\" width=\"300\" height=\"200\" \/><br \/>\n<\/span><\/p>\n<p style=\"margin: 0cm; margin-bottom: .0001pt; text-align: center;\"><span style=\"font-size: 12pt;\"><em><span style=\"font-family: 'Trebuchet MS','sans-serif'; color: #cc0066;\">Bon profit!\u00a0<\/span><\/em><\/span><\/p>\n<p><span style=\"font-family: 'Trebuchet MS', sans-serif; font-size: 12pt;\">\u00a0<\/span><\/p>\n<p><span style=\"font-size: 12pt;\"><em style=\"mso-bidi-font-style: normal;\"><span style=\"font-family: 'Trebuchet MS','sans-serif';\">Algunas informaciones \u00fatiles o no tan \u00fatiles<\/span><\/em><\/span><\/p>\n<p><span style=\"font-family: 'Trebuchet MS','sans-serif';\"><span style=\"font-size: 12pt;\">*cc: cucharita de caf\u00e9<\/span><\/span><\/p>\n<p><span style=\"font-family: 'Trebuchet MS','sans-serif';\"><span style=\"font-size: 12pt;\"><img loading=\"lazy\" class=\"CtreTexte aligncenter\" src=\"http:\/\/img.over-blog.com\/97x100\/3\/25\/84\/74\/Assiettebis.png\" alt=\"Assiettebis.png\" width=\"97\" height=\"100\" \/><br \/>\n<\/span><\/span><\/p>\n<\/div>\n<\/div>\n","protected":false},"excerpt":{"rendered":"<p>\u00a1Hoy Polyanna cumple su primer a\u00f1ito! Este \u00faltimo a\u00f1o ha pasado volando y nuestras vidas han cambiado mucho, para mejor&#8230;<\/p>\n","protected":false},"author":2,"featured_media":9208,"comment_status":"open","ping_status":"closed","sticky":false,"template":"","format":"standard","meta":[],"categories":[331,349,1],"tags":[],"jetpack_featured_media_url":"https:\/\/comeconmigo.net\/wp-content\/uploads\/2017\/03\/Piece-montee-bapteme-4455.jpg","_links":{"self":[{"href":"https:\/\/comeconmigo.net\/fr\/wp-json\/wp\/v2\/posts\/319"}],"collection":[{"href":"https:\/\/comeconmigo.net\/fr\/wp-json\/wp\/v2\/posts"}],"about":[{"href":"https:\/\/comeconmigo.net\/fr\/wp-json\/wp\/v2\/types\/post"}],"author":[{"embeddable":true,"href":"https:\/\/comeconmigo.net\/fr\/wp-json\/wp\/v2\/users\/2"}],"replies":[{"embeddable":true,"href":"https:\/\/comeconmigo.net\/fr\/wp-json\/wp\/v2\/comments?post=319"}],"version-history":[{"count":0,"href":"https:\/\/comeconmigo.net\/fr\/wp-json\/wp\/v2\/posts\/319\/revisions"}],"wp:featuredmedia":[{"embeddable":true,"href":"https:\/\/comeconmigo.net\/fr\/wp-json\/wp\/v2\/media\/9208"}],"wp:attachment":[{"href":"https:\/\/comeconmigo.net\/fr\/wp-json\/wp\/v2\/media?parent=319"}],"wp:term":[{"taxonomy":"category","embeddable":true,"href":"https:\/\/comeconmigo.net\/fr\/wp-json\/wp\/v2\/categories?post=319"},{"taxonomy":"post_tag","embeddable":true,"href":"https:\/\/comeconmigo.net\/fr\/wp-json\/wp\/v2\/tags?post=319"}],"curies":[{"name":"wp","href":"https:\/\/api.w.org\/{rel}","templated":true}]}}