{"id":31670,"date":"2023-03-27T08:00:05","date_gmt":"2023-03-27T07:00:05","guid":{"rendered":"https:\/\/comeconmigo.net\/?p=31670"},"modified":"2023-03-24T19:03:37","modified_gmt":"2023-03-24T18:03:37","slug":"ensalada-de-habitas-tiernas-rabanitos-rosas","status":"publish","type":"post","link":"https:\/\/comeconmigo.net\/fr\/ensalada-de-habitas-tiernas-rabanitos-rosas\/","title":{"rendered":"SALADE DE F\u00c9VETTES &#038; RADIS ROSES"},"content":{"rendered":"<p>[vc_row][vc_column][vc_column_text]Pour d\u00e9marrer la semaine, je partage le r\u00e9sultat de ce qui se trouvait dans le frigo et d\u2019une recette d\u2019Ottolenghi dont il me semblait me souvenir. Mais je ne l\u2019ai pas retrouv\u00e9e\u2026 sans doute parce que j\u2019en trop de livres de ce chef a dit mon mari ;o)<\/p>\n<p>J\u2019adore les premi\u00e8res f\u00e8ves du printemps que j\u2019aime d\u00e9guster en salades comme <a href=\"https:\/\/comeconmigo.net\/proyecto-roca-ensalada-de-habitas-a-la-menta\/\">ici<\/a> ou <a href=\"https:\/\/comeconmigo.net\/ensalada-de-guisantes-habitas-y-verdes\/\">l\u00e0<\/a>. Dans la recette du jour, les f\u00e9vettes s\u2019associent aux radis roses avec un peu de <a href=\"https:\/\/comeconmigo.net\/limones-confitados-a-la-sal-caseros\/\">citron confit au sel<\/a> qui apporte la petite touche qui change tout.<\/p>\n<p>Et avec les feuilles des radis, vous pouvex pr\u00e9parer <a href=\"https:\/\/comeconmigo.net\/creps-de-hojas-de-rabano-aqui-no-se-tira-nada\/\">des cr\u00eapes vertes<\/a> ou un <a href=\"https:\/\/comeconmigo.net\/condimento-hojas-de-rabano-ajo-negro\/\">pesto de fanes d\u00e9licieux et bien original<\/a>.<\/p>\n<p>Et vous, comment cuisinez-vous les f\u00e8ves chez vous?<\/p>\n<p>Bonne semaine![\/vc_column_text][vc_single_image image=\u00a0\u00bb31833&Prime; img_size=\u00a0\u00bb400&#215;600&Prime; alignment=\u00a0\u00bbcenter\u00a0\u00bb][\/vc_column][\/vc_row][vc_row][vc_column width=\u00a0\u00bb7\/12&Prime;][vc_text_separator title=\u00a0\u00bbAujourd&rsquo;hui&#8230;\u00a0\u00bb color=\u00a0\u00bbblack\u00a0\u00bb]\n\t\t\t<section class=\"image-edge\">\n\t\t\t    <div class=\"col-md-6 col-sm-4 p0 col-md-push-6 col-sm-push-8\">\n\t\t\t        <img width=\"896\" height=\"600\" src=\"https:\/\/comeconmigo.net\/wp-content\/uploads\/2023\/03\/Ensalada-de-Habitas-Tiernas-Rabanitos-7.jpg\" class=\"mb-xs-24\" alt=\"\" loading=\"lazy\" srcset=\"https:\/\/comeconmigo.net\/wp-content\/uploads\/2023\/03\/Ensalada-de-Habitas-Tiernas-Rabanitos-7.jpg 896w, https:\/\/comeconmigo.net\/wp-content\/uploads\/2023\/03\/Ensalada-de-Habitas-Tiernas-Rabanitos-7-300x201.jpg 300w, https:\/\/comeconmigo.net\/wp-content\/uploads\/2023\/03\/Ensalada-de-Habitas-Tiernas-Rabanitos-7-768x514.jpg 768w\" sizes=\"(max-width: 896px) 100vw, 896px\" \/>\n\t\t\t    <\/div>\n\t\t\t    <div class=\"container\">\n\t\t\t        <div class=\"col-md-5 col-md-pull-0 col-sm-7 col-sm-pull-4 v-align-transform\">\n\t\t\t            [vc_column_text]<\/p>\n<h3 style=\"text-align: left;\">SALADE DE F\u00c9VETTES &amp; RADIS ROSES<\/h3>\n<p>[\/vc_column_text]\n\t\t\t        <\/div>\n\t\t\t    <\/div>\n\t\t\t<\/section>\n\t\t[\/vc_column][vc_column width=\u00a0\u00bb5\/12&Prime;][vc_text_separator title=\u00a0\u00bbUn jour comme aujourd&rsquo;hui, il y a\u2026\u00a0\u00bb color=\u00a0\u00bbblack\u00a0\u00bb][vc_column_text]\u2026 1 an: <a href=\"https:\/\/comeconmigo.net\/galette-de-puerro-bacon\/\">Galette Poireau &amp; Bacon<\/a><\/p>\n<p>\u2026 2 ans: <a href=\"https:\/\/comeconmigo.net\/pancakes-de-trigo-sarraceno-pera\/\">Pancakes Farine de Sarrasin &amp; Poire<\/a><\/p>\n<p>\u2026 3 ans: <a href=\"https:\/\/comeconmigo.net\/bizcocho-de-vino-blanco\/\">G\u00e2teau au Vin Blanc<\/a><\/p>\n<p>\u2026 4 ans: <a href=\"https:\/\/comeconmigo.net\/ensalada-de-brecol-asado-con-almendras-albahaca\/\">Salade de Brocoli R\u00f4ti aux Amandes &amp; au Basilic<\/a><\/p>\n<p>\u2026 5 ans: <a href=\"https:\/\/comeconmigo.net\/galletas-de-mantequilla-bretonas-de-trigo-sarraceno-sin-gluten\/\">Galettes Sabl\u00e9es Bretonnes au Sarrasin (sans gluten)<\/a><\/p>\n<p>\u2026 6 ans: <a href=\"https:\/\/wp.me\/p9bheG-2Ae\">Salade d\u2019Endives, de Rhubarbe &amp; Fraise<\/a><\/p>\n<p>\u2026 7 ans: <a href=\"https:\/\/comeconmigo.net\/?p=626\">G\u00e2teau aux Fraises &amp; \u00e0 la Chantilly de Miquel<\/a><\/p>\n<p>\u2026 8 ans: <a href=\"https:\/\/comeconmigo.net\/?p=760\">Bacall\u00e0 alla Napoletana (morue \u00e0 la napolitaine)<\/a><\/p>\n<p>\u2026 9 ans: <a href=\"https:\/\/comeconmigo.net\/?p=834\">Confiture de Peaux d\u2019Oranges<\/a><\/p>\n<p>\u2026 10 ans: <a href=\"https:\/\/comeconmigo.net\/?p=56\">Chocolats mendiants \u00e0 la Fleur de Sel<\/a><\/p>\n<p>\u2026 11 ans: <a href=\"https:\/\/comeconmigo.net\/?p=173\">Saint Jacques pan\u00e9es aux Pistaches<\/a><\/p>\n<p>\u2026 12 ans: <a href=\"https:\/\/comeconmigo.net\/?p=298\">Confiture de Fraises &amp; Cardamomoe<\/a><\/p>\n<p>\u2026 13 ans: <a href=\"https:\/\/comeconmigo.net\/?p=389\">Flans au Th\u00e9 Earl Grey &amp; Gingembre caram\u00e9lis\u00e9<\/a>[\/vc_column_text][\/vc_column][\/vc_row][vc_row][vc_column width=\u00a0\u00bb1\/4&Prime; css=\u00a0\u00bb.vc_custom_1502280835828{background-color: #fff0dd !important;}\u00a0\u00bb][vc_column_text]<\/p>\n<h3 style=\"text-align: center;\">Pour 3 personnes<\/h3>\n<p style=\"text-align: center;\">Environ 250\/300g de petites f\u00e8ves fra\u00eeches (environ 1 kg de f\u00e8ves brutes)<\/p>\n<p style=\"text-align: center;\">1 bouquet de radis roses<\/p>\n<p style=\"text-align: center;\">2CS* d\u2019huile d\u2019olive<\/p>\n<p style=\"text-align: center;\">1CS* de jus de citron<\/p>\n<p style=\"text-align: center;\">1 oignon c\u00e9bette avec sa partie verte<\/p>\n<p style=\"text-align: center;\">2CS* de coriandre cisel\u00e9e<\/p>\n<p style=\"text-align: center;\">2CS* de persil cisel\u00e9<\/p>\n<p style=\"text-align: center;\">Entre \u00bc et \u00bd <a href=\"https:\/\/comeconmigo.net\/limones-confitados-a-la-sal-caseros\/\">citron confit au sel<\/a><\/p>\n<p style=\"text-align: center;\">\u00be cc** de cumin moulu<\/p>\n<p style=\"text-align: center;\">Sel, poivre<\/p>\n<p>[\/vc_column_text][\/vc_column][vc_column width=\u00a0\u00bb3\/4&Prime; css=\u00a0\u00bb.vc_custom_1502280820239{padding-top: 10px !important;padding-right: 10px !important;padding-bottom: 10px !important;padding-left: 10px !important;}\u00a0\u00bb][vc_column_text]<\/p>\n<p style=\"text-align: center;\">Eplucher les f\u00e8ves et les \u00e9bouillanter 1 minute. Egoutter et mettre de suite dans de l\u2019eau glac\u00e9e. Apr\u00e8s, s\u2019armer de patience et \u00f4ter la peau autour du coeur des f\u00e8ves, \u00e7a demande du travail mais du coup on n\u2019a plus aucune amertume.<\/p>\n<p style=\"text-align: center;\">Eplucher la c\u00e9bette et la d\u00e9couper en tr\u00e8s fines rondelles.<\/p>\n<p style=\"text-align: center;\">Enlever les feuilles des radis (en faire un pesto ou des cr\u00eapes) et bien \u00f4ter la terre des radis, les s\u00e9cher, les couper en 2 ou en 4 selon leur taille.<\/p>\n<p style=\"text-align: center;\">Rincer les citrons confits et en conserver uniquement la peau. La d\u00e9couper en tr\u00e8s petits d\u00e9s.<\/p>\n<p style=\"text-align: center;\">Dans un bol, \u00e9mulsionner l\u2019huile d\u2019olive avec le jus de citron, le cumin, le sel et le poivre.<\/p>\n<p style=\"text-align: center;\">Ajouter les radis, les f\u00e9vettes pel\u00e9es, le citron confit, le persil et la coriandre.<\/p>\n<p style=\"text-align: center;\">M\u00e9langer d\u00e9licatement et servir sans attendre.<\/p>\n<p style=\"text-align: center;\">Si vous ne consommez pas la salade imm\u00e9diatement, le mieux est de l\u2019assaisonner au tout dernier moment.<\/p>\n<p>[\/vc_column_text][vc_column_text]<\/p>\n<p style=\"text-align: center;\"><i>Bon profit!<\/i><\/p>\n<p><em>Quelques informations plus ou moins utiles<\/em><\/p>\n<p>*CS: Cuill\u00e8re \u00e0 Soupe<\/p>\n<p>**cc: cuill\u00e8re \u00e0 caf\u00e9[\/vc_column_text][vc_single_image image=\u00a0\u00bb11028&Prime; alignment=\u00a0\u00bbcenter\u00a0\u00bb][\/vc_column][\/vc_row][vc_row][vc_column][vc_column_text]<\/p>\n<h3>Encore un petit creux\u2026<\/h3>\n<p>[\/vc_column_text][vc_basic_grid post_type=\u00a0\u00bbpost\u00a0\u00bb max_items=\u00a0\u00bb6&Prime; element_width=\u00a0\u00bb2&Prime; gap=\u00a0\u00bb0&Prime; orderby=\u00a0\u00bbrand\u00a0\u00bb item=\u00a0\u00bbbasicGrid_VerticalFlip\u00a0\u00bb grid_id=\u00a0\u00bbvc_gid:1679680745415-9905558d-70d1-1&Prime; taxonomies=\u00a0\u00bb449, 300&Prime;][\/vc_column][\/vc_row]<\/p>","protected":false},"excerpt":{"rendered":"<p>\u00c7a commence \u00e0 sentir le printemps sur le march\u00e9!<\/p>\n","protected":false},"author":2,"featured_media":31830,"comment_status":"open","ping_status":"closed","sticky":false,"template":"","format":"standard","meta":[],"categories":[1,449,400,300],"tags":[],"jetpack_featured_media_url":"https:\/\/comeconmigo.net\/wp-content\/uploads\/2023\/03\/Ensalada-de-Habitas-Tiernas-Rabanitos-6.jpg","_links":{"self":[{"href":"https:\/\/comeconmigo.net\/fr\/wp-json\/wp\/v2\/posts\/31670"}],"collection":[{"href":"https:\/\/comeconmigo.net\/fr\/wp-json\/wp\/v2\/posts"}],"about":[{"href":"https:\/\/comeconmigo.net\/fr\/wp-json\/wp\/v2\/types\/post"}],"author":[{"embeddable":true,"href":"https:\/\/comeconmigo.net\/fr\/wp-json\/wp\/v2\/users\/2"}],"replies":[{"embeddable":true,"href":"https:\/\/comeconmigo.net\/fr\/wp-json\/wp\/v2\/comments?post=31670"}],"version-history":[{"count":0,"href":"https:\/\/comeconmigo.net\/fr\/wp-json\/wp\/v2\/posts\/31670\/revisions"}],"wp:featuredmedia":[{"embeddable":true,"href":"https:\/\/comeconmigo.net\/fr\/wp-json\/wp\/v2\/media\/31830"}],"wp:attachment":[{"href":"https:\/\/comeconmigo.net\/fr\/wp-json\/wp\/v2\/media?parent=31670"}],"wp:term":[{"taxonomy":"category","embeddable":true,"href":"https:\/\/comeconmigo.net\/fr\/wp-json\/wp\/v2\/categories?post=31670"},{"taxonomy":"post_tag","embeddable":true,"href":"https:\/\/comeconmigo.net\/fr\/wp-json\/wp\/v2\/tags?post=31670"}],"curies":[{"name":"wp","href":"https:\/\/api.w.org\/{rel}","templated":true}]}}