{"id":31651,"date":"2023-03-10T08:00:28","date_gmt":"2023-03-10T07:00:28","guid":{"rendered":"https:\/\/comeconmigo.net\/?p=31651"},"modified":"2023-03-07T15:45:27","modified_gmt":"2023-03-07T14:45:27","slug":"coda-alla-vaccinara-o-rabo-al-estilo-italiano","status":"publish","type":"post","link":"https:\/\/comeconmigo.net\/fr\/coda-alla-vaccinara-o-rabo-al-estilo-italiano\/","title":{"rendered":"CODA ALLA VACCINARA ou QUEUE DE BOEUF \u00c0 L&rsquo;ITALIENNE"},"content":{"rendered":"<p>[vc_row][vc_column][vc_column_text]Avant que le froid ne disparaisse compl\u00e8tement et que le printemps fasse son entr\u00e9e en sc\u00e8ne, je voulais partager avec vous une recette d\u00e9couverte lorsque nous vivions en Italie et que k\u2019on prend plaisir \u00e0 refaire de temps en temps.<\/p>\n<p>C\u2019est la version italienne du <a href=\"https:\/\/comeconmigo.net\/proyecto-roca-rabo-de-ternera-al-vino-tinto\/\">rago\u00fbt de queue de boeuf au vin rouge<\/a>. Mais ici, pas de vin rouge et une sauce o\u00f9 le c\u00e9leri, la concass\u00e9e de tomate et le vin blnac sont les acteurs en vue.<\/p>\n<p>Et en touche finale, des pignons de pin torr\u00e9fi\u00e9s et des raisins secs r\u00e9hydrat\u00e9s viennent couronner le tout.<\/p>\n<p>Si vous aimez les rago\u00fbts de viande, je ne peux que vous conseiller de go\u00fbter \u00e0 cette recette, qui tout comme <a href=\"https:\/\/comeconmigo.net\/mi-contribucion-para-el-hemc47-rabo-de-ternera-en-su-propia-gelatina\/\">la terrine de queue de boeuf dans sa propre gel\u00e9e<\/a>, sont un r\u00e9gal pour les amateurs de ce morceau de choix.<br \/>\nBon week-end![\/vc_column_text][vc_single_image image=\u00a0\u00bb31772&Prime; img_size=\u00a0\u00bb400&#215;600&Prime; alignment=\u00a0\u00bbcenter\u00a0\u00bb][\/vc_column][\/vc_row][vc_row][vc_column width=\u00a0\u00bb7\/12&Prime;][vc_text_separator title=\u00a0\u00bbAujourd&rsquo;hui&#8230;\u00a0\u00bb color=\u00a0\u00bbblack\u00a0\u00bb]\n\t\t\t<section class=\"image-edge\">\n\t\t\t    <div class=\"col-md-6 col-sm-4 p0 col-md-push-6 col-sm-push-8\">\n\t\t\t        <img width=\"861\" height=\"600\" src=\"https:\/\/comeconmigo.net\/wp-content\/uploads\/2023\/03\/Rabo-alla-vaccinara-3.jpg\" class=\"mb-xs-24\" alt=\"\" loading=\"lazy\" srcset=\"https:\/\/comeconmigo.net\/wp-content\/uploads\/2023\/03\/Rabo-alla-vaccinara-3.jpg 861w, https:\/\/comeconmigo.net\/wp-content\/uploads\/2023\/03\/Rabo-alla-vaccinara-3-300x209.jpg 300w, https:\/\/comeconmigo.net\/wp-content\/uploads\/2023\/03\/Rabo-alla-vaccinara-3-768x535.jpg 768w\" sizes=\"(max-width: 861px) 100vw, 861px\" \/>\n\t\t\t    <\/div>\n\t\t\t    <div class=\"container\">\n\t\t\t        <div class=\"col-md-5 col-md-pull-0 col-sm-7 col-sm-pull-4 v-align-transform\">\n\t\t\t            [vc_column_text]<\/p>\n<h3 style=\"text-align: left;\">CODA ALLA VACCINARA ou QUEUE DE BOEUF \u00c0 L&rsquo;ITALIENNE<\/h3>\n<p>[\/vc_column_text]\n\t\t\t        <\/div>\n\t\t\t    <\/div>\n\t\t\t<\/section>\n\t\t[\/vc_column][vc_column width=\u00a0\u00bb5\/12&Prime;][vc_text_separator title=\u00a0\u00bbUn jour comme aujourd&rsquo;hui, il y a\u2026\u00a0\u00bb color=\u00a0\u00bbblack\u00a0\u00bb][vc_column_text]\u2026 1 an: <a href=\"https:\/\/comeconmigo.net\/carbonara-con-tallarines-de-sepia\/\">Tagliatelles de Seiche fa\u00e7on Carbonara<\/a><\/p>\n<p>\u2026 2 ans: <a href=\"https:\/\/comeconmigo.net\/limones-confitados-en-aceite-de-oliva\/\">Citrons confits \u00e0 l\u2019Huile d\u2019Olive<\/a><\/p>\n<p>\u2026 3 ans: <a href=\"https:\/\/comeconmigo.net\/ensalada-detox-de-invierno-rabano-negro-hinojo-manzana\/\">Salade D\u00e9tox d\u2019Hiver (Radis Noir, Fenouil &amp; Pomme)<\/a><\/p>\n<p>\u2026 4 ans: <a href=\"https:\/\/comeconmigo.net\/hummus-de-alubias-blancas\/\">Houmous de Haricots Blancs<\/a><\/p>\n<p>\u2026 5 ans:\u00a0 <a href=\"https:\/\/comeconmigo.net\/top6-recetas-con-coles\/\">TOP6 Recettes aux Choux<\/a><\/p>\n<p>\u2026 6 ans: <a href=\"https:\/\/wp.me\/p9bheG-2yv\">Boulettes de Seiche aux P\u00e2tes<\/a><\/p>\n<p>\u2026 7 ans: <a href=\"https:\/\/comeconmigo.net\/?p=633\">Endives gratin\u00e9es au Jambon fa\u00e7on Ottolenghi<\/a><\/p>\n<p>\u2026 8 ans: <a href=\"https:\/\/comeconmigo.net\/?p=767\">Tarte \u00e0 la Confiture de Pommes<\/a><\/p>\n<p>\u2026 9 ans: <a href=\"https:\/\/comeconmigo.net\/?p=841\">Strudel L\u00e9ger aux Pommes (\u00e0 la P\u00e2te Filo)<\/a><\/p>\n<p>\u2026 10 ans: <a href=\"https:\/\/comeconmigo.net\/?p=61\">Tartelettes-Aumoni\u00e8res \u00e0 la Farine Compl\u00e8te aux Pommes<\/a><\/p>\n<p>\u2026 11 ans: <a href=\"https:\/\/comeconmigo.net\/?p=179\">Une Salade de Chou-Rouge<\/a><\/p>\n<p>\u2026 12 ans: <a href=\"https:\/\/comeconmigo.net\/?p=306\">Velout\u00e9 Orange (Courge\/Carotte\/Orange)<\/a><\/p>\n<p>\u2026 13 ans: <a href=\"https:\/\/comeconmigo.net\/?p=398\">Cocottes Poulet, Poireaux &amp; Raisins<\/a>[\/vc_column_text][\/vc_column][\/vc_row][vc_row][vc_column width=\u00a0\u00bb1\/4&Prime; css=\u00a0\u00bb.vc_custom_1502280835828{background-color: #fff0dd !important;}\u00a0\u00bb][vc_column_text]<\/p>\n<h3 style=\"text-align: center;\">Pour 6 personnes<\/h3>\n<p style=\"text-align: center;\">2kg de queue de boeuf coup\u00e9e en morceaux r\u00e9guliers<\/p>\n<p style=\"text-align: center;\">200g de poitrine fum\u00e9e ou de bacon en tranche \u00e9paisse pour y d\u00e9couper de beaux lardons<\/p>\n<p style=\"text-align: center;\">4 grosses branches de c\u00e9leri<\/p>\n<p style=\"text-align: center;\">1 gros oignon<\/p>\n<p style=\"text-align: center;\">2 grosses carottes<\/p>\n<p style=\"text-align: center;\">200ml de vin blanc<\/p>\n<p style=\"text-align: center;\">2 clous de girofle<\/p>\n<p style=\"text-align: center;\">800g de tomate concass\u00e9e au naturel en conserve (ou fra\u00eeche en saison)<\/p>\n<p style=\"text-align: center;\">1 gousse d\u2019ail<\/p>\n<p style=\"text-align: center;\">2CS* de raisins secs<\/p>\n<p style=\"text-align: center;\">2CS* de pignons de pin<\/p>\n<p style=\"text-align: center;\">1cc** de cacao en poudre d\u00e9graiss\u00e9<\/p>\n<p style=\"text-align: center;\">1CS* d\u2019huile d\u2019olive<\/p>\n<p style=\"text-align: center;\">Sel, poivre<\/p>\n<p>[\/vc_column_text][\/vc_column][vc_column width=\u00a0\u00bb3\/4&Prime; css=\u00a0\u00bb.vc_custom_1502280820239{padding-top: 10px !important;padding-right: 10px !important;padding-bottom: 10px !important;padding-left: 10px !important;}\u00a0\u00bb][vc_column_text]<\/p>\n<p style=\"text-align: center;\">Chauffer l\u2019huile dans une cocotte en fonte et y faire dorer la poitrine fum\u00e9e pour \u00f4ter son gras.<\/p>\n<p style=\"text-align: center;\">Bien s\u00e9cher les morceaux de viande.<\/p>\n<p style=\"text-align: center;\">Eplucher l\u2019ail et l\u2019oignon et couper en cubes pas trop gros. Eplucher les carottes et les d\u00e9couper en cubes. \u00d4ter les fils du c\u00e9leri et d\u00e9couper en gros cubes.<\/p>\n<p style=\"text-align: center;\">Oter le bacon de la cocotte et le remplacer par les morceaux de queue de boeuf en les retournant pour bien les saisir sur toutes leurs faces. Ajouter alors les l\u00e9gumes, le bacon et les clous de girofle<\/p>\n<p style=\"text-align: center;\">Baisser le feu et laisser cuire 5\/10 minutes en m\u00e9langeant bien pour attendrir les l\u00e9gumes.<\/p>\n<p style=\"text-align: center;\">Verser le vin blnac \u00e0 feu vif et laisser \u00e9vaporer compl\u00e8tement. Hacher finement au couteau ou au robot les tomates et les rajouter dans la cocotte. Bien m\u00e9langer et laisser cuire \u00e0 feu tr\u00e8s doux et \u00e0 couvert pendant environ 3heures, la viande doit \u00eatre bien tendre et se d\u00e9tacher des os. Si jamais la pr\u00e9paration semble s\u00e9cher un peu, ajouter un peu d\u2019eau ou de bouillon chaud.<\/p>\n<p style=\"text-align: center;\">Pendant la cuisson, mettre les raisins secs \u00e0 tremper dans de l\u2019eau ti\u00e8de.<\/p>\n<p style=\"text-align: center;\">Au bout des 3 heures de cuisson, rajouter dans la cocotte les raisins secs \u00e9goutt\u00e9s et les pignons de pin et laisser cuire quelques minutes. M\u00e9langer une louche de sauce avec le cacao en poudre pour le diluer et le remettre dans la sauce. Bien m\u00e9langer et laisser cuire encore une demi-heure pour que la sauce finisse d\u2019\u00e9paissir.<\/p>\n<p style=\"text-align: center;\">Laisser reposer quelques minutes ou encore mieux, pr\u00e9parer de la veille pour le lendemain avant de r\u00e9chauffer pour servir bien chaud. Et n\u2019oublier pas de pr\u00e9voir du bon pain pour saucer par que ce sera dur d\u2019y r\u00e9sister ;o)<\/p>\n<p>[\/vc_column_text][vc_column_text]<\/p>\n<p style=\"text-align: center;\"><i>Bon profit!<\/i><\/p>\n<p><em>Quelques informations plus ou moins utiles<\/em><\/p>\n<p>*CS: Cuill\u00e8re \u00e0 Soupe<\/p>\n<p>**cc: cuill\u00e8re \u00e0 caf\u00e9[\/vc_column_text][vc_single_image image=\u00a0\u00bb11028&Prime; alignment=\u00a0\u00bbcenter\u00a0\u00bb][\/vc_column][\/vc_row][vc_row][vc_column][vc_column_text]<\/p>\n<h3>Encore un petit creux\u2026<\/h3>\n<p>[\/vc_column_text][vc_basic_grid post_type=\u00a0\u00bbpost\u00a0\u00bb max_items=\u00a0\u00bb6&Prime; element_width=\u00a0\u00bb2&Prime; gap=\u00a0\u00bb0&Prime; orderby=\u00a0\u00bbrand\u00a0\u00bb item=\u00a0\u00bbbasicGrid_VerticalFlip\u00a0\u00bb grid_id=\u00a0\u00bbvc_gid:1678200096856-2c609a0a-0bc0-8&Prime; taxonomies=\u00a0\u00bb273&Prime;][\/vc_column][\/vc_row]<\/p>","protected":false},"excerpt":{"rendered":"<p>Un classique de la cuisine italienne.<\/p>\n","protected":false},"author":2,"featured_media":31774,"comment_status":"open","ping_status":"closed","sticky":false,"template":"","format":"standard","meta":[],"categories":[1,273,320,485],"tags":[],"jetpack_featured_media_url":"https:\/\/comeconmigo.net\/wp-content\/uploads\/2023\/03\/Rabo-alla-vaccinara-6.jpg","_links":{"self":[{"href":"https:\/\/comeconmigo.net\/fr\/wp-json\/wp\/v2\/posts\/31651"}],"collection":[{"href":"https:\/\/comeconmigo.net\/fr\/wp-json\/wp\/v2\/posts"}],"about":[{"href":"https:\/\/comeconmigo.net\/fr\/wp-json\/wp\/v2\/types\/post"}],"author":[{"embeddable":true,"href":"https:\/\/comeconmigo.net\/fr\/wp-json\/wp\/v2\/users\/2"}],"replies":[{"embeddable":true,"href":"https:\/\/comeconmigo.net\/fr\/wp-json\/wp\/v2\/comments?post=31651"}],"version-history":[{"count":0,"href":"https:\/\/comeconmigo.net\/fr\/wp-json\/wp\/v2\/posts\/31651\/revisions"}],"wp:featuredmedia":[{"embeddable":true,"href":"https:\/\/comeconmigo.net\/fr\/wp-json\/wp\/v2\/media\/31774"}],"wp:attachment":[{"href":"https:\/\/comeconmigo.net\/fr\/wp-json\/wp\/v2\/media?parent=31651"}],"wp:term":[{"taxonomy":"category","embeddable":true,"href":"https:\/\/comeconmigo.net\/fr\/wp-json\/wp\/v2\/categories?post=31651"},{"taxonomy":"post_tag","embeddable":true,"href":"https:\/\/comeconmigo.net\/fr\/wp-json\/wp\/v2\/tags?post=31651"}],"curies":[{"name":"wp","href":"https:\/\/api.w.org\/{rel}","templated":true}]}}