{"id":31468,"date":"2023-02-15T08:00:48","date_gmt":"2023-02-15T07:00:48","guid":{"rendered":"https:\/\/comeconmigo.net\/?p=31468"},"modified":"2023-02-07T12:19:02","modified_gmt":"2023-02-07T11:19:02","slug":"caldo-de-inspiracion-asiatica-con-su-guarnicion","status":"publish","type":"post","link":"https:\/\/comeconmigo.net\/fr\/caldo-de-inspiracion-asiatica-con-su-guarnicion\/","title":{"rendered":"BOUILLON D&rsquo;INSPIRATION ASIATIQUE &#038; SES GARNITURES"},"content":{"rendered":"<p>[vc_row][vc_column][vc_column_text]Avec le froid des derniers jours, plus que jamais, on appr\u00e9cie <a href=\"https:\/\/comeconmigo.net\/fr\/category\/sopas-cremas-contra-el-frio\/\">les bouillons bien chauds<\/a> le soir.<\/p>\n<p>Je pens\u00e9 en avoir d\u00e9j\u00e0 parl\u00e9, mais 2 fois par an je vide cong\u00e9lateur et placards pour ne rien g\u00e2cher. Ce jour-l\u00e0, c\u2019\u00e9tait au tour du cong\u00e9lateur et j\u2019ai retrouv\u00e9 des aromates asiatiques qui attendaient leur sort: du galanga, de la citronnelle et des feuilles de citron k\u00e9fir.<\/p>\n<p>En g\u00e9n\u00e9ral quand je vais \u00e0 l\u2019\u00e9picerie asiatique je fais le plein et je cong\u00e8le pour en avoir toujours sous la main mais je n\u2019aime pas non plus les conserver trop longtemps car leur go\u00fbt s\u2019att\u00e9nue au fil des mois.<\/p>\n<p><a href=\"https:\/\/comeconmigo.net\/wp-content\/uploads\/2023\/02\/Caldo-de-Inspiracion-Asiatica-con-su-Guarnicion-2.jpg\"><img loading=\"lazy\" class=\"size-medium wp-image-31622 aligncenter\" src=\"https:\/\/comeconmigo.net\/wp-content\/uploads\/2023\/02\/Caldo-de-Inspiracion-Asiatica-con-su-Guarnicion-2-224x300.jpg\" alt=\"\" width=\"224\" height=\"300\" srcset=\"https:\/\/comeconmigo.net\/wp-content\/uploads\/2023\/02\/Caldo-de-Inspiracion-Asiatica-con-su-Guarnicion-2-224x300.jpg 224w, https:\/\/comeconmigo.net\/wp-content\/uploads\/2023\/02\/Caldo-de-Inspiracion-Asiatica-con-su-Guarnicion-2.jpg 673w\" sizes=\"(max-width: 224px) 100vw, 224px\" \/><\/a>Du coup je me suis dit qu\u2019un bouillon asiatique tout simple serait parfait pour se r\u00e9chauffer en r\u00eavant \u00e0 des destinations ensoleill\u00e9es.<\/p>\n<p>C\u2019est aussi simple que de tout faire infuser dans un bouillon et pour en faire un repas complet, y rajouter des nouilles de riz, des petits l\u00e9gumes de saison et un blanc de poulet.<\/p>\n<p>Simple et parfum\u00e9, en plus <a href=\"https:\/\/comeconmigo.net\/fr\/category\/aqui-no-se-tira-nada\/\">#Z\u00e9roG\u00e2chis<\/a>!<\/p>\n<p>Bon mercredi![\/vc_column_text][vc_single_image image=\u00a0\u00bb31620&Prime; img_size=\u00a0\u00bb400&#215;600&Prime; alignment=\u00a0\u00bbcenter\u00a0\u00bb][\/vc_column][\/vc_row][vc_row][vc_column width=\u00a0\u00bb7\/12&Prime;][vc_text_separator title=\u00a0\u00bbAujourd&rsquo;hui&#8230;\u00a0\u00bb color=\u00a0\u00bbblack\u00a0\u00bb]\n\t\t\t<section class=\"image-edge\">\n\t\t\t    <div class=\"col-md-6 col-sm-4 p0 col-md-push-6 col-sm-push-8\">\n\t\t\t        <img width=\"900\" height=\"737\" src=\"https:\/\/comeconmigo.net\/wp-content\/uploads\/2023\/02\/Caldo-de-Inspiracion-Asiatica-con-su-Guarnicion-6.jpg\" class=\"mb-xs-24\" alt=\"\" loading=\"lazy\" srcset=\"https:\/\/comeconmigo.net\/wp-content\/uploads\/2023\/02\/Caldo-de-Inspiracion-Asiatica-con-su-Guarnicion-6.jpg 900w, https:\/\/comeconmigo.net\/wp-content\/uploads\/2023\/02\/Caldo-de-Inspiracion-Asiatica-con-su-Guarnicion-6-300x246.jpg 300w, https:\/\/comeconmigo.net\/wp-content\/uploads\/2023\/02\/Caldo-de-Inspiracion-Asiatica-con-su-Guarnicion-6-768x629.jpg 768w\" sizes=\"(max-width: 900px) 100vw, 900px\" \/>\n\t\t\t    <\/div>\n\t\t\t    <div class=\"container\">\n\t\t\t        <div class=\"col-md-5 col-md-pull-0 col-sm-7 col-sm-pull-4 v-align-transform\">\n\t\t\t            [vc_column_text]<\/p>\n<h3 style=\"text-align: left;\">BOUILLON D&rsquo;INSPIRATION ASIATIQUE &amp; SES GARNITURES<\/h3>\n<p>[\/vc_column_text]\n\t\t\t        <\/div>\n\t\t\t    <\/div>\n\t\t\t<\/section>\n\t\t[\/vc_column][vc_column width=\u00a0\u00bb5\/12&Prime;][vc_text_separator title=\u00a0\u00bbUn jour comme aujourd&rsquo;hui, il y a\u2026\u00a0\u00bb color=\u00a0\u00bbblack\u00a0\u00bb][vc_column_text]\u2026 1 an: <a href=\"https:\/\/comeconmigo.net\/tortitas-de-apionabo-con-bacon-salsita\/\">Galettes au C\u00e9leri Rave, Bacon &amp; Sauce<\/a><\/p>\n<p>\u2026 2 ans: <a href=\"https:\/\/comeconmigo.net\/guiso-de-alcachofas-gambas\/\">Rago\u00fbt Artichauts &amp; Crevettes<\/a><\/p>\n<p>\u2026 3 ans: <a href=\"https:\/\/comeconmigo.net\/tarta-salada-de-boniatos\/\">Tarte sal\u00e9e aux Patates Douces<\/a><\/p>\n<p>\u2026 4 ans: <a href=\"https:\/\/comeconmigo.net\/las-gougeres-de-mi-marido\/\">Les Goug\u00e8res de mon Mari<\/a><\/p>\n<p>\u2026 5 ans: <a href=\"https:\/\/comeconmigo.net\/top6-galletas-consejos-para-disfrutar-cocinando-con-ninos\/\">TOP6 Biscuits &amp; Conseils pour cuisiner avec les Enfants en s\u2019amusant<\/a><\/p>\n<p>\u2026 6 ans: <a href=\"https:\/\/wp.me\/p9bheG-1ib\">Boulettes l\u00e9g\u00e8res de Blettes sauce \u00e0 l\u2019Oseille<\/a><\/p>\n<p>\u2026 7 ans: <a href=\"https:\/\/comeconmigo.net\/?p=642\">Veau aux Petits Pois \u00e0 la Catalane<\/a><\/p>\n<p>\u2026 8 ans: <a href=\"https:\/\/comeconmigo.net\/?p=776\">Salade de F\u00e9vettes \u00e0 la Menthe<\/a><\/p>\n<p>\u2026 9 ans: <a href=\"https:\/\/comeconmigo.net\/?p=849\">Boulettes de Poulet, Chorizo &amp; Dattes<\/a><\/p>\n<p>\u2026 10 ans: <a href=\"https:\/\/comeconmigo.net\/?p=68\">Velout\u00e9 Poireaux\/Coings<\/a><\/p>\n<p>\u2026 11 ans: <a href=\"https:\/\/comeconmigo.net\/?p=186\">Boulettes de Semoule sauce Couscous<\/a><\/p>\n<p>\u2026 12 ans: <a href=\"https:\/\/comeconmigo.net\/?p=318\">M\u00e9lange de Fruits Secs \u00e9pic\u00e9s<\/a><\/p>\n<p>\u2026 13 ans: <a href=\"https:\/\/comeconmigo.net\/?p=408\">Trinxat (\u00e9cras\u00e9e de chou et pomme de terre) \u00e0 ma fa\u00e7on<\/a>[\/vc_column_text][\/vc_column][\/vc_row][vc_row][vc_column width=\u00a0\u00bb1\/4&Prime; css=\u00a0\u00bb.vc_custom_1502280835828{background-color: #fff0dd !important;}\u00a0\u00bb][vc_column_text]<\/p>\n<h3 style=\"text-align: center;\">Pour \u00be personnes<\/h3>\n<p style=\"text-align: center;\"><em><u>Pour le bouillon<\/u><\/em><\/p>\n<p style=\"text-align: center;\">1,5l de bouillon de poulet<\/p>\n<p style=\"text-align: center;\">Un morceau de gingembre gros comme 2 pouces coup\u00e9 en tranches fines<\/p>\n<p style=\"text-align: center;\">Un morceau de galanga gros comme 2 pouces coup\u00e9 en tranches fines<\/p>\n<p style=\"text-align: center;\">2 piments rouges<\/p>\n<p style=\"text-align: center;\">2 b\u00e2tons de citronnelle coup\u00e9s en 2 ou 3 et bien \u00e9cras\u00e9es avec le plat du couteau pour lib\u00e9rer leurs ar\u00f4mes<\/p>\n<p style=\"text-align: center;\">10 feuilles de citron k\u00e9fir<\/p>\n<p style=\"text-align: center;\">Les branches d\u2019un bouquet de coriandre (sans les feuilles)<\/p>\n<p style=\"text-align: center;\">3CS* de nuoc mam<\/p>\n<p style=\"text-align: center;\">1CS* de miel<\/p>\n<p style=\"text-align: center;\"><em><u>Pour la garniture<\/u><\/em><\/p>\n<p style=\"text-align: center;\">200g de p\u00e2tes de riz mises \u00e0 tremper selon les indications du fabricant<\/p>\n<p style=\"text-align: center;\">1 reste de blanc de poulet r\u00f4ti ou grill\u00e9 \u00e0 la po\u00eale (ou des crevette, ou du boeuf)<\/p>\n<p style=\"text-align: center;\">1 petit poireau<\/p>\n<p style=\"text-align: center;\">La partie verte d\u2019un oignon c\u00e9bette<\/p>\n<p style=\"text-align: center;\">250g de champignons de Paris<\/p>\n<p>[\/vc_column_text][\/vc_column][vc_column width=\u00a0\u00bb3\/4&Prime; css=\u00a0\u00bb.vc_custom_1502280820239{padding-top: 10px !important;padding-right: 10px !important;padding-bottom: 10px !important;padding-left: 10px !important;}\u00a0\u00bb][vc_column_text]<\/p>\n<p style=\"text-align: center;\"><em><u>Pour le bouillon<\/u><\/em><\/p>\n<p style=\"text-align: center;\">Commencer par pr\u00e9parer le bouillon, plus il infuse, plus il sera parfum\u00e9. Vous pouvez lancer cette \u00e9tape en avance et r\u00e9chauffer au dernier momento avant d\u2019y rajouter les garnitures.<\/p>\n<p style=\"text-align: center;\"><a href=\"https:\/\/comeconmigo.net\/wp-content\/uploads\/2023\/02\/Caldo-de-Inspiracion-Asiatica-con-su-Guarnicion-1.jpg\"><img loading=\"lazy\" class=\"size-medium wp-image-31621 aligncenter\" src=\"https:\/\/comeconmigo.net\/wp-content\/uploads\/2023\/02\/Caldo-de-Inspiracion-Asiatica-con-su-Guarnicion-1-225x300.jpg\" alt=\"\" width=\"225\" height=\"300\" srcset=\"https:\/\/comeconmigo.net\/wp-content\/uploads\/2023\/02\/Caldo-de-Inspiracion-Asiatica-con-su-Guarnicion-1-225x300.jpg 225w, https:\/\/comeconmigo.net\/wp-content\/uploads\/2023\/02\/Caldo-de-Inspiracion-Asiatica-con-su-Guarnicion-1.jpg 674w\" sizes=\"(max-width: 225px) 100vw, 225px\" \/><\/a>Dans une grande casserole, rassembler tous les ingr\u00e9dients et porter \u00e0 \u00e9bullition. Baisser et laisser cuire \u00e0 demi-couvert \u00e0 feu moyen\/doux pendant 20 minutes. Oter du feu et laisser infuser au moins 20 minutes mais si c\u2019est plus longtemps, c\u2019est encore mieux.<\/p>\n<p style=\"text-align: center;\"><em><u>Pour la garniture<\/u><\/em><\/p>\n<p style=\"text-align: center;\">Le bouillon tel que est d\u00e9licieux mais j\u2019aime bien le compl\u00e9ter pour en faire un repas complet.<\/p>\n<p style=\"text-align: center;\">Couper le blanc de poulet en fines lamelles et r\u00e9server.<\/p>\n<p style=\"text-align: center;\">Oter les parties dures et fonc\u00e9es du poireau et couper en tr\u00e8s fines rondelles. Faire de m\u00eame avec la c\u00e9bette.<\/p>\n<p style=\"text-align: center;\">Nettoyer les champignons et les couper eux aussi en lamelles fines.<\/p>\n<p style=\"text-align: center;\">Peu avant de servir, filtrer le bouillon et ajuster en sel (en nuoc mam pour moi) et porter \u00e0 \u00e9bullition. Ajouter le poireau, les champignons et donner un bouillon. L\u2019id\u00e9e est juste de leur \u00f4ter leur c\u00f4t\u00e9 cru mais sans les cuire totalement.<\/p>\n<p style=\"text-align: center;\">Dans des bols larges, r\u00e9partir les nouilles de riz pr\u00e9par\u00e9es et bien \u00e9goutt\u00e9es et rajouter les lamelles de poulet.<br \/>\nVerser le bouillon bien chaud par-dessus avec les l\u00e9gumes et terminer avec l\u2019oignon c\u00e9bette.<\/p>\n<p style=\"text-align: center;\">R\u00e9galez-vous!<\/p>\n<p>[\/vc_column_text][vc_column_text]<\/p>\n<p style=\"text-align: center;\"><i>Bon profit!<\/i><\/p>\n<p><em>Quelques informations plus ou moins utiles<\/em><\/p>\n<p>*CS: Cuill\u00e8re \u00e0 Soupe[\/vc_column_text][vc_single_image image=\u00a0\u00bb11028&Prime; alignment=\u00a0\u00bbcenter\u00a0\u00bb][\/vc_column][\/vc_row][vc_row][vc_column][vc_column_text]<\/p>\n<h3>Encore un petit creux\u2026<\/h3>\n<p>[\/vc_column_text][vc_basic_grid post_type=\u00a0\u00bbpost\u00a0\u00bb max_items=\u00a0\u00bb6&Prime; element_width=\u00a0\u00bb2&Prime; gap=\u00a0\u00bb0&Prime; orderby=\u00a0\u00bbrand\u00a0\u00bb item=\u00a0\u00bbbasicGrid_VerticalFlip\u00a0\u00bb grid_id=\u00a0\u00bbvc_gid:1675768515116-1c820782-e206-0&Prime; taxonomies=\u00a0\u00bb317&Prime;][\/vc_column][\/vc_row]<\/p>","protected":false},"excerpt":{"rendered":"<p>Vive l&rsquo;impro!<\/p>\n","protected":false},"author":2,"featured_media":31623,"comment_status":"open","ping_status":"closed","sticky":false,"template":"","format":"standard","meta":[],"categories":[525,262,1,471,295,298,317],"tags":[],"jetpack_featured_media_url":"https:\/\/comeconmigo.net\/wp-content\/uploads\/2023\/02\/Caldo-de-Inspiracion-Asiatica-con-su-Guarnicion-5.jpg","_links":{"self":[{"href":"https:\/\/comeconmigo.net\/fr\/wp-json\/wp\/v2\/posts\/31468"}],"collection":[{"href":"https:\/\/comeconmigo.net\/fr\/wp-json\/wp\/v2\/posts"}],"about":[{"href":"https:\/\/comeconmigo.net\/fr\/wp-json\/wp\/v2\/types\/post"}],"author":[{"embeddable":true,"href":"https:\/\/comeconmigo.net\/fr\/wp-json\/wp\/v2\/users\/2"}],"replies":[{"embeddable":true,"href":"https:\/\/comeconmigo.net\/fr\/wp-json\/wp\/v2\/comments?post=31468"}],"version-history":[{"count":0,"href":"https:\/\/comeconmigo.net\/fr\/wp-json\/wp\/v2\/posts\/31468\/revisions"}],"wp:featuredmedia":[{"embeddable":true,"href":"https:\/\/comeconmigo.net\/fr\/wp-json\/wp\/v2\/media\/31623"}],"wp:attachment":[{"href":"https:\/\/comeconmigo.net\/fr\/wp-json\/wp\/v2\/media?parent=31468"}],"wp:term":[{"taxonomy":"category","embeddable":true,"href":"https:\/\/comeconmigo.net\/fr\/wp-json\/wp\/v2\/categories?post=31468"},{"taxonomy":"post_tag","embeddable":true,"href":"https:\/\/comeconmigo.net\/fr\/wp-json\/wp\/v2\/tags?post=31468"}],"curies":[{"name":"wp","href":"https:\/\/api.w.org\/{rel}","templated":true}]}}