{"id":31152,"date":"2022-12-02T08:00:08","date_gmt":"2022-12-02T07:00:08","guid":{"rendered":"https:\/\/comeconmigo.net\/?p=31152"},"modified":"2022-11-28T18:42:31","modified_gmt":"2022-11-28T17:42:31","slug":"estrellas-de-diciembre-galletas-navidenas-2a-entrega","status":"publish","type":"post","link":"https:\/\/comeconmigo.net\/fr\/estrellas-de-diciembre-galletas-navidenas-2a-entrega\/","title":{"rendered":"STARS DE D\u00c9CEMBRE: BISCUITS DE NO\u00cbL 2\u00e8me acte"},"content":{"rendered":"<p>[vc_row][vc_column][vc_column_text]Comme chaque 1er vendredi du mois, je vous propose une compil\u2019 de recettes que nous adorons et qui sont parfois bien perdues entre les plus de 1500 recettes du blog.<\/p>\n<p>Et oui, \u00e7a y est, D\u00e9cembre est l\u00e0! Apr\u00e8s avoir beaucoup r\u00e9fl\u00e9chi \u00e0 la th\u00e9matique du mois, j\u2019ai choisi <a href=\"https:\/\/comeconmigo.net\/top6-galletas-navidenas\/\">d\u2019actualiser une publication de 2017 o\u00f9 je partageais mes biscuits de No\u00ebl pr\u00e9f\u00e9r\u00e9s<\/a>. Au fil des ans, mon r\u00e9pertoire s\u2019est \u00e9toff\u00e9 et il \u00e9tait temps de compl\u00e9ter mon best of pour <a href=\"https:\/\/comeconmigo.net\/fr\/category\/cestas-para-regalar\/\">garnir vos paniers gourmands<\/a> o)<\/p>\n<p>On commence avec des <a href=\"https:\/\/comeconmigo.net\/galletas-de-turron-de-jijona-o\/\">biscuits au turr\u00f3n de Jijona<\/a>, parfaits pour rentrer en mode No\u00ebl tout comme les <a href=\"https:\/\/comeconmigo.net\/hojaldrinas\/\">hojaldrinas<\/a>, ces petits feuillet\u00e9s associ\u00e9s pour moi aux f\u00eates de fin d\u2019ann\u00e9e. Quoique chez moi certains pr\u00e9f\u00e8rent les <a href=\"https:\/\/comeconmigo.net\/nevaditos\/\">nevaditos<\/a>, autre version de feuillet\u00e9 au saindoux.<\/p>\n<p>Tout aussi gourmands enrob\u00e9s dans leur couche de sucre glace, il y a la nouvelle version de <a href=\"https:\/\/comeconmigo.net\/los-vanille-kipferl-de-christophe-felder\/\">vanille kipferl de Christophe Felder<\/a>. Pour Polyanna, ils ne remplacent pas ceux qu\u2019elle a toujours connus \u00e0 la maison mais ils compl\u00e8tent bien un assortiment festif.<\/p>\n<p>Pour conclure ce r\u00e9cap\u2019, <a href=\"https:\/\/comeconmigo.net\/galletas-de-limon-semillas-de-amapola\/\">les biscuits citron &amp; graines de pavot<\/a> ne pouvaient manquer \u00e0 l\u2019appel tout comme les <a href=\"https:\/\/comeconmigo.net\/avellanitas-galletas-de-avellana-rellenas-de-crema-de-avellanas-chocolate\/\">noisettines<\/a>, deux fines galettes aux noisettes fourr\u00e9es \u00e0 la p\u00e2te \u00e0 tartiner chocolat &amp; noisette\u2026 irr\u00e9sistibles!<\/p>\n<p>Evidemment, <a href=\"https:\/\/comeconmigo.net\/anos-de-investigacion-para-dar-con-la-receta-favorita-de-mi-hermano-polvorones-caseros-de-canela\/\">les polvorones<\/a> ne manqueront pas tout comme <a href=\"https:\/\/comeconmigo.net\/los-spritz-de-la-abuela-de-mi-amiga-maite\/\">les spritz de la marraine de Polyanna<\/a>.<\/p>\n<p>Et vous, quels sont vos biscuits de No\u00ebl pr\u00e9f\u00e9r\u00e9s? Lesquels pensez-vous pr\u00e9parer cette ann\u00e9e? Et si vous avez peur de vous lancer, ici je r\u00e9capitule<a href=\"https:\/\/comeconmigo.net\/galletas-de-turron-de-jijona-o\/\"> tous mes trucs et astuces pour pr\u00e9parer des biscuits de No\u00ebl maison sans y perdre la raison<\/a> ;o)<\/p>\n<p>Bon week-end \u00e0 tous![\/vc_column_text][vc_single_image image=\u00a0\u00bb31339&Prime; img_size=\u00a0\u00bb400X600&Prime; alignment=\u00a0\u00bbcenter\u00a0\u00bb][\/vc_column][\/vc_row][vc_row][vc_column width=\u00a0\u00bb7\/12&Prime;][vc_text_separator title=\u00a0\u00bbAujourd&rsquo;hui&#8230;\u00a0\u00bb color=\u00a0\u00bbblack\u00a0\u00bb]\n\t\t\t<section class=\"image-edge\">\n\t\t\t    <div class=\"col-md-6 col-sm-4 p0 col-md-push-6 col-sm-push-8\">\n\t\t\t        <img width=\"1200\" height=\"1200\" src=\"https:\/\/comeconmigo.net\/wp-content\/uploads\/2022\/12\/Estrella-Diciembre.jpg\" class=\"mb-xs-24\" alt=\"\" loading=\"lazy\" srcset=\"https:\/\/comeconmigo.net\/wp-content\/uploads\/2022\/12\/Estrella-Diciembre.jpg 1200w, https:\/\/comeconmigo.net\/wp-content\/uploads\/2022\/12\/Estrella-Diciembre-300x300.jpg 300w, https:\/\/comeconmigo.net\/wp-content\/uploads\/2022\/12\/Estrella-Diciembre-1024x1024.jpg 1024w, https:\/\/comeconmigo.net\/wp-content\/uploads\/2022\/12\/Estrella-Diciembre-150x150.jpg 150w, https:\/\/comeconmigo.net\/wp-content\/uploads\/2022\/12\/Estrella-Diciembre-768x768.jpg 768w, https:\/\/comeconmigo.net\/wp-content\/uploads\/2022\/12\/Estrella-Diciembre-60x60.jpg 60w, https:\/\/comeconmigo.net\/wp-content\/uploads\/2022\/12\/Estrella-Diciembre-500x500.jpg 500w\" sizes=\"(max-width: 1200px) 100vw, 1200px\" \/>\n\t\t\t    <\/div>\n\t\t\t    <div class=\"container\">\n\t\t\t        <div class=\"col-md-5 col-md-pull-0 col-sm-7 col-sm-pull-4 v-align-transform\">\n\t\t\t            [vc_column_text]<\/p>\n<h3 style=\"text-align: left;\">BISCUITS DE NO\u00cbL 2\u00e8me acte<\/h3>\n<p>[\/vc_column_text]\n\t\t\t        <\/div>\n\t\t\t    <\/div>\n\t\t\t<\/section>\n\t\t[\/vc_column][vc_column width=\u00a0\u00bb5\/12&Prime;][vc_text_separator title=\u00a0\u00bbUn jour comme aujourd&rsquo;hui, il y a\u2026\u00a0\u00bb color=\u00a0\u00bbblack\u00a0\u00bb][vc_column_text]\u2026 1 an: <a href=\"https:\/\/comeconmigo.net\/rosas-del-desierto-de-polyanna\/\">Roses des Sables de Polyanna<\/a><\/p>\n<p>\u2026 2 ans: <a href=\"https:\/\/comeconmigo.net\/trufas-de-chocolate-frambuesa\/\">Truffes Chocolat &amp; Framboise<\/a><\/p>\n<p>\u2026 3 ans: <a href=\"https:\/\/comeconmigo.net\/limosneras-de-merluza-gambas-con-puerro-con-pasta-brick\/\">Aumoni\u00e8re de Merluchon &amp; Crevettes aux Poireaux (avec des feuilles de brick)<\/a><\/p>\n<p>\u2026 4 ans: <a href=\"https:\/\/comeconmigo.net\/endivias-glaseadas-con-zumo-de-mandarina-miel\/\">Endives glac\u00e9es au jus de Mandarine &amp; Miel<\/a><\/p>\n<p>\u2026 5 ans: <a href=\"https:\/\/comeconmigo.net\/mermelada-de-membrillo-naranja-jengibre\/\">Confiture de Coing, Orange &amp; Gingembre<\/a><\/p>\n<p>\u2026 6 ans: <a href=\"https:\/\/comeconmigo.net\/?p=534\">Velout\u00e9 de P\u00e2tisson au Pain d\u2019\u00e9pices<\/a><\/p>\n<p>\u2026 7 ans: <a href=\"https:\/\/comeconmigo.net\/?p=669\">Linzele ou Petits Anges \u00e0 la Cannelle &amp; \u00e0 la Confiture de Framboises<\/a><\/p>\n<p>\u2026 8 ans: <a href=\"https:\/\/comeconmigo.net\/?p=802\">Granola aux P\u00e9tales et \u00e0 l\u2019Eau de Rose<\/a><\/p>\n<p>\u2026 9 ans: <a href=\"https:\/\/comeconmigo.net\/?p=876\">Saint Jacques gratin\u00e9es au S\u00e9same &amp; \u00e0 l\u2019algue Nori<\/a><\/p>\n<p>\u2026 10 ans: <a href=\"https:\/\/comeconmigo.net\/?p=93\">Bouillon parfum\u00e9 vietnamien<\/a><\/p>\n<p>\u2026 11 ans: <a href=\"https:\/\/comeconmigo.net\/?p=211\">Compot\u00e9e d\u2019Ananas &amp; Gingembre<\/a><\/p>\n<p>\u2026 12 ans: <a href=\"https:\/\/comeconmigo.net\/?p=337\">Rago\u00fbt de Boeuf \u00e0 la Bi\u00e8re<\/a><\/p>\n<p>\u2026 13 ans: <a href=\"https:\/\/comeconmigo.net\/?p=436\">Gaufres \u00e0 la Farine de Ch\u00e2taigne &amp; au Miel (sans beurre)<\/a>[\/vc_column_text][\/vc_column][\/vc_row][vc_row][vc_column][vc_basic_grid post_type=\u00a0\u00bbids\u00a0\u00bb element_width=\u00a0\u00bb2&Prime; gap=\u00a0\u00bb0&Prime; item=\u00a0\u00bbmediaGrid_Default\u00a0\u00bb grid_id=\u00a0\u00bbvc_gid:1669654236496-3c917bed-086b-9&Prime; include=\u00a0\u00bb25187, 21823, 29647, 29656, 21426, 24696&Prime;][vc_basic_grid post_type=\u00a0\u00bbids\u00a0\u00bb gap=\u00a0\u00bb0&Prime; item=\u00a0\u00bbbasicGrid_TextFirst\u00a0\u00bb grid_id=\u00a0\u00bbvc_gid:1669654236499-4823b4a0-fe9f-1&Prime; include=\u00a0\u00bb25187, 21823, 29647, 29656, 21426, 24696&Prime;][\/vc_column][\/vc_row][vc_row][vc_column][vc_single_image image=\u00a0\u00bb12034&Prime; alignment=\u00a0\u00bbcenter\u00a0\u00bb][vc_column_text]<\/p>\n<h3>Encore un petit creux\u2026<\/h3>\n<p>[\/vc_column_text][vc_basic_grid post_type=\u00a0\u00bbpost\u00a0\u00bb max_items=\u00a0\u00bb6&Prime; element_width=\u00a0\u00bb2&Prime; gap=\u00a0\u00bb0&Prime; orderby=\u00a0\u00bbrand\u00a0\u00bb item=\u00a0\u00bbbasicGrid_VerticalFlip\u00a0\u00bb grid_id=\u00a0\u00bbvc_gid:1669654236502-f6b32a3b-c6cd-3&Prime; taxonomies=\u00a0\u00bb475&Prime;][\/vc_column][\/vc_row]<\/p>","protected":false},"excerpt":{"rendered":"<p>Il n&rsquo;y en a jamais assez.<\/p>\n","protected":false},"author":2,"featured_media":31337,"comment_status":"open","ping_status":"closed","sticky":false,"template":"","format":"standard","meta":[],"categories":[341,475,1,383],"tags":[],"jetpack_featured_media_url":"https:\/\/comeconmigo.net\/wp-content\/uploads\/2022\/12\/Estrella-Diciembre.jpg","_links":{"self":[{"href":"https:\/\/comeconmigo.net\/fr\/wp-json\/wp\/v2\/posts\/31152"}],"collection":[{"href":"https:\/\/comeconmigo.net\/fr\/wp-json\/wp\/v2\/posts"}],"about":[{"href":"https:\/\/comeconmigo.net\/fr\/wp-json\/wp\/v2\/types\/post"}],"author":[{"embeddable":true,"href":"https:\/\/comeconmigo.net\/fr\/wp-json\/wp\/v2\/users\/2"}],"replies":[{"embeddable":true,"href":"https:\/\/comeconmigo.net\/fr\/wp-json\/wp\/v2\/comments?post=31152"}],"version-history":[{"count":0,"href":"https:\/\/comeconmigo.net\/fr\/wp-json\/wp\/v2\/posts\/31152\/revisions"}],"wp:featuredmedia":[{"embeddable":true,"href":"https:\/\/comeconmigo.net\/fr\/wp-json\/wp\/v2\/media\/31337"}],"wp:attachment":[{"href":"https:\/\/comeconmigo.net\/fr\/wp-json\/wp\/v2\/media?parent=31152"}],"wp:term":[{"taxonomy":"category","embeddable":true,"href":"https:\/\/comeconmigo.net\/fr\/wp-json\/wp\/v2\/categories?post=31152"},{"taxonomy":"post_tag","embeddable":true,"href":"https:\/\/comeconmigo.net\/fr\/wp-json\/wp\/v2\/tags?post=31152"}],"curies":[{"name":"wp","href":"https:\/\/api.w.org\/{rel}","templated":true}]}}