{"id":30944,"date":"2022-10-10T08:00:17","date_gmt":"2022-10-10T07:00:17","guid":{"rendered":"https:\/\/comeconmigo.net\/?p=30944"},"modified":"2022-10-04T10:40:02","modified_gmt":"2022-10-04T09:40:02","slug":"pasta-soba-de-trigo-sarraceno-con-tomates-cherry-asados-marinados","status":"publish","type":"post","link":"https:\/\/comeconmigo.net\/fr\/pasta-soba-de-trigo-sarraceno-con-tomates-cherry-asados-marinados\/","title":{"rendered":"NOUILLES SOBA (AU SARRASIN) AUX TOMATE CERISES R\u00d4TIES &#038; MARIN\u00c9ES"},"content":{"rendered":"<p>[vc_row][vc_column][vc_column_text]Le week-end dernier mon mari est rentr\u00e9 du march\u00e9 avec une caissette de 3 kilos de tomates cerises.<\/p>\n<p>Et comme on a un peu plus envie de r\u00e9confort depuis quelques jours, j\u2019avais envie d\u2019un repas avec un petit air asiatique.<\/p>\n<p>C\u2019est le genre de plat v\u00e9g\u00e9tarien d\u2019inspiration asiatique que j\u2019adore: des nouilles soba pleines de go\u00fbt, des tomates r\u00f4ties et une marinade originale qui fait office de sauce. Le jus que les tomates marin\u00e9es produisent lors de la cuisson est un r\u00e9gal \u00e0 lui tout seul.<\/p>\n<p>On est aujourd\u2019hui sur une recette plus longue \u00e0 r\u00e9diger qu\u2019\u00e0 pr\u00e9parer.<\/p>\n<p>Evidemment <a href=\"https:\/\/comeconmigo.net\/pasta-soba-casera\/\">on peut pr\u00e9parer soi-m\u00eame ses nouilles soba<\/a>, mais franchement, parfois il faut savoir faire simple.<\/p>\n<p>Le menu du jour vous tente-t-il?<\/p>\n<p>Bonne semaine \u00e0 tous![\/vc_column_text][vc_single_image image=\u00a0\u00bb31077&Prime; img_size=\u00a0\u00bb400&#215;600&Prime; alignment=\u00a0\u00bbcenter\u00a0\u00bb][\/vc_column][\/vc_row][vc_row][vc_column width=\u00a0\u00bb7\/12&Prime;][vc_text_separator title=\u00a0\u00bbAujourd&rsquo;hui&#8230;\u00a0\u00bb color=\u00a0\u00bbblack\u00a0\u00bb]\n\t\t\t<section class=\"image-edge\">\n\t\t\t    <div class=\"col-md-6 col-sm-4 p0 col-md-push-6 col-sm-push-8\">\n\t\t\t        <img width=\"896\" height=\"600\" src=\"https:\/\/comeconmigo.net\/wp-content\/uploads\/2022\/10\/Pasta-Soba-de-Trigo-Sarraceno-con-Tomates-Cherry-asados-marinados-15.jpg\" class=\"mb-xs-24\" alt=\"\" loading=\"lazy\" srcset=\"https:\/\/comeconmigo.net\/wp-content\/uploads\/2022\/10\/Pasta-Soba-de-Trigo-Sarraceno-con-Tomates-Cherry-asados-marinados-15.jpg 896w, https:\/\/comeconmigo.net\/wp-content\/uploads\/2022\/10\/Pasta-Soba-de-Trigo-Sarraceno-con-Tomates-Cherry-asados-marinados-15-300x201.jpg 300w, https:\/\/comeconmigo.net\/wp-content\/uploads\/2022\/10\/Pasta-Soba-de-Trigo-Sarraceno-con-Tomates-Cherry-asados-marinados-15-768x514.jpg 768w\" sizes=\"(max-width: 896px) 100vw, 896px\" \/>\n\t\t\t    <\/div>\n\t\t\t    <div class=\"container\">\n\t\t\t        <div class=\"col-md-5 col-md-pull-0 col-sm-7 col-sm-pull-4 v-align-transform\">\n\t\t\t            [vc_column_text]<\/p>\n<h3 style=\"text-align: left;\">NOUILLES SOBA (AU SARRASIN) AUX TOMATE CERISES R\u00d4TIES &amp; MARIN\u00c9ES<\/h3>\n<p>[\/vc_column_text]\n\t\t\t        <\/div>\n\t\t\t    <\/div>\n\t\t\t<\/section>\n\t\t[\/vc_column][vc_column width=\u00a0\u00bb5\/12&Prime;][vc_text_separator title=\u00a0\u00bbUn jour comme aujourd&rsquo;hui, il y a\u2026\u00a0\u00bb color=\u00a0\u00bbblack\u00a0\u00bb][vc_column_text]\u2026 1 an: <a href=\"https:\/\/comeconmigo.net\/ceps-confitados-en-aceite-de-oliva-metodo-para-conservarlos\/\">C\u00e8pes confits \u00e0 l&rsquo;Huile d&rsquo;Olive (et une m\u00e9thode pour les mettre en conserve)<\/a><\/p>\n<p>\u2026 2 ans: <a href=\"https:\/\/comeconmigo.net\/castagnaccio-lodigiano-bizcoflan-de-harina-de-castana\/\">Castagnaccio Lodigiano (Flan \u00e0 la Farine de Ch\u00e2taigne)<\/a><\/p>\n<p>\u2026 3 ans: <a href=\"https:\/\/comeconmigo.net\/mermelada-de-manzana-azafran-con-vino-dulce\/\">Confiture Pomme &amp; Safran au Vin Doux<\/a><\/p>\n<p>\u2026 4 ans: <a href=\"https:\/\/comeconmigo.net\/bundtcake-de-chocolate-con-leche\/\">Bundtcake Chocolat au Lait<\/a><\/p>\n<p>\u2026 5 ans: <a href=\"https:\/\/comeconmigo.net\/?p=12515\">Meringues aux P\u00e9tites de Chocolat &amp; Gru\u00e9 de Cacao<\/a><\/p>\n<p>\u2026 6 ans: <a href=\"https:\/\/comeconmigo.net\/?p=558\">Boulettes de Merlu aux Pommes de Terre &amp; Crevettes<\/a><\/p>\n<p>\u2026 7 ans: <a href=\"https:\/\/comeconmigo.net\/?p=694\">Tartelettes Pommes &amp; Cognac<\/a><\/p>\n<p>\u2026 8 ans: <a href=\"https:\/\/comeconmigo.net\/?p=19237\">Tarte aux Pommes en forme de Rose<\/a><\/p>\n<p>\u2026 9 ans: <a href=\"https:\/\/comeconmigo.net\/?p=900\">Tarte aux Pommes \u00e0 l\u2019huile d\u2019olive gla\u00e7age sirop d\u2019\u00e9rable fa\u00e7on Ottolenghi<\/a><\/p>\n<p>\u2026 10 ans: <a href=\"https:\/\/comeconmigo.net\/?p=111\">Tarte sal\u00e9e aux C\u00e8pes &amp; Noisettes<\/a><\/p>\n<p>\u2026 11 ans: <a href=\"https:\/\/comeconmigo.net\/?p=236\">Roul\u00e9 de Filet Mignon \u00e0 la Sauge &amp; \u00e0 l\u2019Emmental<\/a><\/p>\n<p>\u2026 12 ans: <a href=\"https:\/\/comeconmigo.net\/?p=351\">Blettes comme en Extremadure, crumble de jambon sec<\/a><\/p>\n<p>\u2026 13 ans: <a href=\"https:\/\/comeconmigo.net\/?p=469\">Curry de Crevettes au Yahourt<\/a>[\/vc_column_text][\/vc_column][\/vc_row][vc_row][vc_column width=\u00a0\u00bb1\/4&Prime; css=\u00a0\u00bb.vc_custom_1502280835828{background-color: #fff0dd !important;}\u00a0\u00bb][vc_column_text]<\/p>\n<h3 style=\"text-align: center;\">Pour 2\/3 personnes<\/h3>\n<p style=\"text-align: center;\"><em><u>Pour la marinade<\/u><\/em><\/p>\n<p style=\"text-align: center;\">2CS* de miso blanc (ou un autre plut\u00f4t doux)<\/p>\n<p style=\"text-align: center;\">3CS* de mirin (vinaigre de riz)<\/p>\n<p style=\"text-align: center;\">1CS* d\u2019huile de s\u00e9same<\/p>\n<p style=\"text-align: center;\">1CS* de miel<\/p>\n<p style=\"text-align: center;\">1CS* d\u2019huile d\u2019olive<\/p>\n<p style=\"text-align: center;\">Le zeste finement r\u00e2p\u00e9 d\u2019un petit citron<\/p>\n<p style=\"text-align: center;\">2CS* de jus de citron<\/p>\n<p style=\"text-align: center;\">1CS* de gingembre r\u00e2p\u00e9<\/p>\n<p style=\"text-align: center;\">Sel<\/p>\n<p style=\"text-align: center;\">Poivre<\/p>\n<p style=\"text-align: center;\"><em><u>Pour le dressage du plat<\/u><\/em><\/p>\n<p style=\"text-align: center;\">Environ 300g de tomates cerise<\/p>\n<p style=\"text-align: center;\">210g de nouilles soba au sarrasin<\/p>\n<p style=\"text-align: center;\">La partie verte d\u2019un oignon c\u00e9bette<\/p>\n<p>[\/vc_column_text][\/vc_column][vc_column width=\u00a0\u00bb3\/4&Prime; css=\u00a0\u00bb.vc_custom_1502280820239{padding-top: 10px !important;padding-right: 10px !important;padding-bottom: 10px !important;padding-left: 10px !important;}\u00a0\u00bb][vc_column_text]<\/p>\n<p style=\"text-align: center;\"><em><u>Pour la marinade<\/u><\/em><\/p>\n<p style=\"text-align: center;\">C\u2019est aussi simple que de bien m\u00e9langer tous les ingr\u00e9dients pour obtenir une sauce lisse et bien \u00e9mulsionn\u00e9e.<\/p>\n<p style=\"text-align: center;\"><em><u>Pour les tomates cerise r\u00f4ties<\/u><\/em><\/p>\n<p style=\"text-align: center;\">Rincer les tomates cerise et bien les s\u00e9cher. Les assaisonner avec 5CS* de la marinade et les d\u00e9poser dans un plat \u00e0 four.<\/p>\n<p style=\"text-align: center;\">Enfourner \u00e0 220\u00ba chaleur tournante pendant 12\/15 minutes, les tomates doivent l\u00e9g\u00e8rement dorer et commencer \u00e0 fl\u00e9trir. R\u00e9server.<\/p>\n<p style=\"text-align: center;\"><em><u>Pour les nouilles soba<\/u><\/em><\/p>\n<p style=\"text-align: center;\">Cuire selon les indications du paquet, en g\u00e9n\u00e9ral 4 minutes dans de l\u2019eau bouillante.<br \/>\nRincer \u00e0 l\u2019eau froide et les m\u00e9langer au reste de marinade. R\u00e9partir dans les plats de service.<\/p>\n<p style=\"text-align: center;\">Arroser du jus de cuisson des tomates cerise et d\u00e9poser par-dessus les tomates r\u00f4ties et du vert d\u2019oignon c\u00e9bette finement cisel\u00e9.<\/p>\n<p style=\"text-align: center;\">Servir ti\u00e8de ou froid, \u00e7a d\u00e9pend des jours et des go\u00fbts.<\/p>\n<p>[\/vc_column_text][vc_column_text]<\/p>\n<p style=\"text-align: center;\"><i>Bon profit!<\/i><\/p>\n<p><em>Quelques informations plus ou moins utiles<\/em><\/p>\n<p>*CS: Cuill\u00e8re \u00e0 Soupe[\/vc_column_text][vc_single_image image=\u00a0\u00bb11028&Prime; alignment=\u00a0\u00bbcenter\u00a0\u00bb][\/vc_column][\/vc_row][vc_row][vc_column][vc_column_text]<\/p>\n<h3>Encore un petit creux\u2026<\/h3>\n<p>[\/vc_column_text][vc_basic_grid post_type=\u00a0\u00bbpost\u00a0\u00bb max_items=\u00a0\u00bb6&Prime; element_width=\u00a0\u00bb2&Prime; gap=\u00a0\u00bb0&Prime; orderby=\u00a0\u00bbrand\u00a0\u00bb item=\u00a0\u00bbbasicGrid_VerticalFlip\u00a0\u00bb grid_id=\u00a0\u00bbvc_gid:1664876087087-9b593a4f-9b4d-7&Prime; taxonomies=\u00a0\u00bb262&Prime;][\/vc_column][\/vc_row]<\/p>","protected":false},"excerpt":{"rendered":"<p>Profitons des derni\u00e8res tomates.<\/p>\n","protected":false},"author":2,"featured_media":31079,"comment_status":"open","ping_status":"closed","sticky":false,"template":"","format":"standard","meta":[],"categories":[262,1,321,322],"tags":[],"jetpack_featured_media_url":"https:\/\/comeconmigo.net\/wp-content\/uploads\/2022\/10\/Pasta-Soba-de-Trigo-Sarraceno-con-Tomates-Cherry-asados-marinados-16.jpg","_links":{"self":[{"href":"https:\/\/comeconmigo.net\/fr\/wp-json\/wp\/v2\/posts\/30944"}],"collection":[{"href":"https:\/\/comeconmigo.net\/fr\/wp-json\/wp\/v2\/posts"}],"about":[{"href":"https:\/\/comeconmigo.net\/fr\/wp-json\/wp\/v2\/types\/post"}],"author":[{"embeddable":true,"href":"https:\/\/comeconmigo.net\/fr\/wp-json\/wp\/v2\/users\/2"}],"replies":[{"embeddable":true,"href":"https:\/\/comeconmigo.net\/fr\/wp-json\/wp\/v2\/comments?post=30944"}],"version-history":[{"count":0,"href":"https:\/\/comeconmigo.net\/fr\/wp-json\/wp\/v2\/posts\/30944\/revisions"}],"wp:featuredmedia":[{"embeddable":true,"href":"https:\/\/comeconmigo.net\/fr\/wp-json\/wp\/v2\/media\/31079"}],"wp:attachment":[{"href":"https:\/\/comeconmigo.net\/fr\/wp-json\/wp\/v2\/media?parent=30944"}],"wp:term":[{"taxonomy":"category","embeddable":true,"href":"https:\/\/comeconmigo.net\/fr\/wp-json\/wp\/v2\/categories?post=30944"},{"taxonomy":"post_tag","embeddable":true,"href":"https:\/\/comeconmigo.net\/fr\/wp-json\/wp\/v2\/tags?post=30944"}],"curies":[{"name":"wp","href":"https:\/\/api.w.org\/{rel}","templated":true}]}}