{"id":30890,"date":"2022-09-14T08:00:26","date_gmt":"2022-09-14T07:00:26","guid":{"rendered":"https:\/\/comeconmigo.net\/?p=30890"},"modified":"2022-09-09T12:22:28","modified_gmt":"2022-09-09T11:22:28","slug":"berenjenas-al-zaatar","status":"publish","type":"post","link":"https:\/\/comeconmigo.net\/fr\/berenjenas-al-zaatar\/","title":{"rendered":"AUBERGINES AU ZAATAR"},"content":{"rendered":"<p>[vc_row][vc_column][vc_column_text]Aujourd\u2019hui je vous propose une fa\u00e7on de cuisiner les <a href=\"https:\/\/comeconmigo.net\/fr\/category\/berenjenas\/\">aubergines<\/a> que nous adorons \u00e0 la maison, simple et bien parfum\u00e9e.<\/p>\n<p>On cuit d\u2019abord au four (avec ou sans vapeur) les aubergines et on termine par un peu de zaatar et une sauce aux tomates fra\u00eeches et au <a href=\"https:\/\/comeconmigo.net\/limones-confitados-a-la-sal-caseros\/\">citron confit au sel<\/a>. Difficile de faire plus simple, non?<\/p>\n<p>C\u2019est une garniture parfaite avec du poisson ou de la viande grill\u00e9e mais personnellement c\u2019est avec du riz complet que je les pr\u00e9f\u00e8re.<\/p>\n<p>Si vous avez beaucoup d\u2019aubergines \u00e0 disposition, ne manquez pas <a href=\"https:\/\/comeconmigo.net\/ensalada-de-berenjena-mango-con-menta\/\">la salade d\u2019aubergines et mangue<\/a>, <a href=\"https:\/\/comeconmigo.net\/tarta-salada-de-berenjena-aceitunas\/\">la tarte aubergine &amp; olives<\/a>, <a href=\"https:\/\/comeconmigo.net\/berenjenas-caramelizadas-con-sesamo\/\">les aubergines caram\u00e9lis\u00e9es au s\u00e9same<\/a> et bien s\u00fbr, <a href=\"https:\/\/comeconmigo.net\/melanzane-alla-parmigiana-berenjenas-a-la-parmesana\/\">la parmigiana de Jamie Oliver<\/a>.<\/p>\n<p>Bon mercredi![\/vc_column_text][vc_single_image image=\u00a0\u00bb30920&Prime; img_size=\u00a0\u00bb400&#215;600&Prime; alignment=\u00a0\u00bbcenter\u00a0\u00bb][\/vc_column][\/vc_row][vc_row][vc_column width=\u00a0\u00bb7\/12&Prime;][vc_text_separator title=\u00a0\u00bbAujourd&rsquo;hui&#8230;\u00a0\u00bb color=\u00a0\u00bbblack\u00a0\u00bb]\n\t\t\t<section class=\"image-edge\">\n\t\t\t    <div class=\"col-md-6 col-sm-4 p0 col-md-push-6 col-sm-push-8\">\n\t\t\t        <img width=\"896\" height=\"600\" src=\"https:\/\/comeconmigo.net\/wp-content\/uploads\/2022\/09\/Berenjenas-al-Zaatar-4.jpg\" class=\"mb-xs-24\" alt=\"\" loading=\"lazy\" srcset=\"https:\/\/comeconmigo.net\/wp-content\/uploads\/2022\/09\/Berenjenas-al-Zaatar-4.jpg 896w, https:\/\/comeconmigo.net\/wp-content\/uploads\/2022\/09\/Berenjenas-al-Zaatar-4-300x201.jpg 300w, https:\/\/comeconmigo.net\/wp-content\/uploads\/2022\/09\/Berenjenas-al-Zaatar-4-768x514.jpg 768w\" sizes=\"(max-width: 896px) 100vw, 896px\" \/>\n\t\t\t    <\/div>\n\t\t\t    <div class=\"container\">\n\t\t\t        <div class=\"col-md-5 col-md-pull-0 col-sm-7 col-sm-pull-4 v-align-transform\">\n\t\t\t            [vc_column_text]<\/p>\n<h3 style=\"text-align: left;\">AUBERGINES AU ZAATAR<\/h3>\n<p>[\/vc_column_text]\n\t\t\t        <\/div>\n\t\t\t    <\/div>\n\t\t\t<\/section>\n\t\t[\/vc_column][vc_column width=\u00a0\u00bb5\/12&Prime;][vc_text_separator title=\u00a0\u00bbUn jour comme aujourd&rsquo;hui, il y a\u2026\u00a0\u00bb color=\u00a0\u00bbblack\u00a0\u00bb][vc_column_text]\u2026 1 an: <a href=\"https:\/\/comeconmigo.net\/carpaccio-de-calabacin-con-datiles\/\">Carpaccio Courgettes &amp; Dattes<\/a><\/p>\n<p>\u2026 2 ans: <a href=\"https:\/\/comeconmigo.net\/prunas-mirabelle-en-conserva-al-natural-fruta-solo-fruta-sin-agua-sin-edulcorantesen-olla-rapida\/\">Mirabelles en conserve nature (sans sucre, sans eau) (\u00e0 la cocotte minute)<\/a><\/p>\n<p>\u2026 3 ans: <a href=\"https:\/\/comeconmigo.net\/descubriendo-sabores-bundtcake-de-pera-con-glaseado-de-chocolate\/\">Bundtcake Poires &amp; Gla\u00e7age au Chocolat<\/a><\/p>\n<p>\u2026 4 ans: <a href=\"https:\/\/comeconmigo.net\/top6-granolas-caseros-dulces-uno-salado\/\">TOP6 Granolas Maison Sucr\u00e9s &amp; Un Sal\u00e9<\/a><\/p>\n<p>\u2026 5 ans: <a href=\"https:\/\/comeconmigo.net\/?p=11566\">Cakes Citron &amp; Pavot au Levain<\/a><\/p>\n<p>\u2026 6 ans: <a href=\"https:\/\/comeconmigo.net\/?p=568\">Prunes r\u00f4ties fa\u00e7on cobbler sans gluten<\/a><\/p>\n<p>\u2026 7 ans: <a href=\"https:\/\/comeconmigo.net\/?p=705\">Seiche aux pommes de Terre de la famille Roca<\/a><\/p>\n<p>\u2026 8 ans: <a href=\"https:\/\/comeconmigo.net\/?p=831\">Tarte Tomate Ricotta<\/a><\/p>\n<p>\u2026 9 ans: <a href=\"https:\/\/comeconmigo.net\/?p=911\">Pommes de Terre en Cro\u00fbte d\u2019Algues<\/a><\/p>\n<p>\u2026 10 ans: <a href=\"https:\/\/comeconmigo.net\/?p=120\">Cake au Chocolat, Epices &amp; Gingembre Confit<\/a><\/p>\n<p>\u2026 11 ans: <a href=\"https:\/\/comeconmigo.net\/?p=243\">Escab\u00e8che de Courgettes<\/a><\/p>\n<p>\u2026 12 ans: <a href=\"https:\/\/comeconmigo.net\/?p=356\">Pain au Levain et aux Graines de Lin<\/a><\/p>\n<p>\u2026 13 ans: <a href=\"https:\/\/comeconmigo.net\/?p=476\">Le Yahourt Nature<\/a>[\/vc_column_text][\/vc_column][\/vc_row][vc_row][vc_column width=\u00a0\u00bb1\/4&Prime; css=\u00a0\u00bb.vc_custom_1502280835828{background-color: #fff0dd !important;}\u00a0\u00bb][vc_column_text]<\/p>\n<h3 style=\"text-align: center;\">Pour 4 personnes<\/h3>\n<p style=\"text-align: center;\"><em><u>Pour les aubergines<\/u><\/em><\/p>\n<p style=\"text-align: center;\">4 petites aubergines<\/p>\n<p style=\"text-align: center;\">2CS * + 1 CS* de zaatar<\/p>\n<p style=\"text-align: center;\">1CS* d\u2019huile d\u2019olive<\/p>\n<p style=\"text-align: center;\">Sel<\/p>\n<p style=\"text-align: center;\"><em><u>Pour la sauce<\/u><\/em><\/p>\n<p style=\"text-align: center;\">\u00bc <a href=\"https:\/\/comeconmigo.net\/limones-confitados-a-la-sal-caseros\/\">citron confit au sel<\/a><\/p>\n<p style=\"text-align: center;\">1 belle tomate<\/p>\n<p style=\"text-align: center;\">3CS* de menthe fra\u00eeche hach\u00e9e<\/p>\n<p style=\"text-align: center;\">1CS* d\u2019huile d\u2019olive<\/p>\n<p>[\/vc_column_text][\/vc_column][vc_column width=\u00a0\u00bb3\/4&Prime; css=\u00a0\u00bb.vc_custom_1502280820239{padding-top: 10px !important;padding-right: 10px !important;padding-bottom: 10px !important;padding-left: 10px !important;}\u00a0\u00bb][vc_column_text]<\/p>\n<p style=\"text-align: center;\"><em><u>Pour les aubergines<\/u><\/em><\/p>\n<p style=\"text-align: center;\">Rincer les aubergines et bien les s\u00e9cher. Avec un couteau bien aiguis\u00e9, couper dans la lingueur des tranches d\u2019environ 1cm d\u2019\u00e9paisseur en conservant bien le p\u00e9doncule intact.<\/p>\n<p style=\"text-align: center;\">Ouvrir les tranches de fa\u00e7on \u00e0 former un \u00e9ventail et placer sur une grille recouverte de papier cuisson. Fixer les \u00e9ventails avec des piques en bois si besoin.<\/p>\n<p style=\"text-align: center;\">A l\u2019aide d\u2019un pinceau, huiler l\u00e9g\u00e8rement les tranches des 2 c\u00f4t\u00e9s, saler l\u00e9g\u00e8rement et saupoudrer de 2CS* de zaatar.<\/p>\n<p style=\"text-align: center;\">Enfourner \u00e0 180\u00ba chaleur tournante pendant 30\/45 minutes, le temps varie beaucoup en fonction de vos aubergines et de l\u2019\u00e9paisseur des tranches. Les aubergines doivent \u00eatre fondantes mais pas r\u00e9duites en bouillie.<\/p>\n<p style=\"text-align: center;\">Si vous disposez d\u2019un four vapeur, rajouter de la vapeur moyenne pendant les 25 premi\u00e8res minutes. Les aubergines seront bien fondantes sans huile.<\/p>\n<p style=\"text-align: center;\"><em><u>Pour la sauce<\/u><\/em><\/p>\n<p style=\"text-align: center;\">Eplucher la tomate et \u00f4ter les graines.<\/p>\n<p style=\"text-align: center;\">Couper la chair en tout petits d\u00e9s.<\/p>\n<p style=\"text-align: center;\">Rincer le citron confit, le s\u00e9cher et d\u00e9couper la peau en tr\u00e8s petits d\u00e9s.<\/p>\n<p style=\"text-align: center;\">M\u00e9langer la tomate, le citron confit, la menthe cisel\u00e9e et l\u2019huile. M\u00e9langer et rectifier en sel si besoin.<\/p>\n<p style=\"text-align: center;\"><em><u>Pour servir<\/u><\/em><\/p>\n<p style=\"text-align: center;\">Saupoudre de zaatar les \u00e9ventails cuits et recouvrir g\u00e9n\u00e9reusement de la sauce tomate et citron confit.<\/p>\n<p>[\/vc_column_text][vc_column_text]<\/p>\n<p style=\"text-align: center;\"><i>Bon profit!<\/i><\/p>\n<p><em>Quelques informations plus ou moins utiles<\/em><\/p>\n<p>*CS: Cuill\u00e8re \u00e0 Soupe[\/vc_column_text][vc_single_image image=\u00a0\u00bb11028&Prime; alignment=\u00a0\u00bbcenter\u00a0\u00bb][\/vc_column][\/vc_row][vc_row][vc_column][vc_column_text]<\/p>\n<h3>Encore un petit creux\u2026<\/h3>\n<p>[\/vc_column_text][vc_basic_grid post_type=\u00a0\u00bbpost\u00a0\u00bb max_items=\u00a0\u00bb6&Prime; element_width=\u00a0\u00bb2&Prime; gap=\u00a0\u00bb0&Prime; orderby=\u00a0\u00bbrand\u00a0\u00bb item=\u00a0\u00bbbasicGrid_VerticalFlip\u00a0\u00bb grid_id=\u00a0\u00bbvc_gid:1662722222840-0f2895d3-d1ce-1&Prime; taxonomies=\u00a0\u00bb237&Prime;][\/vc_column][\/vc_row]<\/p>","protected":false},"excerpt":{"rendered":"<p>Des aubergines, oui, mais avec un petit truc en plus.<\/p>\n","protected":false},"author":2,"featured_media":30922,"comment_status":"open","ping_status":"closed","sticky":false,"template":"","format":"standard","meta":[],"categories":[237,1,400],"tags":[],"jetpack_featured_media_url":"https:\/\/comeconmigo.net\/wp-content\/uploads\/2022\/09\/Berenjenas-al-Zaatar-10.jpg","_links":{"self":[{"href":"https:\/\/comeconmigo.net\/fr\/wp-json\/wp\/v2\/posts\/30890"}],"collection":[{"href":"https:\/\/comeconmigo.net\/fr\/wp-json\/wp\/v2\/posts"}],"about":[{"href":"https:\/\/comeconmigo.net\/fr\/wp-json\/wp\/v2\/types\/post"}],"author":[{"embeddable":true,"href":"https:\/\/comeconmigo.net\/fr\/wp-json\/wp\/v2\/users\/2"}],"replies":[{"embeddable":true,"href":"https:\/\/comeconmigo.net\/fr\/wp-json\/wp\/v2\/comments?post=30890"}],"version-history":[{"count":0,"href":"https:\/\/comeconmigo.net\/fr\/wp-json\/wp\/v2\/posts\/30890\/revisions"}],"wp:featuredmedia":[{"embeddable":true,"href":"https:\/\/comeconmigo.net\/fr\/wp-json\/wp\/v2\/media\/30922"}],"wp:attachment":[{"href":"https:\/\/comeconmigo.net\/fr\/wp-json\/wp\/v2\/media?parent=30890"}],"wp:term":[{"taxonomy":"category","embeddable":true,"href":"https:\/\/comeconmigo.net\/fr\/wp-json\/wp\/v2\/categories?post=30890"},{"taxonomy":"post_tag","embeddable":true,"href":"https:\/\/comeconmigo.net\/fr\/wp-json\/wp\/v2\/tags?post=30890"}],"curies":[{"name":"wp","href":"https:\/\/api.w.org\/{rel}","templated":true}]}}