{"id":305,"date":"2011-03-11T08:55:00","date_gmt":"2011-03-11T07:55:00","guid":{"rendered":"http:\/\/comeconmigo.net\/2011\/03\/11\/otra-manera-de-preparar-calabacin-calabacin-salteado-con-almendras\/"},"modified":"2020-03-20T16:43:19","modified_gmt":"2020-03-20T15:43:19","slug":"calabacin-salteado-con-almendras","status":"publish","type":"post","link":"https:\/\/comeconmigo.net\/fr\/calabacin-salteado-con-almendras\/","title":{"rendered":"COURGETTES SAUT\u00c9ES AUX AMANDES &#038; CHORIZO"},"content":{"rendered":"<p>[vc_row][vc_column][vc_column_text]<em>Cette recette a \u00e9t\u00e9 publi\u00e9e originellement sur Come Conmigo le 11\/03\/2011.<\/em>[\/vc_column_text][vc_separator style=\u00a0\u00bbdashed\u00a0\u00bb][vc_column_text]J\u2019adore les courgettes! C\u2019est sans doute avec les carottes le l\u00e9gume qui m\u2019inspire le plus car on peut la cuisiner de 1000 fa\u00e7ons et le r\u00e9sultat est toujours aussi d\u00e9licieux\u00a0!<\/p>\n<p>Pour donner aux courgettes de fin d\u2019\u00e9t\u00e9 un petit air de f\u00eate, je vous les propose tout simplement po\u00eal\u00e9es avec du chorizo et des amandes\u2026 Un m\u00e9lange formidable\u00a0!<\/p>\n<p>Et si vous avez les p\u00e2tes sous la main, \u00e7a vous fait un petit d\u00eener vite bien fait et haut en couleurs.<\/p>\n<p>Comment cuisinez-vous les courgettes pour leur donner un air de f\u00eate\u00a0?[\/vc_column_text][vc_single_image image=\u00a0\u00bb26867&Prime; img_size=\u00a0\u00bb400&#215;600&Prime; alignment=\u00a0\u00bbcenter\u00a0\u00bb][\/vc_column][\/vc_row][vc_row][vc_column][vc_text_separator title=\u00a0\u00bbAujourd&rsquo;hui&#8230;\u00a0\u00bb color=\u00a0\u00bbblack\u00a0\u00bb]\n\t\t\t<section class=\"image-edge\">\n\t\t\t    <div class=\"col-md-6 col-sm-4 p0 col-md-push-6 col-sm-push-8\">\n\t\t\t        <img width=\"491\" height=\"384\" src=\"https:\/\/comeconmigo.net\/wp-content\/uploads\/2011\/03\/oszpqa-1.jpg\" class=\"mb-xs-24\" alt=\"\" loading=\"lazy\" srcset=\"https:\/\/comeconmigo.net\/wp-content\/uploads\/2011\/03\/oszpqa-1.jpg 491w, https:\/\/comeconmigo.net\/wp-content\/uploads\/2011\/03\/oszpqa-1-300x235.jpg 300w\" sizes=\"(max-width: 491px) 100vw, 491px\" \/>\n\t\t\t    <\/div>\n\t\t\t    <div class=\"container\">\n\t\t\t        <div class=\"col-md-5 col-md-pull-0 col-sm-7 col-sm-pull-4 v-align-transform\">\n\t\t\t            [vc_column_text]<\/p>\n<h3>COURGETTES SAUT\u00c9ES AUX AMANDES &amp; CHORIZO<\/h3>\n<p>[\/vc_column_text]\n\t\t\t        <\/div>\n\t\t\t    <\/div>\n\t\t\t<\/section>\n\t\t[\/vc_column][\/vc_row][vc_row][vc_column width=\u00a0\u00bb1\/4&Prime; css=\u00a0\u00bb.vc_custom_1502280835828{background-color: #fff0dd !important;}\u00a0\u00bb][vc_column_text]<\/p>\n<h3 style=\"text-align: center;\">Pour 3 personnes<\/h3>\n<p style=\"text-align: center;\">2 belles courgettes (environ 600g)<\/p>\n<p style=\"text-align: center;\">70g d\u2019amandes crues sans la peau<\/p>\n<p style=\"text-align: center;\">70g de chorizo doux ou piquant selon votre go\u00fbt<\/p>\n<p style=\"text-align: center;\">1cc* d\u2019huile d\u2019olive<\/p>\n<p style=\"text-align: center;\">1cc* de curcuma<\/p>\n<p style=\"text-align: center;\">1 petite gousse d\u2019ail<\/p>\n<p style=\"text-align: center;\">Sel, poivre<\/p>\n<p style=\"text-align: center;\">(Facultatif 120g de p\u00e2tes courtes cuites par personne)<\/p>\n<p>[\/vc_column_text][\/vc_column][vc_column width=\u00a0\u00bb3\/4&Prime; css=\u00a0\u00bb.vc_custom_1502280820239{padding-top: 10px !important;padding-right: 10px !important;padding-bottom: 10px !important;padding-left: 10px !important;}\u00a0\u00bb][vc_column_text]<\/p>\n<p style=\"text-align: center;\">Eplucher l\u2019ail et l\u2019\u00e9craser avec un couteau.<\/p>\n<p style=\"text-align: center;\">Nettoyer les courgettes et les d\u00e9couper en cubes moyens avec la peau.<\/p>\n<p style=\"text-align: center;\">Dans un saladier, m\u00e9langer les courgettes, le sel, le poivre et le curcuma.<\/p>\n<p style=\"text-align: center;\">Faire chauffer un wok \u00e0 feu vif avec 1cc* d\u2019huile d\u2019olive et faire dorer l\u2019ail. Ajouter les courgettes et les faire sauter 2\/3 minutes.<\/p>\n<p style=\"text-align: center;\">Rajouter les amandes et le chorizo d\u00e9coup\u00e9 en petits d\u00e9s. Cuire environ 5 minutes en remuant r\u00e9guli\u00e8rement pour ne pas br\u00fbler les amandes.<\/p>\n<p style=\"text-align: center;\">Servir chaud avec des p\u00e2tes cuites selon les indications du paquet.<\/p>\n<p>[\/vc_column_text][vc_column_text]<\/p>\n<p style=\"text-align: center;\"><i>Bon profit!<\/i><\/p>\n<p><em>Quelques petits details qui comptent\u2026<\/em><\/p>\n<p>*cc: cuill\u00e8re \u00e0 caf\u00e9[\/vc_column_text][\/vc_column][\/vc_row][vc_row][vc_column][vc_single_image image=\u00a0\u00bb11028&Prime; alignment=\u00a0\u00bbcenter\u00a0\u00bb][vc_column_text]<\/p>\n<h3>Encore un petit creux<\/h3>\n<p>[\/vc_column_text][vc_basic_grid post_type=\u00a0\u00bbpost\u00a0\u00bb max_items=\u00a0\u00bb6&Prime; element_width=\u00a0\u00bb2&Prime; gap=\u00a0\u00bb0&Prime; orderby=\u00a0\u00bbrand\u00a0\u00bb item=\u00a0\u00bbbasicGrid_VerticalFlip\u00a0\u00bb grid_id=\u00a0\u00bbvc_gid:1584718979129-9a2e88eb-b80e-1&Prime; taxonomies=\u00a0\u00bb240&Prime;][\/vc_column][\/vc_row]<\/p>","protected":false},"excerpt":{"rendered":"<p>Pour donner aux courgettes de fin d\u2019\u00e9t\u00e9 un petit air de f\u00eate, je vous les propose tout simplement po\u00eal\u00e9es avec du chorizo et des amandes\u2026 Un m\u00e9lange formidable\u00a0!<\/p>\n","protected":false},"author":2,"featured_media":9480,"comment_status":"open","ping_status":"closed","sticky":false,"template":"","format":"standard","meta":[],"categories":[457,240,481,1],"tags":[],"jetpack_featured_media_url":"https:\/\/comeconmigo.net\/wp-content\/uploads\/2017\/03\/ob_f3f5aa_calabacin-con-almendras-2.jpg","_links":{"self":[{"href":"https:\/\/comeconmigo.net\/fr\/wp-json\/wp\/v2\/posts\/305"}],"collection":[{"href":"https:\/\/comeconmigo.net\/fr\/wp-json\/wp\/v2\/posts"}],"about":[{"href":"https:\/\/comeconmigo.net\/fr\/wp-json\/wp\/v2\/types\/post"}],"author":[{"embeddable":true,"href":"https:\/\/comeconmigo.net\/fr\/wp-json\/wp\/v2\/users\/2"}],"replies":[{"embeddable":true,"href":"https:\/\/comeconmigo.net\/fr\/wp-json\/wp\/v2\/comments?post=305"}],"version-history":[{"count":0,"href":"https:\/\/comeconmigo.net\/fr\/wp-json\/wp\/v2\/posts\/305\/revisions"}],"wp:featuredmedia":[{"embeddable":true,"href":"https:\/\/comeconmigo.net\/fr\/wp-json\/wp\/v2\/media\/9480"}],"wp:attachment":[{"href":"https:\/\/comeconmigo.net\/fr\/wp-json\/wp\/v2\/media?parent=305"}],"wp:term":[{"taxonomy":"category","embeddable":true,"href":"https:\/\/comeconmigo.net\/fr\/wp-json\/wp\/v2\/categories?post=305"},{"taxonomy":"post_tag","embeddable":true,"href":"https:\/\/comeconmigo.net\/fr\/wp-json\/wp\/v2\/tags?post=305"}],"curies":[{"name":"wp","href":"https:\/\/api.w.org\/{rel}","templated":true}]}}