{"id":30495,"date":"2022-07-08T08:00:56","date_gmt":"2022-07-08T07:00:56","guid":{"rendered":"http:\/\/comeconmigo.net\/?p=30495"},"modified":"2022-07-05T15:53:00","modified_gmt":"2022-07-05T14:53:00","slug":"ensalada-de-tomate-con-vinagreta-de-melaza-de-granada","status":"publish","type":"post","link":"https:\/\/comeconmigo.net\/fr\/ensalada-de-tomate-con-vinagreta-de-melaza-de-granada\/","title":{"rendered":"SALADE DE TOMATES &#038; VINAIGRETTE \u00c0 LA M\u00c9LASSE DE GRENADE"},"content":{"rendered":"<p>[vc_row][vc_column][vc_column_text]Pour bien d\u00e9marrer le week-end,\u00a0 avec plein de saveurs mais sans prise de t\u00eate, je ne sais m\u00eame pas dire si ma proposition du jour est une recette\u2026 plut\u00f4t une id\u00e9e de vinaigrette diff\u00e9rente pour saucer de simples tomates et leur donner un air nouveau.<\/p>\n<p>J\u2019ai d\u00e9couvert comme beaucoup la m\u00e9lasse de grenade dans les libres d\u2019Ottolenghi et depuis je me suis appropri\u00e9 cette saveur \u00e0 la fois douce et acide, l\u00e9g\u00e8rement aigre et tr\u00e8s fruit\u00e9e. J\u2019aime tout particuli\u00e8rement m\u2019en servir quand je veux apporter une petite touche d\u2019acidit\u00e9 sans pour autant utiliser du vinaigre ou du citron.<\/p>\n<p>Le rajout de m\u00e9lasse de grenade peut para\u00eetre anodin mais c\u2019est le petit d\u00e9tail qui fait toute la diff\u00e9rence. Avec peu de chose on m\u00e9tamorphose la salade de tomates. Et comme elles commencent \u00e0 pousser dans les jardins, c\u2019est le moment d\u2019en profiter!<\/p>\n<p>Pour tous les fans de tomates je viens d\u2019ailleurs de mettre \u00e0 jour <a href=\"https:\/\/comeconmigo.net\/fr\/category\/tomate\/\">l\u2019index des recettes avec des tomates du blog<\/a>.<\/p>\n<p>Bon week-end \u00e0 tous![\/vc_column_text][vc_single_image image=\u00a0\u00bb30839&Prime; img_size=\u00a0\u00bb400&#215;600&Prime; alignment=\u00a0\u00bbcenter\u00a0\u00bb][\/vc_column][\/vc_row][vc_row][vc_column width=\u00a0\u00bb7\/12&Prime;][vc_text_separator title=\u00a0\u00bbAujourd&rsquo;hui&#8230;\u00a0\u00bb color=\u00a0\u00bbblack\u00a0\u00bb]\n\t\t\t<section class=\"image-edge\">\n\t\t\t    <div class=\"col-md-6 col-sm-4 p0 col-md-push-6 col-sm-push-8\">\n\t\t\t        <img width=\"896\" height=\"600\" src=\"https:\/\/comeconmigo.net\/wp-content\/uploads\/2022\/07\/Ensalada-de-Tomate-con-Vinagreta-de-Melaza-de-Granada-9.jpg\" class=\"mb-xs-24\" alt=\"\" loading=\"lazy\" srcset=\"https:\/\/comeconmigo.net\/wp-content\/uploads\/2022\/07\/Ensalada-de-Tomate-con-Vinagreta-de-Melaza-de-Granada-9.jpg 896w, https:\/\/comeconmigo.net\/wp-content\/uploads\/2022\/07\/Ensalada-de-Tomate-con-Vinagreta-de-Melaza-de-Granada-9-300x201.jpg 300w, https:\/\/comeconmigo.net\/wp-content\/uploads\/2022\/07\/Ensalada-de-Tomate-con-Vinagreta-de-Melaza-de-Granada-9-768x514.jpg 768w\" sizes=\"(max-width: 896px) 100vw, 896px\" \/>\n\t\t\t    <\/div>\n\t\t\t    <div class=\"container\">\n\t\t\t        <div class=\"col-md-5 col-md-pull-0 col-sm-7 col-sm-pull-4 v-align-transform\">\n\t\t\t            [vc_column_text]<\/p>\n<h3 style=\"text-align: left;\">SALADE DE TOMATES &amp; VINAIGRETTE \u00c0 LA M\u00c9LASSE DE GRENADE<\/h3>\n<p>[\/vc_column_text]\n\t\t\t        <\/div>\n\t\t\t    <\/div>\n\t\t\t<\/section>\n\t\t[\/vc_column][vc_column width=\u00a0\u00bb5\/12&Prime;][vc_text_separator title=\u00a0\u00bbUn jour comme aujourd&rsquo;hui, il y a\u2026\u00a0\u00bb color=\u00a0\u00bbblack\u00a0\u00bb][vc_column_text]\u2026 1 an: <a href=\"https:\/\/comeconmigo.net\/charlota-ligera-de-nectarinas-miel-romero\/\">Charlotte l\u00e9g\u00e8re Nectarine, Miel &amp; Romarin<\/a><\/p>\n<p>\u2026 2 ans: <a href=\"https:\/\/comeconmigo.net\/infusion-helada-de-hibisco\/\">Tisane glac\u00e9e \u00e0 l\u2019Hibiscus<\/a><\/p>\n<p>\u2026 3 ans: <a href=\"https:\/\/comeconmigo.net\/tarta-bundtcake-de-nectarinas-azafran\/\">Tarte Bundtcake Nectarines &amp; Safran<\/a><\/p>\n<p>\u2026 4 ans: <a href=\"https:\/\/comeconmigo.net\/mejillones-en-vinagreta\/\">Moules Vinaigrette<\/a><\/p>\n<p>\u2026 5 ans: <a href=\"https:\/\/wp.me\/p9bheG-2TM\">Maquereaux marin\u00e9s aux Agrumes<\/a><\/p>\n<p>\u2026 6 ans: <a href=\"https:\/\/comeconmigo.net\/?p=581\">Confiture de P\u00eache &amp; Limoncello<\/a><\/p>\n<p>\u2026 7 ans: <a href=\"https:\/\/comeconmigo.net\/?p=717\">Confiture de Fraise &amp; Romarin<\/a><\/p>\n<p>\u2026 9 ans: <a href=\"https:\/\/comeconmigo.net\/?p=21\">La Tarte aux Pommes de ma Maman<\/a><\/p>\n<p>\u2026 10 ans: <a href=\"https:\/\/comeconmigo.net\/?p=137\">Soupe ti\u00e8de Fraise &amp; Karkad\u00e9<\/a><\/p>\n<p>\u2026 11 ans: <a href=\"https:\/\/comeconmigo.net\/?p=262\">Glace l\u00e9g\u00e8re \u00e0 la Vanille fa\u00e7on Mozart<\/a><\/p>\n<p>\u2026 12 ans: <a href=\"https:\/\/comeconmigo.net\/?p=364\">Trifle l\u00e9ger Fraises &amp; Granola<\/a>[\/vc_column_text][\/vc_column][\/vc_row][vc_row][vc_column width=\u00a0\u00bb1\/4&Prime; css=\u00a0\u00bb.vc_custom_1502280835828{background-color: #fff0dd !important;}\u00a0\u00bb][vc_column_text]<\/p>\n<h3 style=\"text-align: center;\">Pour \u00be personnes<\/h3>\n<p style=\"text-align: center;\">500g de tomates bien m\u00fbres (ou des tomates cerise)<\/p>\n<p style=\"text-align: center;\">1 poign\u00e9e de feuilles de basilic<\/p>\n<p style=\"text-align: center;\">\u00bd poign\u00e9e de feuilles de menthe fra\u00eeche<\/p>\n<p style=\"text-align: center;\">2CS* de m\u00e9lasse de grenade<\/p>\n<p style=\"text-align: center;\">2 CS* d\u2019huile d\u2019olive<\/p>\n<p style=\"text-align: center;\">Piment d\u2019Espelette ou poivre du moulin selon vos pr\u00e9f\u00e9rences<\/p>\n<p style=\"text-align: center;\">Sel<\/p>\n<p>[\/vc_column_text][\/vc_column][vc_column width=\u00a0\u00bb3\/4&Prime; css=\u00a0\u00bb.vc_custom_1502280820239{padding-top: 10px !important;padding-right: 10px !important;padding-bottom: 10px !important;padding-left: 10px !important;}\u00a0\u00bb][vc_column_text]<\/p>\n<p style=\"text-align: center;\">Emulsionner l\u2019huile d\u2019olive avec la m\u00e9lasse de grenade, du sel et un peu de piment d\u2019Espelette.<\/p>\n<p style=\"text-align: center;\">Rincer les tomates, les s\u00e9cher et les d\u00e9couper selon vos pr\u00e9f\u00e9rences et leur taille.<\/p>\n<p style=\"text-align: center;\">Ajouter la vinaigrette et laisser mariner environ 30 minutes si vous en avez l\u2019occasion pour laisser aux tomates le temps de m\u00e9langer leur jus \u00e0 la sauce et c\u2019est encore meilleur.<\/p>\n<p style=\"text-align: center;\">Au tout dernier moment, ajouter le basilic et la menthe et m\u00e9langer d\u00e9licatement.<\/p>\n<p>[\/vc_column_text][vc_column_text]<\/p>\n<p style=\"text-align: center;\"><i>Bon profit!<\/i><\/p>\n<p><em>Quelques informations plus ou moins utiles<\/em><\/p>\n<p>*CS: Cuill\u00e8re \u00e0 Soupe[\/vc_column_text][vc_single_image image=\u00a0\u00bb11028&Prime; alignment=\u00a0\u00bbcenter\u00a0\u00bb][\/vc_column][\/vc_row][vc_row][vc_column][vc_column_text]<\/p>\n<h3>Encore un petit creux\u2026<\/h3>\n<p>[\/vc_column_text][vc_basic_grid post_type=\u00a0\u00bbpost\u00a0\u00bb max_items=\u00a0\u00bb6&Prime; element_width=\u00a0\u00bb2&Prime; gap=\u00a0\u00bb0&Prime; orderby=\u00a0\u00bbrand\u00a0\u00bb item=\u00a0\u00bbbasicGrid_VerticalFlip\u00a0\u00bb grid_id=\u00a0\u00bbvc_gid:1657032627933-c7177e79-b58f-9&Prime; taxonomies=\u00a0\u00bb321&Prime;][\/vc_column][\/vc_row]<\/p>","protected":false},"excerpt":{"rendered":"<p>Mon ingr\u00e9dient secret.<\/p>\n","protected":false},"author":2,"featured_media":30836,"comment_status":"open","ping_status":"closed","sticky":false,"template":"","format":"standard","meta":[],"categories":[259,1,321],"tags":[],"jetpack_featured_media_url":"https:\/\/comeconmigo.net\/wp-content\/uploads\/2022\/07\/Ensalada-de-Tomate-con-Vinagreta-de-Melaza-de-Granada-4.jpg","_links":{"self":[{"href":"https:\/\/comeconmigo.net\/fr\/wp-json\/wp\/v2\/posts\/30495"}],"collection":[{"href":"https:\/\/comeconmigo.net\/fr\/wp-json\/wp\/v2\/posts"}],"about":[{"href":"https:\/\/comeconmigo.net\/fr\/wp-json\/wp\/v2\/types\/post"}],"author":[{"embeddable":true,"href":"https:\/\/comeconmigo.net\/fr\/wp-json\/wp\/v2\/users\/2"}],"replies":[{"embeddable":true,"href":"https:\/\/comeconmigo.net\/fr\/wp-json\/wp\/v2\/comments?post=30495"}],"version-history":[{"count":0,"href":"https:\/\/comeconmigo.net\/fr\/wp-json\/wp\/v2\/posts\/30495\/revisions"}],"wp:featuredmedia":[{"embeddable":true,"href":"https:\/\/comeconmigo.net\/fr\/wp-json\/wp\/v2\/media\/30836"}],"wp:attachment":[{"href":"https:\/\/comeconmigo.net\/fr\/wp-json\/wp\/v2\/media?parent=30495"}],"wp:term":[{"taxonomy":"category","embeddable":true,"href":"https:\/\/comeconmigo.net\/fr\/wp-json\/wp\/v2\/categories?post=30495"},{"taxonomy":"post_tag","embeddable":true,"href":"https:\/\/comeconmigo.net\/fr\/wp-json\/wp\/v2\/tags?post=30495"}],"curies":[{"name":"wp","href":"https:\/\/api.w.org\/{rel}","templated":true}]}}