{"id":30440,"date":"2022-05-06T08:00:33","date_gmt":"2022-05-06T07:00:33","guid":{"rendered":"http:\/\/comeconmigo.net\/?p=30440"},"modified":"2022-05-16T15:40:37","modified_gmt":"2022-05-16T14:40:37","slug":"estrella-de-mayo-el-brunch","status":"publish","type":"post","link":"https:\/\/comeconmigo.net\/fr\/estrella-de-mayo-el-brunch\/","title":{"rendered":"STAR DE MAI: LE BRUNCH"},"content":{"rendered":"<p>[vc_row][vc_column][vc_column_text]Comme chaque 1er vendredi du mois, je vous propose une compil\u2019 de recettes que nous adorons et qui sont parfois bien perdues entre les plus de 1500 recettes du blog.<br \/>\nUne fois n\u2019est pas coutume, ce mois-ci, plut\u00f4t que de me centrer sur un ingr\u00e9dient, j\u2019ai pr\u00e9f\u00e9r\u00e9 faire un focus sur notre repas pr\u00e9f\u00e9r\u00e9 du week-end: le brunch!<\/p>\n<p>Pour ceux qui ne sont pas coutumiers du brunch, disons que c\u2019est un repas qui se substitue au petit d\u00e9j et au d\u00e9jeuner, plut\u00f4t le week-end ou pendant les vacances. Pour l\u2019heure on dit souvent entre 11h et 15h mais c\u2019est vraiment libre. Moi perso c\u2019est midi mon heure pr\u00e9f\u00e9r\u00e9e pour d\u00e9marrer un brunch!<\/p>\n<p>Et que mange-t-on \u00e0 un brunch? Un m\u00e9lange de sucr\u00e9 et de sal\u00e9, du th\u00e9 et du caf\u00e9 mais du Champagne fait toujours plaisir s\u2019il y a quelquechose \u00e0 c\u00e9l\u00e9brer. Un <a href=\"https:\/\/comeconmigo.net\/nuestro-coctel-para-prepararnos-al-verano-coctel-de-zanahoria-y-jengibre-con-algo-mas\/\">petit cocktail de saison<\/a> fait aussi toujours son petit effet.<\/p>\n<p>Si vous arrivez \u00e0 la maison un dimanche de brunch, vous verrez que j\u2019aime associer une salade de fruits de saison avec des viennoiseries, <a href=\"https:\/\/comeconmigo.net\/panecillos-tiernos-sin-amasado-sin-complicaciones\/\">des petits pains tendres sans p\u00e9trissage tout chauds tout droit sortis du four<\/a> et <a href=\"https:\/\/comeconmigo.net\/los-scones-clasicos\/\">des scones classiques<\/a> \u00e0 d\u00e9guster avec <a href=\"https:\/\/comeconmigo.net\/fr\/category\/mermeladas\/\">des confitures maison<\/a>.<\/p>\n<p>Pour la touche l\u00e9g\u00e8rement sal\u00e9e, j\u2019adore associer <a href=\"https:\/\/comeconmigo.net\/ensalada-salada-de-citricos-aguacate-con-vinagreta-de-miel\/\">agrumes et avocats dans une salade color\u00e9e<\/a> qui \u00e9gaie la vue et l\u2019accompagner de <a href=\"https:\/\/comeconmigo.net\/gofres-de-patatas-ralladas\/\">gaufres de pommes de terre r\u00e2p\u00e9es<\/a> que j&rsquo;associe \u00e0 du jambon sec, de bacon grill\u00e9 et d\u2019oeufs en fonction des envies de chacun. Evidemment certains pr\u00e9f\u00e8rent se rabattre sur <a href=\"https:\/\/comeconmigo.net\/un-desayuno-para-fines-de-semana-con-tiempo-pancakes-5-cereales\/\">des pancakes 5 c\u00e9r\u00e9ales<\/a> parfaits autant avec du sal\u00e9 qu\u2019avec du sucr\u00e9.<\/p>\n<p>Et comme vous savez que j\u2019adore les <a href=\"https:\/\/comeconmigo.net\/fr\/category\/yogures\/\">yahourts maison<\/a>, je pr\u00e9pare toujours un <a href=\"https:\/\/comeconmigo.net\/fr\/category\/granola\/\">granola\u00a0<\/a> notamment <a href=\"https:\/\/comeconmigo.net\/granola-casero-granola-crujiente-miel-y-nueces\/\">le classique aux noix et au miel<\/a> pour les accompagner.<\/p>\n<p>Et vous, vous aimez recevoir autour du brunch? L\u2019id\u00e9e vous tente?<\/p>\n<p>Bon week-end \u00e0 tous, chez nous ce sera brunch![\/vc_column_text][vc_single_image image=\u00a0\u00bb30593&Prime; img_size=\u00a0\u00bb400X600&Prime; alignment=\u00a0\u00bbcenter\u00a0\u00bb][\/vc_column][\/vc_row][vc_row][vc_column width=\u00a0\u00bb7\/12&Prime;][vc_text_separator title=\u00a0\u00bbAujourd&rsquo;hui&#8230;\u00a0\u00bb color=\u00a0\u00bbblack\u00a0\u00bb]\n\t\t\t<section class=\"image-edge\">\n\t\t\t    <div class=\"col-md-6 col-sm-4 p0 col-md-push-6 col-sm-push-8\">\n\t\t\t        <img width=\"1200\" height=\"1200\" src=\"https:\/\/comeconmigo.net\/wp-content\/uploads\/2022\/05\/Estrella-Mayo-Brunch.jpg\" class=\"mb-xs-24\" alt=\"\" loading=\"lazy\" srcset=\"https:\/\/comeconmigo.net\/wp-content\/uploads\/2022\/05\/Estrella-Mayo-Brunch.jpg 1200w, https:\/\/comeconmigo.net\/wp-content\/uploads\/2022\/05\/Estrella-Mayo-Brunch-300x300.jpg 300w, https:\/\/comeconmigo.net\/wp-content\/uploads\/2022\/05\/Estrella-Mayo-Brunch-1024x1024.jpg 1024w, https:\/\/comeconmigo.net\/wp-content\/uploads\/2022\/05\/Estrella-Mayo-Brunch-150x150.jpg 150w, https:\/\/comeconmigo.net\/wp-content\/uploads\/2022\/05\/Estrella-Mayo-Brunch-768x768.jpg 768w, https:\/\/comeconmigo.net\/wp-content\/uploads\/2022\/05\/Estrella-Mayo-Brunch-60x60.jpg 60w, https:\/\/comeconmigo.net\/wp-content\/uploads\/2022\/05\/Estrella-Mayo-Brunch-500x500.jpg 500w\" sizes=\"(max-width: 1200px) 100vw, 1200px\" \/>\n\t\t\t    <\/div>\n\t\t\t    <div class=\"container\">\n\t\t\t        <div class=\"col-md-5 col-md-pull-0 col-sm-7 col-sm-pull-4 v-align-transform\">\n\t\t\t            [vc_column_text]<\/p>\n<h3 style=\"text-align: left;\">LE BRUNCH<\/h3>\n<p>[\/vc_column_text]\n\t\t\t        <\/div>\n\t\t\t    <\/div>\n\t\t\t<\/section>\n\t\t[\/vc_column][vc_column width=\u00a0\u00bb5\/12&Prime;][vc_text_separator title=\u00a0\u00bbUn jour comme aujourd&rsquo;hui, il y a\u2026\u00a0\u00bb color=\u00a0\u00bbblack\u00a0\u00bb][vc_column_text]\u2026 1 an: <a href=\"https:\/\/comeconmigo.net\/estrellas-de-mayo-mis-recetas-italianas-favoritas\/\">Mes recettes italiennes pr\u00e9f\u00e9r\u00e9es<\/a><\/p>\n<p>\u2026 2 ans: <a href=\"https:\/\/comeconmigo.net\/chili-vegetariano-version-2020-de-la-despensa\/\">Chili V\u00e9g\u00e9tarien du Placard Version 2020<\/a><\/p>\n<p>\u2026 3 ans: <a href=\"https:\/\/comeconmigo.net\/mermelada-de-fresas-azafran\/\">Confiture Fraises &amp; Safran<\/a><\/p>\n<p>\u2026 4 ans: <a href=\"https:\/\/comeconmigo.net\/le-fondant-baulois-bizcocho-de-chocolate\/\">Le Fondant Baulois<\/a><\/p>\n<p>\u2026 5 ans: <a href=\"https:\/\/wp.me\/p9bheG-2DP\">Moules \u00e0 la Sauce Tomate &amp; au Chorizo<\/a><\/p>\n<p>\u2026 6 ans: <a href=\"https:\/\/comeconmigo.net\/?p=608\">Vegan Buddah Bowl vegan<\/a><\/p>\n<p>\u2026 7 ans: <a href=\"https:\/\/comeconmigo.net\/?p=743\">Scones de Rhubarbe<\/a><\/p>\n<p>\u2026 9 ans: <a href=\"https:\/\/comeconmigo.net\/?p=41\">Brochettes de Poulet marin\u00e9es au Fenouil &amp; aux Abricots<\/a><\/p>\n<p>\u2026 10 ans: <a href=\"https:\/\/comeconmigo.net\/?p=162\">Crumble (sal\u00e9) Poulet &amp; Courgette<\/a><\/p>\n<p>\u2026 11 ans: <a href=\"https:\/\/comeconmigo.net\/?p=286\">Gaufres maison au Levain<\/a><\/p>\n<p>\u2026 12 ans: <a href=\"https:\/\/comeconmigo.net\/?p=385\">Deux feuilles Aubergine &amp; Tomate<\/a>[\/vc_column_text][\/vc_column][\/vc_row][vc_row][vc_column][vc_basic_grid post_type=\u00a0\u00bbids\u00a0\u00bb element_width=\u00a0\u00bb2&Prime; gap=\u00a0\u00bb0&Prime; item=\u00a0\u00bbmediaGrid_Default\u00a0\u00bb grid_id=\u00a0\u00bbvc_gid:1652712002322-7bed17ee-7c77-7&Prime; include=\u00a0\u00bb27079, 25799, 22457, 365, 10209, 715&Prime;][vc_basic_grid post_type=\u00a0\u00bbids\u00a0\u00bb gap=\u00a0\u00bb0&Prime; item=\u00a0\u00bbbasicGrid_TextFirst\u00a0\u00bb grid_id=\u00a0\u00bbvc_gid:1652712002323-6cf45fef-4d78-3&Prime; include=\u00a0\u00bb27079, 25799, 22457, 365, 10209, 715&Prime;][\/vc_column][\/vc_row][vc_row][vc_column][vc_single_image image=\u00a0\u00bb12034&Prime; alignment=\u00a0\u00bbcenter\u00a0\u00bb][vc_column_text]<\/p>\n<h3>Encore un petit creux\u2026<\/h3>\n<p>[\/vc_column_text][vc_basic_grid post_type=\u00a0\u00bbpost\u00a0\u00bb max_items=\u00a0\u00bb6&Prime; element_width=\u00a0\u00bb2&Prime; gap=\u00a0\u00bb0&Prime; orderby=\u00a0\u00bbrand\u00a0\u00bb item=\u00a0\u00bbbasicGrid_VerticalFlip\u00a0\u00bb grid_id=\u00a0\u00bbvc_gid:1652712002324-786dcd75-51af-10&Prime; taxonomies=\u00a0\u00bb383&Prime;][\/vc_column][\/vc_row]<\/p>","protected":false},"excerpt":{"rendered":"<p>Mon repas pr\u00e9f\u00e9r\u00e9.<\/p>\n","protected":false},"author":2,"featured_media":30592,"comment_status":"open","ping_status":"closed","sticky":false,"template":"","format":"standard","meta":[],"categories":[253,1,383],"tags":[],"jetpack_featured_media_url":"https:\/\/comeconmigo.net\/wp-content\/uploads\/2022\/05\/Estrella-Mayo-Brunch.jpg","_links":{"self":[{"href":"https:\/\/comeconmigo.net\/fr\/wp-json\/wp\/v2\/posts\/30440"}],"collection":[{"href":"https:\/\/comeconmigo.net\/fr\/wp-json\/wp\/v2\/posts"}],"about":[{"href":"https:\/\/comeconmigo.net\/fr\/wp-json\/wp\/v2\/types\/post"}],"author":[{"embeddable":true,"href":"https:\/\/comeconmigo.net\/fr\/wp-json\/wp\/v2\/users\/2"}],"replies":[{"embeddable":true,"href":"https:\/\/comeconmigo.net\/fr\/wp-json\/wp\/v2\/comments?post=30440"}],"version-history":[{"count":0,"href":"https:\/\/comeconmigo.net\/fr\/wp-json\/wp\/v2\/posts\/30440\/revisions"}],"wp:featuredmedia":[{"embeddable":true,"href":"https:\/\/comeconmigo.net\/fr\/wp-json\/wp\/v2\/media\/30592"}],"wp:attachment":[{"href":"https:\/\/comeconmigo.net\/fr\/wp-json\/wp\/v2\/media?parent=30440"}],"wp:term":[{"taxonomy":"category","embeddable":true,"href":"https:\/\/comeconmigo.net\/fr\/wp-json\/wp\/v2\/categories?post=30440"},{"taxonomy":"post_tag","embeddable":true,"href":"https:\/\/comeconmigo.net\/fr\/wp-json\/wp\/v2\/tags?post=30440"}],"curies":[{"name":"wp","href":"https:\/\/api.w.org\/{rel}","templated":true}]}}