{"id":30258,"date":"2022-04-29T08:00:40","date_gmt":"2022-04-29T07:00:40","guid":{"rendered":"http:\/\/comeconmigo.net\/?p=30258"},"modified":"2022-04-22T17:38:25","modified_gmt":"2022-04-22T16:38:25","slug":"mermelada-de-fresas-vino-caliente","status":"publish","type":"post","link":"https:\/\/comeconmigo.net\/fr\/mermelada-de-fresas-vino-caliente\/","title":{"rendered":"CONFITURE FRAISE &#038; VIN CHAUD"},"content":{"rendered":"<p>[vc_row][vc_column][vc_column_text]Je viens de m\u2019apercevoir que je ne publie aucune recette de confiture depuis le mois de Septembre. Il \u00e9tait donc grand temps de vous propser cette nouvelle confiture au vu des fraises actuellement disponibles sur les march\u00e9s.<\/p>\n<p>La confiture de fraises fait partie des confitures pr\u00e9f\u00e9r\u00e9es de beaucoup de familles du coup je profite du printemps pour en pr\u00e9parer plusieurs que j\u2019offrirai ensuite tout au long de l\u2019ann\u00e9e.<\/p>\n<p>Si j\u2019ai bien fait les comptes, a vec cette nouvelle confiture, vous trouverez 25 recettes de confiture de fraises avec un petit truc en plus:<a href=\"https:\/\/comeconmigo.net\/fresas-con-vino-tinto\/\"> la pr\u00e9f\u00e9r\u00e9e de mon mari au vin rouge<\/a>, <a href=\"https:\/\/comeconmigo.net\/mermelada-de-fresas-azafran\/\">ma pr\u00e9f\u00e9r\u00e9e \u00e0 moi au safran<\/a>, <a href=\"https:\/\/comeconmigo.net\/mermelada-de-fresas-frambuesas-al-cava\/\">le r\u00e9gal de Polyanna avec framboises et Cava<\/a>, <a href=\"https:\/\/comeconmigo.net\/mermelada-de-fresa-y-romero\/\">avec du romarin<\/a>, <a href=\"https:\/\/comeconmigo.net\/mermelada-de-fresas-y-vino-jurancon\/\">au vin doux<\/a> pour n\u2019en citer que quelques-unes.<\/p>\n<p>Pour la recette du jour c\u2019est <a href=\"https:\/\/comeconmigo.net\/vino-caliente-especiado\/\">un vin chaud \u00e9pic\u00e9<\/a> qui s\u2019invite pour parfumer les fraises, il faut dire que je l\u2019adore tout seul br\u00fblant en hiver, <a href=\"https:\/\/comeconmigo.net\/trio-de-sorbetes-sorbete-de-naranja-y-albahaca-sorbete-de-pomelo-y-anis-estrellado-y-sorbete-de-vino-caliente-aptos-para-diabeticos\/\">en sorbet<\/a> en \u00e9t\u00e9, <a href=\"https:\/\/comeconmigo.net\/yogur-casero-con-sabor-a-vino-caliente\/\">en yahourt<\/a>, en <a href=\"https:\/\/comeconmigo.net\/mermelada-de-manzana-vino-caliente-especiado\/\">confiture d\u2019automne avec des pommes<\/a> et m\u00eame dans un <a href=\"https:\/\/comeconmigo.net\/bundt-cake-de-vino-caliente-especiado\/\">somptueux bundtcake<\/a>.<\/p>\n<p>Je vous laisse en compagnie de la recette, Polyanna est en vacances depuis quelques jours et nous en profitons bien ;o)<\/p>\n<p>Bon week-end![\/vc_column_text][vc_single_image image=\u00a0\u00bb30551&Prime; img_size=\u00a0\u00bb400&#215;600&Prime; alignment=\u00a0\u00bbcenter\u00a0\u00bb][\/vc_column][\/vc_row][vc_row][vc_column width=\u00a0\u00bb7\/12&Prime;][vc_text_separator title=\u00a0\u00bbAujourd&rsquo;hui&#8230;\u00a0\u00bb color=\u00a0\u00bbblack\u00a0\u00bb]\n\t\t\t<section class=\"image-edge\">\n\t\t\t    <div class=\"col-md-6 col-sm-4 p0 col-md-push-6 col-sm-push-8\">\n\t\t\t        <img width=\"896\" height=\"600\" src=\"https:\/\/comeconmigo.net\/wp-content\/uploads\/2022\/04\/Mermelada-de-Fresas-Vino-Caliente-11-1.jpg\" class=\"mb-xs-24\" alt=\"\" loading=\"lazy\" srcset=\"https:\/\/comeconmigo.net\/wp-content\/uploads\/2022\/04\/Mermelada-de-Fresas-Vino-Caliente-11-1.jpg 896w, https:\/\/comeconmigo.net\/wp-content\/uploads\/2022\/04\/Mermelada-de-Fresas-Vino-Caliente-11-1-300x201.jpg 300w, https:\/\/comeconmigo.net\/wp-content\/uploads\/2022\/04\/Mermelada-de-Fresas-Vino-Caliente-11-1-768x514.jpg 768w\" sizes=\"(max-width: 896px) 100vw, 896px\" \/>\n\t\t\t    <\/div>\n\t\t\t    <div class=\"container\">\n\t\t\t        <div class=\"col-md-5 col-md-pull-0 col-sm-7 col-sm-pull-4 v-align-transform\">\n\t\t\t            [vc_column_text]<\/p>\n<h3 style=\"text-align: left;\">CONFITURE FRAISE &amp; VIN CHAUD<\/h3>\n<p>[\/vc_column_text]\n\t\t\t        <\/div>\n\t\t\t    <\/div>\n\t\t\t<\/section>\n\t\t[\/vc_column][vc_column width=\u00a0\u00bb5\/12&Prime;][vc_text_separator title=\u00a0\u00bbUn jour comme aujourd&rsquo;hui, il y a\u2026\u00a0\u00bb color=\u00a0\u00bbblack\u00a0\u00bb][vc_column_text]\u2026 1 an: <a href=\"https:\/\/comeconmigo.net\/ensalada-fatoush-a-mi-manera\/\">Salade Fatoush \u00e0 ma mani\u00e8re<\/a><\/p>\n<p>\u2026 2 ans: <a href=\"https:\/\/comeconmigo.net\/habitas-de-primavera-con-champinones-chorizo\/\">F\u00e9vettes de Printemps aux Champignons &amp; Chorizo<\/a><\/p>\n<p>\u2026 3 ans: <a href=\"https:\/\/comeconmigo.net\/ensalada-de-ruibarbo-remolacha-perejil\/\">Salade de Betterave, Rhubarbe &amp; Persil<\/a><\/p>\n<p>\u2026 4 ans: <a href=\"https:\/\/comeconmigo.net\/pastilla-marroqui-vegetariana-o-vegana\/\">Pastilla marocaine v\u00e9g\u00e9tarienne ou vegan<\/a><\/p>\n<p>\u2026 5 ans: <a href=\"https:\/\/wp.me\/p9bheG-2Du\">Pancakes l\u00e9gers \u00e0 la Ricotta &amp; aux Fraises<\/a><\/p>\n<p>\u2026 6 ans: <a href=\"https:\/\/comeconmigo.net\/?p=611\">Confiture de Fraises aux \u00c9pices Douces<\/a><\/p>\n<p>\u2026 7 ans: <a href=\"https:\/\/comeconmigo.net\/?p=746\">Veau au Thym &amp; Au Citron<\/a><\/p>\n<p>\u2026 9 ans:<a href=\"https:\/\/comeconmigo.net\/?p=44\">\u00a0Polenta Cr\u00e9meuse aux Fanes de Radis<\/a><\/p>\n<p>\u2026 10 ans: <a href=\"https:\/\/comeconmigo.net\/?p=165\">Pain \u00e0 la Semoule de Bl\u00e9 (au Levain)<\/a><\/p>\n<p>\u2026 11 ans: <a href=\"https:\/\/comeconmigo.net\/?p=288\">Croque Fraises &amp; Lemon Curd<\/a><\/p>\n<p>\u2026 12 ans: <a href=\"https:\/\/comeconmigo.net\/?p=376\">Trois fa\u00e7ons de pr\u00e9parer un Yahourt aux Pommes Maison<\/a>[\/vc_column_text][\/vc_column][\/vc_row][vc_row][vc_column width=\u00a0\u00bb1\/4&Prime; css=\u00a0\u00bb.vc_custom_1502280835828{background-color: #fff0dd !important;}\u00a0\u00bb][vc_column_text]<\/p>\n<h3 style=\"text-align: center;\">Pour 6\/7 pots environ<\/h3>\n<p style=\"text-align: center;\"><em><u>Pour le vin chaud<\/u><\/em><\/p>\n<p style=\"text-align: center;\">350ml de vin rouge<\/p>\n<p style=\"text-align: center;\">250ml de vin blanc<\/p>\n<p style=\"text-align: center;\">300g de sucre roux<\/p>\n<p style=\"text-align: center;\">1 clou de girofle<\/p>\n<p style=\"text-align: center;\">3 gousses de cardamome \u00e9cras\u00e9es pour lib\u00e9rer les graines<\/p>\n<p style=\"text-align: center;\">1 petite branche de cannelle<\/p>\n<p style=\"text-align: center;\">1 gousse de vanille ouverte en long et gratt\u00e9e<\/p>\n<p style=\"text-align: center;\">Le zeste finement r\u00e2p\u00e9 d\u2019une orange bio<\/p>\n<p style=\"text-align: center;\"><em><u>Pour la confiture<\/u><\/em><\/p>\n<p style=\"text-align: center;\">1,850g de fraises nettoy\u00e9es et sans p\u00e9doncule (environ 2kg bruts)<\/p>\n<p style=\"text-align: center;\">800g de sucre \u00e0 confiture<\/p>\n<p style=\"text-align: center;\"><a href=\"https:\/\/comeconmigo.net\/pectina-de-manzana-casera-para-hacer-mermeladas\/\">Pectine de pomme maison<\/a><\/p>\n<p>[\/vc_column_text][\/vc_column][vc_column width=\u00a0\u00bb3\/4&Prime; css=\u00a0\u00bb.vc_custom_1502280820239{padding-top: 10px !important;padding-right: 10px !important;padding-bottom: 10px !important;padding-left: 10px !important;}\u00a0\u00bb][vc_column_text]<\/p>\n<p style=\"text-align: center;\"><em><u>Pour le vin chaud<\/u><\/em><\/p>\n<p style=\"text-align: center;\">Chauffer \u00e0 feu moyen vif les vins avec les \u00e9pices et le sucre roux jusqu\u2019\u00e0 ce que le sucre fonde. Couvrir et laisser infuser environ 1h hors du feu \u00e0 temp\u00e9rature ambiante et \u00e0 couvert.<\/p>\n<p style=\"text-align: center;\"><em><u>Pour la confiture<\/u><\/em><\/p>\n<p style=\"text-align: center;\">M\u00e9langer les fraises, \u00e9ventuellement coup\u00e9es en 2 si elles sont tr\u00e8s grosses avec le sucre et le vin chaud (avec ou sans \u00e9pices, \u00e7a d\u00e9pend si vous aimez ou pas trouver des \u00e9pices enti\u00e8res dans vos pots termin\u00e9s).<\/p>\n<p style=\"text-align: center;\">Laisser le sucre fondre pendant 2 ou 3 heures, un sirop doit se former autour des fruits. On peut aussi laisser les fruits une nuit au frigo, recouverts de papier film.<\/p>\n<p style=\"text-align: center;\">Verser le m\u00e9lange dans la\u00a0<a href=\"https:\/\/comeconmigo.net\/fr\/portfolio\/el-caldero-para-mermeladas-3\/\"><strong>bassine \u00e0 confiture<\/strong><\/a>\u00a0et amener \u00e0 \u00e9bullition la pr\u00e9paration en remuant r\u00e9guli\u00e8rement.<\/p>\n<p style=\"text-align: center;\">Laisser bouillir 7\/8 minutes et tester la consistance selon notre m\u00e9thode pr\u00e9f\u00e9r\u00e9e et v\u00e9rifier la cuisson avec le test de la petite assiette* et selon la texture obtenue, rajouter la pectine de pommes. Laisser bouillir 2 minutes.<\/p>\n<p style=\"text-align: center;\">Ecumer si besoin (moi j\u2019utilise le truc du petit bout de beurre**).<\/p>\n<p style=\"text-align: center;\">D\u00e8s que le beurre et l\u2019\u00e9cume ont disparu, mettre en pots la confiture bouillante. Visser les pots \u00e9bouillant\u00e9s et les r\u00e9server la t\u00eate en bas.<\/p>\n<p style=\"text-align: center;\">Au bout de 48h si on le souhaite on peut les st\u00e9riliser*** si on pr\u00e9voit de les garder longtemps. Par s\u00e9curit\u00e9, on les st\u00e9rilise toujours comme \u00e7a on peut varier les plaisirs chaque ann\u00e9e et avoir un large panel de go\u00fbts disponibles.<\/p>\n<p>[\/vc_column_text][vc_column_text]<\/p>\n<p style=\"text-align: center;\"><i>Bon profit!<\/i><\/p>\n<p><em>Quelques informations plus ou moins utiles<\/em><\/p>\n<p>* Le\u00a0<em>\u00ab\u00a0test de la petite assiette\u00a0\u00bb<\/em>\u00a0de ma grand-m\u00e8re<\/p>\n<p>Je n\u2019ai aucun doute sur le fait que ce n\u2019est pas la seule \u00e0 utiliser cette m\u00e9thode ou que vous en avez d\u2019autres. Quand on d\u00e9marre la cuisson de la confiture, on glisse au cong\u00e9lateur une petite assiette (question d\u2019espace disponible dans ledit cong\u00e9lateur j\u2019imagine). Quand la confiture commence \u00e0 \u00e9paissir, g\u00e9n\u00e9ralement quand elle commence \u00e0 redescendre en volume, on verse une cuill\u00e8re ou deux de confiture sur la petite assiette froide. Si les gouttes se figent, c\u2019est que la confiture est pr\u00eate. Sinon il faut prolonger de quelques minutes la cuisson.<\/p>\n<p>Par contre, \u00e0 la maison on accepte le fait que tous les fruits ne donnent pas la m\u00eame texture: une confiture de fraises sera toujours plus liquide qu\u2019une \u00e0 l\u2019orange ou \u00e0 la banane.<\/p>\n<p>** La m\u00e9thode dite du petit bout de beurre: c\u2019est aussi simple que de jeter dans notre confiture prise un morceau de beurre (une noix selon la taille de ladite bassine), de bien m\u00e9langer et de renouveler s\u2019il reste encore un peu de mousse, On laisse rebouillir 1 minute et c\u2019est parti pour la mise en pots! Cela ne pose aucun souci sur le temps de conservation, on ne sent pas le go\u00fbt du beurre dans la confiture et \u00e7a permet de ne pas g\u00e2cher un gramme de pr\u00e9paration contrairement \u00e0 la m\u00e9thode avec une \u00e9cumoire.<\/p>\n<p>***\u00a0<em>Comment st\u00e9riliser une confiture maison<\/em><\/p>\n<p>Toutes les \u00e9tapes du processus en d\u00e9tail\u00a0<a href=\"https:\/\/comeconmigo.net\/fr\/portfolio\/el-caldero-para-mermeladas-3\/\"><strong>ici<\/strong><\/a>.<\/p>\n<p>La m\u00e9thode de la cocotte minute est id\u00e9ale car elle permet de conserver pendant plusieurs ann\u00e9es (plus de 7 ans au vu d\u2019une confiture retrouv\u00e9e au fond de la cave apr\u00e8s un d\u00e9m\u00e9nagement!) tout en r\u00e9duisant la quantit\u00e9 de sucre par rapport \u00e0 la norme.<\/p>\n<p>Une fois notre confiture mise en pots, on retourne les pots, couvercle en bas et on laisse refroidir 48\/72h pour que la confiture soit totalement froide. Puis on sort notre cocotte minute et on recouvre le fond avec un torchon pli\u00e9 pour prot\u00e9ger le bas des pots et \u00e9viter les chocs des pots en verre. On emballe chaque pot de confiture dans un torchon pli\u00e9. On installe nos pots bien serr\u00e9s dans la cocotte minute, attention ils doivent \u00eatre bien cal\u00e9s pour ne pas s\u2019entrechoquer pendant le processus. On recouvre d\u2019eau (1 voire 2 centim\u00e8tres au-dessus des couvercles), on ferme notre cocotte minute et quand la soupape siffle, on laisse tourner 5 minutes en pression max si on en dispose.<\/p>\n<p>[\/vc_column_text][vc_single_image image=\u00a0\u00bb11028&Prime; alignment=\u00a0\u00bbcenter\u00a0\u00bb][\/vc_column][\/vc_row][vc_row][vc_column][vc_column_text]<\/p>\n<h3>Encore un petit creux\u2026<\/h3>\n<p>[\/vc_column_text][vc_basic_grid post_type=\u00a0\u00bbpost\u00a0\u00bb max_items=\u00a0\u00bb6&Prime; element_width=\u00a0\u00bb2&Prime; gap=\u00a0\u00bb0&Prime; orderby=\u00a0\u00bbrand\u00a0\u00bb item=\u00a0\u00bbbasicGrid_VerticalFlip\u00a0\u00bb grid_id=\u00a0\u00bbvc_gid:1650645077819-69f56a62-d222-0&Prime; taxonomies=\u00a0\u00bb278&Prime;][\/vc_column][\/vc_row]<\/p>","protected":false},"excerpt":{"rendered":"<p>Variations autour de la confiture de fraise.<\/p>\n","protected":false},"author":2,"featured_media":30552,"comment_status":"open","ping_status":"closed","sticky":false,"template":"","format":"standard","meta":[],"categories":[369,1,278,484],"tags":[],"jetpack_featured_media_url":"https:\/\/comeconmigo.net\/wp-content\/uploads\/2022\/04\/Mermelada-de-Fresas-Vino-Caliente-6-1.jpg","_links":{"self":[{"href":"https:\/\/comeconmigo.net\/fr\/wp-json\/wp\/v2\/posts\/30258"}],"collection":[{"href":"https:\/\/comeconmigo.net\/fr\/wp-json\/wp\/v2\/posts"}],"about":[{"href":"https:\/\/comeconmigo.net\/fr\/wp-json\/wp\/v2\/types\/post"}],"author":[{"embeddable":true,"href":"https:\/\/comeconmigo.net\/fr\/wp-json\/wp\/v2\/users\/2"}],"replies":[{"embeddable":true,"href":"https:\/\/comeconmigo.net\/fr\/wp-json\/wp\/v2\/comments?post=30258"}],"version-history":[{"count":0,"href":"https:\/\/comeconmigo.net\/fr\/wp-json\/wp\/v2\/posts\/30258\/revisions"}],"wp:featuredmedia":[{"embeddable":true,"href":"https:\/\/comeconmigo.net\/fr\/wp-json\/wp\/v2\/media\/30552"}],"wp:attachment":[{"href":"https:\/\/comeconmigo.net\/fr\/wp-json\/wp\/v2\/media?parent=30258"}],"wp:term":[{"taxonomy":"category","embeddable":true,"href":"https:\/\/comeconmigo.net\/fr\/wp-json\/wp\/v2\/categories?post=30258"},{"taxonomy":"post_tag","embeddable":true,"href":"https:\/\/comeconmigo.net\/fr\/wp-json\/wp\/v2\/tags?post=30258"}],"curies":[{"name":"wp","href":"https:\/\/api.w.org\/{rel}","templated":true}]}}