{"id":30244,"date":"2022-04-18T08:00:27","date_gmt":"2022-04-18T07:00:27","guid":{"rendered":"http:\/\/comeconmigo.net\/?p=30244"},"modified":"2022-04-05T16:03:58","modified_gmt":"2022-04-05T15:03:58","slug":"bellevue-bizcocho-tierno-de-chocolate-sin-gluten-sin-mantequilla-sin-aceite","status":"publish","type":"post","link":"https:\/\/comeconmigo.net\/fr\/bellevue-bizcocho-tierno-de-chocolate-sin-gluten-sin-mantequilla-sin-aceite\/","title":{"rendered":"LE BELLEVUE TENDRE AU CHOCOLAT sans gluten sans beurre sans huile"},"content":{"rendered":"<p>[vc_row][vc_column][vc_column_text]D\u00e8s qu\u2019on pens\u00e9 \u00e0 P\u00e2ques, on pens\u00e9 forc\u00e9ment <a href=\"https:\/\/comeconmigo.net\/fr\/category\/chocolate-postres\/\">chocolat<\/a>!<\/p>\n<p>Les enfants adooorent chercher les oeufs et du haut de ses 12 ans mona do aime bien le respect de ces petites traditions familiales bien qu\u2019elle sache que ce ne sont pas les cloches de Rome qui balancent les oeufs dans la nature ;o)<\/p>\n<p>Alors \u00e9videmment le dessert de P\u00e2ques ne peut qu\u2019\u00eatre au chocolat m\u00eame si bien souvent on a d\u00e9j\u00e0 mal au coeur avant de passer \u00e0 table lol<\/p>\n<p><a href=\"https:\/\/comeconmigo.net\/tarta-de-chocolate-con-leche-frambuesas\/\">La tarte au chocolat et \u00e0 la framboise<\/a> pla\u00eet toujours beaucoup, tout comme <a href=\"https:\/\/comeconmigo.net\/la-tarta-de-chocolate-sencilla-de-philippe-conticini\/\">la tarte au chocolat toute simple<\/a>.<\/p>\n<p>Mais cette ann\u00e9e j\u2019ai eu envie de tester quelquechose de nouveau et j\u2019ai d\u00e9couvert un classique de Christophe Felder (le m\u00eame que celui des <a href=\"https:\/\/comeconmigo.net\/los-vanille-kipferl-de-christophe-felder\/\">Vanille Kipferl<\/a> et des <a href=\"https:\/\/comeconmigo.net\/bretzels-de-christophe-felder-con-las-manos-en-la-masa\/\">Bretzels<\/a> des f\u00eates de No\u00ebl): le Bellevue.<\/p>\n<p>Un g\u00e2teau au chocolat tendre et qui a le bon go\u00fbt d\u2019\u00eatre sans gluten, sans beurre et sans huile. Comme en prime il est super bon et ind\u00e9cemment simple \u00e0 pr\u00e9parer il ne vous reste qu\u2019\u00e0 filer le pr\u00e9parer pour juger par vous-m\u00eames!<\/p>\n<p>Bon lundi de P\u00e2ques \u00e0 tous![\/vc_column_text][vc_single_image image=\u00a0\u00bb30428&Prime; img_size=\u00a0\u00bb400&#215;600&Prime; alignment=\u00a0\u00bbcenter\u00a0\u00bb][\/vc_column][\/vc_row][vc_row][vc_column width=\u00a0\u00bb7\/12&Prime;][vc_text_separator title=\u00a0\u00bbAujourd&rsquo;hui&#8230;\u00a0\u00bb color=\u00a0\u00bbblack\u00a0\u00bb]\n\t\t\t<section class=\"image-edge\">\n\t\t\t    <div class=\"col-md-6 col-sm-4 p0 col-md-push-6 col-sm-push-8\">\n\t\t\t        <img width=\"600\" height=\"896\" src=\"https:\/\/comeconmigo.net\/wp-content\/uploads\/2022\/04\/Le-Bellevue-Bizcocho-tierno-de-Chocolate-18.jpg\" class=\"mb-xs-24\" alt=\"\" loading=\"lazy\" srcset=\"https:\/\/comeconmigo.net\/wp-content\/uploads\/2022\/04\/Le-Bellevue-Bizcocho-tierno-de-Chocolate-18.jpg 600w, https:\/\/comeconmigo.net\/wp-content\/uploads\/2022\/04\/Le-Bellevue-Bizcocho-tierno-de-Chocolate-18-201x300.jpg 201w\" sizes=\"(max-width: 600px) 100vw, 600px\" \/>\n\t\t\t    <\/div>\n\t\t\t    <div class=\"container\">\n\t\t\t        <div class=\"col-md-5 col-md-pull-0 col-sm-7 col-sm-pull-4 v-align-transform\">\n\t\t\t            [vc_column_text]<\/p>\n<h3 style=\"text-align: left;\">LE BELLEVUE TENDRE AU CHOCOLAT sans gluten sans beurre sans huile<\/h3>\n<p>[\/vc_column_text]\n\t\t\t        <\/div>\n\t\t\t    <\/div>\n\t\t\t<\/section>\n\t\t[\/vc_column][vc_column width=\u00a0\u00bb5\/12&Prime;][vc_text_separator title=\u00a0\u00bbUn jour comme aujourd&rsquo;hui, il y a\u2026\u00a0\u00bb color=\u00a0\u00bbblack\u00a0\u00bb][vc_column_text]\u2026 1 an: <a href=\"https:\/\/comeconmigo.net\/pollo-con-nuoc-mam\/\">Poulet au Nuoc Mam<\/a><\/p>\n<p>\u2026 2 ans:\u00a0 <a href=\"https:\/\/comeconmigo.net\/semola-de-arroz-con-leche-caramelo-salado\/\">(Semoule de) Riz au Lait &amp; Caramel au Beurre Sal\u00e9<\/a><\/p>\n<p>\u2026 3 ans: <a href=\"https:\/\/comeconmigo.net\/salsifies-con-mantequilla-de-alcaparras\/\">Salsifis au Beurre de C\u00e2pres<\/a><\/p>\n<p>\u2026 4 ans: <a href=\"https:\/\/comeconmigo.net\/descubriendosabores-pastel-de-arroz-con-leche-de-coco-canela\/\">G\u00e2teau de riz au Lait de Coco &amp; Cannelle<\/a><\/p>\n<p>\u2026 5 ans: <a href=\"https:\/\/wp.me\/p9bheG-2Bj\">Tarte Chocolat Framboise de Pierre Herm\u00e9<\/a><\/p>\n<p>\u2026 6 ans: <a href=\"https:\/\/comeconmigo.net\/?p=616\">Chili con Carne \u00e0 ma Fa\u00e7on<\/a><\/p>\n<p>\u2026 7 ans: <a href=\"https:\/\/comeconmigo.net\/?p=751\">Taboul\u00e9 au Mil &amp; aux Cacahou\u00e8tes<\/a><\/p>\n<p>\u2026 9 ans: <a href=\"https:\/\/comeconmigo.net\/?p=48\">Farfalle aux Crevettes, Artichauts &amp; Algue Nori<\/a><\/p>\n<p>\u2026 10 ans: <a href=\"https:\/\/comeconmigo.net\/?p=168\">Le Quatre-Quarts de Pierre Herm\u00e9<\/a><\/p>\n<p>\u2026 11 ans: <a href=\"https:\/\/comeconmigo.net\/?p=291\">Salade ti\u00e8de d\u2019Haricots Verts &amp; Blancs aux G\u00e9siers de Canard Confits<\/a><\/p>\n<p>\u2026 12 ans: <a href=\"https:\/\/comeconmigo.net\/?p=382\">Muffins de Son d\u2019Avoine au coeur Chocolat<\/a>[\/vc_column_text][\/vc_column][\/vc_row][vc_row][vc_column width=\u00a0\u00bb1\/4&Prime; css=\u00a0\u00bb.vc_custom_1502280835828{background-color: #fff0dd !important;}\u00a0\u00bb][vc_column_text]<\/p>\n<h3 style=\"text-align: center;\"><strong>Pour un moule de 23 cm<\/strong><\/h3>\n<p style=\"text-align: center;\">6 oeufs<br \/>\n180g de chocolat \u00e0 66%<br \/>\n3CS* de lait<br \/>\n150g de cr\u00e8me fleurette<\/p>\n<p style=\"text-align: center;\">1 \u00bd CS* de f\u00e9cule de ma\u00efs<br \/>\n75g de poudre d\u2019amandes<br \/>\n125g de sucre semoule (au lieu des 185g de la recette originale mais c\u2019\u00e9tait amplement suffisant)<\/p>\n<p style=\"text-align: center;\">Une pinc\u00e9e de fleur de sel<\/p>\n<p>[\/vc_column_text][\/vc_column][vc_column width=\u00a0\u00bb3\/4&Prime; css=\u00a0\u00bb.vc_custom_1502280820239{padding-top: 10px !important;padding-right: 10px !important;padding-bottom: 10px !important;padding-left: 10px !important;}\u00a0\u00bb][vc_column_text]<\/p>\n<p style=\"text-align: center;\">Pr\u00e9chauffer le four chaleur tournante \u00e0 175\u00ba.<\/p>\n<p style=\"text-align: center;\">S\u00e9parer les blancs des jaunes.<\/p>\n<p style=\"text-align: center;\">Faire fondre le chocolat avec le lait et la cr\u00e8me et ajouter d\u2019abord les jaunes un par un en m\u00e9langeant bien entre chaque ajout puis ensuite la f\u00e9cule m\u00e9lang\u00e9e \u00e0 la poudre d\u2019amande et \u00e0 la fleur de sel.<\/p>\n<p style=\"text-align: center;\">Battre les blancs en neige ferme et y ajouter au fur et \u00e0 mesure le sucre pour obtenir une meringue l\u00e9g\u00e8re et pas trop dure.<\/p>\n<p style=\"text-align: center;\">Ajouter les blancs en 3 fois dans la p\u00e2te, en tournant lentement la pr\u00e9paration pour ne pas faire retomber les blancs.<\/p>\n<p style=\"text-align: center;\">Chemiser un moule avec du papier de cuisson graiss\u00e9 et verser la p\u00e2te par-dessus.<\/p>\n<p style=\"text-align: center;\">Enfourner pour environ 30 minutes mais cela d\u00e9pendra de votre four et de vos pr\u00e9f\u00e9rences: \u00e0 25 minutes, \u00e7a ressemble presque \u00e0 une mousse cuite et \u00e0 35 minutes \u00e0 un g\u00e2teau classique. Moi j\u2019aime bien entre les deux, \u00e0 temp\u00e9rature ambiante et avec un peu de chantilly parfum\u00e9e \u00e0 la vanille ;o)<\/p>\n<p>[\/vc_column_text][vc_column_text]<\/p>\n<p style=\"text-align: center;\"><i>Bon profit!<\/i><\/p>\n<p><em>Quelques informations plus ou moins utiles<\/em><\/p>\n<p>*CS: Cuill\u00e8re \u00e0 Soupe[\/vc_column_text][vc_single_image image=\u00a0\u00bb11028&Prime; alignment=\u00a0\u00bbcenter\u00a0\u00bb][\/vc_column][\/vc_row][vc_row][vc_column][vc_column_text]<\/p>\n<h3>Encore un petit creux\u2026<\/h3>\n<p>[\/vc_column_text][vc_basic_grid post_type=\u00a0\u00bbpost\u00a0\u00bb max_items=\u00a0\u00bb6&Prime; element_width=\u00a0\u00bb2&Prime; gap=\u00a0\u00bb0&Prime; orderby=\u00a0\u00bbrand\u00a0\u00bb item=\u00a0\u00bbbasicGrid_VerticalFlip\u00a0\u00bb grid_id=\u00a0\u00bbvc_gid:1649170633941-60ec3558-9e9f-9&Prime; taxonomies=\u00a0\u00bb331&Prime;][\/vc_column][\/vc_row]<\/p>","protected":false},"excerpt":{"rendered":"<p>Foncez et go\u00fbtez-y.<\/p>\n","protected":false},"author":2,"featured_media":30430,"comment_status":"open","ping_status":"closed","sticky":false,"template":"","format":"standard","meta":[],"categories":[331,342,1,440],"tags":[],"jetpack_featured_media_url":"https:\/\/comeconmigo.net\/wp-content\/uploads\/2022\/04\/Le-Bellevue-Bizcocho-tierno-de-Chocolate-14.jpg","_links":{"self":[{"href":"https:\/\/comeconmigo.net\/fr\/wp-json\/wp\/v2\/posts\/30244"}],"collection":[{"href":"https:\/\/comeconmigo.net\/fr\/wp-json\/wp\/v2\/posts"}],"about":[{"href":"https:\/\/comeconmigo.net\/fr\/wp-json\/wp\/v2\/types\/post"}],"author":[{"embeddable":true,"href":"https:\/\/comeconmigo.net\/fr\/wp-json\/wp\/v2\/users\/2"}],"replies":[{"embeddable":true,"href":"https:\/\/comeconmigo.net\/fr\/wp-json\/wp\/v2\/comments?post=30244"}],"version-history":[{"count":0,"href":"https:\/\/comeconmigo.net\/fr\/wp-json\/wp\/v2\/posts\/30244\/revisions"}],"wp:featuredmedia":[{"embeddable":true,"href":"https:\/\/comeconmigo.net\/fr\/wp-json\/wp\/v2\/media\/30430"}],"wp:attachment":[{"href":"https:\/\/comeconmigo.net\/fr\/wp-json\/wp\/v2\/media?parent=30244"}],"wp:term":[{"taxonomy":"category","embeddable":true,"href":"https:\/\/comeconmigo.net\/fr\/wp-json\/wp\/v2\/categories?post=30244"},{"taxonomy":"post_tag","embeddable":true,"href":"https:\/\/comeconmigo.net\/fr\/wp-json\/wp\/v2\/tags?post=30244"}],"curies":[{"name":"wp","href":"https:\/\/api.w.org\/{rel}","templated":true}]}}