{"id":30237,"date":"2022-04-11T08:00:23","date_gmt":"2022-04-11T07:00:23","guid":{"rendered":"http:\/\/comeconmigo.net\/?p=30237"},"modified":"2022-04-05T15:33:37","modified_gmt":"2022-04-05T14:33:37","slug":"paletilla-de-cordero-al-estilo-helene-darroze","status":"publish","type":"post","link":"https:\/\/comeconmigo.net\/fr\/paletilla-de-cordero-al-estilo-helene-darroze\/","title":{"rendered":"\u00c9PAULE D&rsquo;AGNEAU FA\u00c7ON H\u00c9L\u00c8NE DARROZE"},"content":{"rendered":"<p>[vc_row][vc_column][vc_column_text]Aujourd\u2019hui je vous propose la recette qui nous a accompagn\u00e9s pour le d\u00e9jeuner de P\u00e2ques l\u2019an dernier. Je sens encore son parfum dans l\u2019appartement et combien cela nous avait plu.<\/p>\n<p><a href=\"https:\/\/comeconmigo.net\/wp-content\/uploads\/2022\/04\/Paletilla-de-Cordero-al-estilo-H\u00e9l\u00e8ne-Darroze-15.jpg\"><img loading=\"lazy\" class=\"size-medium wp-image-30414 aligncenter\" src=\"https:\/\/comeconmigo.net\/wp-content\/uploads\/2022\/04\/Paletilla-de-Cordero-al-estilo-H\u00e9l\u00e8ne-Darroze-15-201x300.jpg\" alt=\"\" width=\"201\" height=\"300\" srcset=\"https:\/\/comeconmigo.net\/wp-content\/uploads\/2022\/04\/Paletilla-de-Cordero-al-estilo-H\u00e9l\u00e8ne-Darroze-15-201x300.jpg 201w, https:\/\/comeconmigo.net\/wp-content\/uploads\/2022\/04\/Paletilla-de-Cordero-al-estilo-H\u00e9l\u00e8ne-Darroze-15.jpg 600w\" sizes=\"(max-width: 201px) 100vw, 201px\" \/><\/a>Pour le nombre exact de convives, \u00e7a d\u00e9pendra du poids de votre \u00e9paule mais pour le reste des ingr\u00e9dients, les quantit\u00e9s resteront les m\u00eames. La recette est d\u2019H\u00e9l\u00e8ne Darroze, une des rares femmes chef \u00e0 avoir plusieurs restaurants multi-\u00e9toil\u00e9s. Pendant le confinement et la longue fermeture des restaurants, elle avait compil\u00e9 des recettes de famille, simples, sans pr\u00e9cision chirurgicale, simple mais avec du go\u00fbt, du go\u00fbt, du go\u00fbt :o)<\/p>\n<p>Pas de sel dans la recette, ce n\u2019est pas un oubli mais avec la concentration des saveurs, le sel contenu dans <a href=\"https:\/\/comeconmigo.net\/limones-confitados-a-la-sal-caseros\/\">les citrons confits<\/a> et les olives, on ne note pas son absence. Mais tout d\u00e9pendra \u00e9videmment de vos ingr\u00e9dients.<\/p>\n<p>Et surtout n\u2019oubliez pas un bon pain pour saucer parce que le jus r\u00e9duit est merveilleux.<\/p>\n<p>Et vous, avez-vous de cuisiner de l\u2019\u00e9paule d\u2019agneau? Qu\u2019en faites-vous?<\/p>\n<p>Bonne semaine![\/vc_column_text][vc_single_image image=\u00a0\u00bb30412&Prime; img_size=\u00a0\u00bb400&#215;600&Prime; alignment=\u00a0\u00bbcenter\u00a0\u00bb][\/vc_column][\/vc_row][vc_row][vc_column width=\u00a0\u00bb7\/12&Prime;][vc_text_separator title=\u00a0\u00bbAujourd&rsquo;hui&#8230;\u00a0\u00bb color=\u00a0\u00bbblack\u00a0\u00bb]\n\t\t\t<section class=\"image-edge\">\n\t\t\t    <div class=\"col-md-6 col-sm-4 p0 col-md-push-6 col-sm-push-8\">\n\t\t\t        <img width=\"896\" height=\"600\" src=\"https:\/\/comeconmigo.net\/wp-content\/uploads\/2022\/04\/Paletilla-de-Cordero-al-estilo-H\u00e9l\u00e8ne-Darroze-14.jpg\" class=\"mb-xs-24\" alt=\"\" loading=\"lazy\" srcset=\"https:\/\/comeconmigo.net\/wp-content\/uploads\/2022\/04\/Paletilla-de-Cordero-al-estilo-H\u00e9l\u00e8ne-Darroze-14.jpg 896w, https:\/\/comeconmigo.net\/wp-content\/uploads\/2022\/04\/Paletilla-de-Cordero-al-estilo-H\u00e9l\u00e8ne-Darroze-14-300x201.jpg 300w, https:\/\/comeconmigo.net\/wp-content\/uploads\/2022\/04\/Paletilla-de-Cordero-al-estilo-H\u00e9l\u00e8ne-Darroze-14-768x514.jpg 768w\" sizes=\"(max-width: 896px) 100vw, 896px\" \/>\n\t\t\t    <\/div>\n\t\t\t    <div class=\"container\">\n\t\t\t        <div class=\"col-md-5 col-md-pull-0 col-sm-7 col-sm-pull-4 v-align-transform\">\n\t\t\t            [vc_column_text]<\/p>\n<h3 style=\"text-align: left;\">\u00c9PAULE D&rsquo;AGNEAU FA\u00c7ON H\u00c9L\u00c8NE DARROZE<\/h3>\n<p>[\/vc_column_text]\n\t\t\t        <\/div>\n\t\t\t    <\/div>\n\t\t\t<\/section>\n\t\t[\/vc_column][vc_column width=\u00a0\u00bb5\/12&Prime;][vc_text_separator title=\u00a0\u00bbUn jour comme aujourd&rsquo;hui, il y a\u2026\u00a0\u00bb color=\u00a0\u00bbblack\u00a0\u00bb][vc_column_text]\u2026 1 an: <a href=\"https:\/\/comeconmigo.net\/trigueros-crujientes-parmesano-pan-rallado\/\">Asperges vertes croustillantes (Chapelure &amp; Parmesan)<\/a><\/p>\n<p>\u2026 2 ans: <a href=\"https:\/\/comeconmigo.net\/tarta-de-chocolate-con-leche-frambuesas\/\">Tarte Chocolat au Lait &amp; Framboises<\/a><\/p>\n<p>\u2026 3 ans: <a href=\"https:\/\/comeconmigo.net\/el-guacamole-de-mi-amiga-solange-con-limon-confitado-a-la-sal\/\">Le Guacamole de Solange (avec du citron confit au sel)<\/a><\/p>\n<p>\u2026 4 ans: <a href=\"https:\/\/comeconmigo.net\/garbanzos-especiados-con-coliflor-y-mango-al-estilo-ottolenghi\/\">Pois Chiches \u00e9pic\u00e9s au Chou-Fleur &amp; \u00e0 la Mangue<\/a><\/p>\n<p>\u2026 5 ans: <a href=\"https:\/\/wp.me\/p9bheG-2B3\">Cacahou\u00e8tes au Miel<\/a><\/p>\n<p>\u2026 6 ans: <a href=\"https:\/\/comeconmigo.net\/?p=618\">Salade Marocaine aux Carottes &amp; Pois Chiches<\/a><\/p>\n<p>\u2026 7 ans: <a href=\"https:\/\/comeconmigo.net\/?p=753\">Rouleaux de Printemps v\u00e9g\u00e9taux, sauce Cacahou\u00e8te<\/a><\/p>\n<p>\u2026 9 ans: <a href=\"https:\/\/comeconmigo.net\/?p=50\">Carbonara d\u2019Artichauts<\/a><\/p>\n<p>\u2026 10 ans: <a href=\"https:\/\/comeconmigo.net\/?p=169\">Yahourt au Rhum, lit de Confiture de Banane au Rhum &amp; \u00e0 la Vanille<\/a><\/p>\n<p>\u2026 11 ans: <a href=\"https:\/\/comeconmigo.net\/?p=291\">Salade ti\u00e8de de Haricots Verts &amp; Blancs aux G\u00e9siers de Canard Confits<\/a><\/p>\n<p>\u2026 12 ans: <a href=\"https:\/\/comeconmigo.net\/?p=383\">Jardini\u00e8re de L\u00e9gumes de Printemps \u00e0 l\u2019Huile de Truffe<\/a>[\/vc_column_text][\/vc_column][\/vc_row][vc_row][vc_column width=\u00a0\u00bb1\/4&Prime; css=\u00a0\u00bb.vc_custom_1502280835828{background-color: #fff0dd !important;}\u00a0\u00bb][vc_column_text]<\/p>\n<h3 style=\"text-align: center;\">Pour 4\/6 personnes selon le poids de viande<\/h3>\n<p style=\"text-align: center;\">\u00a01 \u00e9paule d\u2019agneau pr\u00e9par\u00e9e fa\u00e7on gigot (environ 1,5 kg avec les os)<\/p>\n<p style=\"text-align: center;\">2 beaux oignons<\/p>\n<p style=\"text-align: center;\">2 belles carottes<\/p>\n<p style=\"text-align: center;\">6 gousses d\u2019ail<\/p>\n<p style=\"text-align: center;\">4 tomates allong\u00e9es<\/p>\n<p style=\"text-align: center;\">1<a href=\"https:\/\/comeconmigo.net\/limones-confitados-a-la-sal-caseros\/\"> gros citron confit au sel<\/a> (ou 2 petits s\u2019ils sont du commerce)<\/p>\n<p style=\"text-align: center;\">2 branches de romarin frais<\/p>\n<p style=\"text-align: center;\">4 branches de thym frais<\/p>\n<p style=\"text-align: center;\">3 feuilles de laurier fra\u00eeches (ou s\u00e8ches sinon)<\/p>\n<p style=\"text-align: center;\">1CS* de graisse de canard ou d\u2019huile d\u2019olive<\/p>\n<p style=\"text-align: center;\">450g de tomates cerises multicolores<\/p>\n<p style=\"text-align: center;\">150g d\u2019olives noires (d\u2019Aragon ou de Kalamata par exemple)<\/p>\n<p style=\"text-align: center;\">Piment d\u2019Espelette<\/p>\n<p>[\/vc_column_text][\/vc_column][vc_column width=\u00a0\u00bb3\/4&Prime; css=\u00a0\u00bb.vc_custom_1502280820239{padding-top: 10px !important;padding-right: 10px !important;padding-bottom: 10px !important;padding-left: 10px !important;}\u00a0\u00bb][vc_column_text]<\/p>\n<p style=\"text-align: center;\">Dans une cocotte pouvant ensuite aller au four, chauffer la graisse de canard et dorer l\u2019\u00e9paule sur toutes les faces. R\u00e9server.<\/p>\n<p style=\"text-align: center;\">Dans la m\u00eame cocotte, mettre les oignons pel\u00e9s et d\u00e9coup\u00e9s en fines demi-lunes, les carottes \u00e9pluch\u00e9es et coup\u00e9es en d\u00e9s moyens et les gousses d\u2019ail enti\u00e8res non pel\u00e9es. Bien m\u00e9langer, les l\u00e9gumes ne doivent pas colorer mais permettre de bien gratter les sucs de la viande avec leur liquide de v\u00e9g\u00e9tation. Ajouter ensuite les tomates lav\u00e9es et coup\u00e9es en 4, le citron confit (seulement sa peau rinc\u00e9e et coup\u00e9e en gros morceaux), le thym, le laurier et le romarin. D\u00e9poser dessus l\u2019agneau, saupoudrer d\u2019un peu de piment d\u2019Espelette et enfourner \u00e0 150\u00ba chaleur tournante pendant 2 heures sans couvrir.<\/p>\n<p style=\"text-align: center;\">Au bout de ces 2 heures, vous avez 2 possibilit\u00e9s: continuer la cuisson ou laisser reposer jusqu\u2019au lendemain. En g\u00e9n\u00e9ral, je retiens cette solution en ajoutant le lendemain la suite des ingr\u00e9dients, je mets au four et quand je rentre 2 ou 3 heures plus tard le d\u00e9jeuner est pr\u00eat sans que je m\u2019en rende compte ou presque.<\/p>\n<p style=\"text-align: center;\">Au bout de ces 2 premi\u00e8res heures, ajouter les tomates cerises et les olives, m\u00e9langer et remettre au four pour 2 heures \u00e0 150\u00ba.<\/p>\n<p style=\"text-align: center;\">Pass\u00e9 ce temps suppl\u00e9mentaire de cuisson (la recette peut largement attendre 1h dans le four), la viande doit \u00eatre ultra-tendre et pouvoir se d\u00e9couper \u00e0 la cuill\u00e8re.<\/p>\n<p style=\"text-align: center;\">La chef conseille d\u2019\u00f4ter la garniture aromatique pour le service mais finalement j\u2019ai choisi de tout mettre au milieu de la table et chacun a pioch\u00e9 selon ses envies, les parties bien caram\u00e9lis\u00e9es pour moi, les morceaux super tendres pr\u00e8s de l\u2019os pour Polyanna ;o)<\/p>\n<p style=\"text-align: center;\">Un bon vin rouge, du pain pour saucer, vous allez adorer.<\/p>\n<p>[\/vc_column_text][vc_column_text]<\/p>\n<p style=\"text-align: center;\"><i>Bon profit!<\/i><\/p>\n<p><em>Quelques informations plus ou moins utiles<\/em><\/p>\n<p>*CS: Cuill\u00e8re \u00e0 Soupe[\/vc_column_text][vc_single_image image=\u00a0\u00bb11028&Prime; alignment=\u00a0\u00bbcenter\u00a0\u00bb][\/vc_column][\/vc_row][vc_row][vc_column][vc_column_text]<\/p>\n<h3>Encore un petit creux\u2026<\/h3>\n<p>[\/vc_column_text][vc_basic_grid post_type=\u00a0\u00bbpost\u00a0\u00bb max_items=\u00a0\u00bb6&Prime; element_width=\u00a0\u00bb2&Prime; gap=\u00a0\u00bb0&Prime; orderby=\u00a0\u00bbrand\u00a0\u00bb item=\u00a0\u00bbbasicGrid_VerticalFlip\u00a0\u00bb grid_id=\u00a0\u00bbvc_gid:1649168870092-0160cb29-db86-10&Prime; taxonomies=\u00a0\u00bb443&Prime;][\/vc_column][\/vc_row]<\/p>","protected":false},"excerpt":{"rendered":"<p>Sublime.<\/p>\n","protected":false},"author":2,"featured_media":30415,"comment_status":"open","ping_status":"closed","sticky":false,"template":"","format":"standard","meta":[],"categories":[252,1,443],"tags":[],"jetpack_featured_media_url":"https:\/\/comeconmigo.net\/wp-content\/uploads\/2022\/04\/Paletilla-de-Cordero-al-estilo-H\u00e9l\u00e8ne-Darroze-24.jpg","_links":{"self":[{"href":"https:\/\/comeconmigo.net\/fr\/wp-json\/wp\/v2\/posts\/30237"}],"collection":[{"href":"https:\/\/comeconmigo.net\/fr\/wp-json\/wp\/v2\/posts"}],"about":[{"href":"https:\/\/comeconmigo.net\/fr\/wp-json\/wp\/v2\/types\/post"}],"author":[{"embeddable":true,"href":"https:\/\/comeconmigo.net\/fr\/wp-json\/wp\/v2\/users\/2"}],"replies":[{"embeddable":true,"href":"https:\/\/comeconmigo.net\/fr\/wp-json\/wp\/v2\/comments?post=30237"}],"version-history":[{"count":0,"href":"https:\/\/comeconmigo.net\/fr\/wp-json\/wp\/v2\/posts\/30237\/revisions"}],"wp:featuredmedia":[{"embeddable":true,"href":"https:\/\/comeconmigo.net\/fr\/wp-json\/wp\/v2\/media\/30415"}],"wp:attachment":[{"href":"https:\/\/comeconmigo.net\/fr\/wp-json\/wp\/v2\/media?parent=30237"}],"wp:term":[{"taxonomy":"category","embeddable":true,"href":"https:\/\/comeconmigo.net\/fr\/wp-json\/wp\/v2\/categories?post=30237"},{"taxonomy":"post_tag","embeddable":true,"href":"https:\/\/comeconmigo.net\/fr\/wp-json\/wp\/v2\/tags?post=30237"}],"curies":[{"name":"wp","href":"https:\/\/api.w.org\/{rel}","templated":true}]}}