{"id":30225,"date":"2022-03-28T08:00:13","date_gmt":"2022-03-28T07:00:13","guid":{"rendered":"http:\/\/comeconmigo.net\/?p=30225"},"modified":"2022-03-27T17:02:34","modified_gmt":"2022-03-27T16:02:34","slug":"carpaccio-de-rabano-red-meat","status":"publish","type":"post","link":"https:\/\/comeconmigo.net\/fr\/carpaccio-de-rabano-red-meat\/","title":{"rendered":"CARPACCIO DE RADIS RED MEAT"},"content":{"rendered":"<p>[vc_row][vc_column][vc_column_text]Pour d\u00e9marrer la semaine, je vous propose une recette toute simple, d\u00e9licieuse et qui respire la sant\u00e9.<\/p>\n<p>Je ne connaissais pas cette vari\u00e9t\u00e9 de radis mais nous avons ador\u00e9 sa chair plus douce que celle du radis noir et m\u00eame des petits radis roses.<\/p>\n<p>Coup\u00e9s finement (ah ma nouvelle passion pour les d\u00e9coupes dont je vous parlais dans<a href=\"https:\/\/comeconmigo.net\/ensalada-de-semola-de-zanahoria-rabano-negro\/\"> la semoule de carotte et de radis noir<\/a>), leur texture est \u00e0 la fois pleine de croquant mais aussi tendre et juteuse.<\/p>\n<p>Et faut-il mentionner leur couleur absolument magnifique?<\/p>\n<p>Avec une petite sauce aux airs doucement orientaux, nous nous sommes r\u00e9gal\u00e9s avec ce carpaccio v\u00e9g\u00e9tal, \u00e7a vous dit?<\/p>\n<p>Bonne semaine \u00e0 tous![\/vc_column_text][vc_single_image image=\u00a0\u00bb30364&Prime; img_size=\u00a0\u00bb400&#215;600&Prime; alignment=\u00a0\u00bbcenter\u00a0\u00bb][\/vc_column][\/vc_row][vc_row][vc_column width=\u00a0\u00bb7\/12&Prime;][vc_text_separator title=\u00a0\u00bbAujourd&rsquo;hui&#8230;\u00a0\u00bb color=\u00a0\u00bbblack\u00a0\u00bb]\n\t\t\t<section class=\"image-edge\">\n\t\t\t    <div class=\"col-md-6 col-sm-4 p0 col-md-push-6 col-sm-push-8\">\n\t\t\t        <img width=\"600\" height=\"814\" src=\"https:\/\/comeconmigo.net\/wp-content\/uploads\/2022\/03\/Carpaccio-de-R\u00e1bano-Red-Meat-9.jpg\" class=\"mb-xs-24\" alt=\"\" loading=\"lazy\" srcset=\"https:\/\/comeconmigo.net\/wp-content\/uploads\/2022\/03\/Carpaccio-de-R\u00e1bano-Red-Meat-9.jpg 600w, https:\/\/comeconmigo.net\/wp-content\/uploads\/2022\/03\/Carpaccio-de-R\u00e1bano-Red-Meat-9-221x300.jpg 221w\" sizes=\"(max-width: 600px) 100vw, 600px\" \/>\n\t\t\t    <\/div>\n\t\t\t    <div class=\"container\">\n\t\t\t        <div class=\"col-md-5 col-md-pull-0 col-sm-7 col-sm-pull-4 v-align-transform\">\n\t\t\t            [vc_column_text]<\/p>\n<h3 style=\"text-align: left;\">CARPACCIO DE RADIS RED MEAT<\/h3>\n<p>[\/vc_column_text]\n\t\t\t        <\/div>\n\t\t\t    <\/div>\n\t\t\t<\/section>\n\t\t[\/vc_column][vc_column width=\u00a0\u00bb5\/12&Prime;][vc_text_separator title=\u00a0\u00bbUn jour comme aujourd&rsquo;hui, il y a\u2026\u00a0\u00bb color=\u00a0\u00bbblack\u00a0\u00bb][vc_column_text]\u2026 1 an: <a href=\"https:\/\/comeconmigo.net\/bunuelos-de-bacalao\/\">Beignets de Morue Sal\u00e9e<\/a><\/p>\n<p>\u2026 2 ans: <a href=\"https:\/\/comeconmigo.net\/ensalada-de-apio-langostinos-manzana\/\">Salade de C\u00e9leri Branche, Crevettes &amp; Pomme<\/a><\/p>\n<p>\u2026 3 ans: <a href=\"https:\/\/comeconmigo.net\/brochetas-de-gambas-pina\/\">Brochettes de Crevettes &amp; Ananas<\/a><\/p>\n<p>\u2026 4 ans: <a href=\"https:\/\/comeconmigo.net\/galletas-de-mantequilla-bretonas-de-trigo-sarraceno-sin-gluten\/\">Galettes Sabl\u00e9es Bretonnes au Sarrasin (sans gluten)<\/a><\/p>\n<p>\u2026 5 ans: <a href=\"https:\/\/wp.me\/p9bheG-2Ae\">Salade d\u2019Endives, de Rhubarbe &amp; Fraise<\/a><\/p>\n<p>\u2026 6 ans: <a href=\"https:\/\/comeconmigo.net\/?p=626\">G\u00e2teau aux Fraises &amp; \u00e0 la Chantilly de Miquel<\/a><\/p>\n<p>\u2026 7 ans: <a href=\"https:\/\/comeconmigo.net\/?p=760\">Bacall\u00e0 alla Napoletana (morue \u00e0 la napolitaine)<\/a><\/p>\n<p>\u2026 8 ans: <a href=\"https:\/\/comeconmigo.net\/?p=834\">Confiture de Peaux d\u2019Oranges<\/a><\/p>\n<p>\u2026 9 ans: <a href=\"https:\/\/comeconmigo.net\/?p=56\">Chocolats mendiants \u00e0 la Fleur de Sel<\/a><\/p>\n<p>\u2026 10 ans: <a href=\"https:\/\/comeconmigo.net\/?p=173\">Saint Jacques pan\u00e9es aux Pistaches<\/a><\/p>\n<p>\u2026 11 ans: <a href=\"https:\/\/comeconmigo.net\/?p=298\">Confiture de Fraises &amp; Cardamomoe<\/a><\/p>\n<p>\u2026 12 ans: <a href=\"https:\/\/comeconmigo.net\/?p=389\">Flans au Th\u00e9 Earl Grey &amp; Gingembre caram\u00e9lis\u00e9<\/a>[\/vc_column_text][\/vc_column][\/vc_row][vc_row][vc_column width=\u00a0\u00bb1\/4&Prime; css=\u00a0\u00bb.vc_custom_1502280835828{background-color: #fff0dd !important;}\u00a0\u00bb][vc_column_text]<\/p>\n<h3 style=\"text-align: center;\">Pour 4 personnes<\/h3>\n<p style=\"text-align: center;\">1 gros radis red meat ou 2 moyens<\/p>\n<p style=\"text-align: center;\">2CS* de jus de citron vert + son zeste r\u00e2p\u00e9 finement<\/p>\n<p style=\"text-align: center;\">2CS* d\u2019huile de s\u00e9same<\/p>\n<p style=\"text-align: center;\">1CS* de s\u00e9samo grill\u00e9<\/p>\n<p style=\"text-align: center;\">1CS* de s\u00e9same noir<\/p>\n<p style=\"text-align: center;\">Sel, poivre<\/p>\n<p>[\/vc_column_text][\/vc_column][vc_column width=\u00a0\u00bb3\/4&Prime; css=\u00a0\u00bb.vc_custom_1502280820239{padding-top: 10px !important;padding-right: 10px !important;padding-bottom: 10px !important;padding-left: 10px !important;}\u00a0\u00bb][vc_column_text]<\/p>\n<p style=\"text-align: center;\">Bien \u00e9mulsionner l\u2019ensemble des ingr\u00e9dients sauf le radis.<\/p>\n<p style=\"text-align: center;\">Eplucher le radis et le d\u00e9couper en tranches fines (mais pas trop car leur texture est plus tendre que celle du radis noir par exemple) que l\u2019on dispose au fur et \u00e0 mesure dans les assiettes.<\/p>\n<p style=\"text-align: center;\">R\u00e9partir la sauce \u00e9mulsionn\u00e9e par-dessus et terminer en d\u00e9corant avec les graines de s\u00e9same et le zeste de citron vert.<\/p>\n<p style=\"text-align: center;\">Laisser mariner 5\/10 minutes et r\u00e9galez-vous!<\/p>\n<p>[\/vc_column_text][vc_column_text]<\/p>\n<p style=\"text-align: center;\"><i>Bon profit!<\/i><\/p>\n<p><em>Quelques informations plus ou moins utiles<\/em><\/p>\n<p>*CS: Cuill\u00e8re \u00e0 Soupe[\/vc_column_text][vc_single_image image=\u00a0\u00bb11028&Prime; alignment=\u00a0\u00bbcenter\u00a0\u00bb][\/vc_column][\/vc_row][vc_row][vc_column][vc_column_text]<\/p>\n<h3>Encore un petit creux\u2026<\/h3>\n<p>[\/vc_column_text][vc_basic_grid post_type=\u00a0\u00bbpost\u00a0\u00bb max_items=\u00a0\u00bb6&Prime; element_width=\u00a0\u00bb2&Prime; gap=\u00a0\u00bb0&Prime; orderby=\u00a0\u00bbrand\u00a0\u00bb item=\u00a0\u00bbbasicGrid_VerticalFlip\u00a0\u00bb grid_id=\u00a0\u00bbvc_gid:1648396620754-e4bee464-bfd0-5&Prime; taxonomies=\u00a0\u00bb300&Prime;][\/vc_column][\/vc_row]<\/p>","protected":false},"excerpt":{"rendered":"<p>Magnifique couleur, pas vrai?<\/p>\n","protected":false},"author":2,"featured_media":30361,"comment_status":"open","ping_status":"closed","sticky":false,"template":"","format":"standard","meta":[],"categories":[1,300],"tags":[],"jetpack_featured_media_url":"https:\/\/comeconmigo.net\/wp-content\/uploads\/2022\/03\/Carpaccio-de-R\u00e1bano-Red-Meat-5.jpg","_links":{"self":[{"href":"https:\/\/comeconmigo.net\/fr\/wp-json\/wp\/v2\/posts\/30225"}],"collection":[{"href":"https:\/\/comeconmigo.net\/fr\/wp-json\/wp\/v2\/posts"}],"about":[{"href":"https:\/\/comeconmigo.net\/fr\/wp-json\/wp\/v2\/types\/post"}],"author":[{"embeddable":true,"href":"https:\/\/comeconmigo.net\/fr\/wp-json\/wp\/v2\/users\/2"}],"replies":[{"embeddable":true,"href":"https:\/\/comeconmigo.net\/fr\/wp-json\/wp\/v2\/comments?post=30225"}],"version-history":[{"count":0,"href":"https:\/\/comeconmigo.net\/fr\/wp-json\/wp\/v2\/posts\/30225\/revisions"}],"wp:featuredmedia":[{"embeddable":true,"href":"https:\/\/comeconmigo.net\/fr\/wp-json\/wp\/v2\/media\/30361"}],"wp:attachment":[{"href":"https:\/\/comeconmigo.net\/fr\/wp-json\/wp\/v2\/media?parent=30225"}],"wp:term":[{"taxonomy":"category","embeddable":true,"href":"https:\/\/comeconmigo.net\/fr\/wp-json\/wp\/v2\/categories?post=30225"},{"taxonomy":"post_tag","embeddable":true,"href":"https:\/\/comeconmigo.net\/fr\/wp-json\/wp\/v2\/tags?post=30225"}],"curies":[{"name":"wp","href":"https:\/\/api.w.org\/{rel}","templated":true}]}}