{"id":30202,"date":"2022-03-02T08:00:18","date_gmt":"2022-03-02T07:00:18","guid":{"rendered":"http:\/\/comeconmigo.net\/?p=30202"},"modified":"2022-03-03T19:02:52","modified_gmt":"2022-03-03T18:02:52","slug":"natillas-de-pistacho","status":"publish","type":"post","link":"https:\/\/comeconmigo.net\/fr\/natillas-de-pistacho\/","title":{"rendered":"PETITES CR\u00c8MES \u00c0 LA PISTACHE"},"content":{"rendered":"<p>[vc_row][vc_column][vc_column_text]Comme chaque ann\u00e9e \u00e0 l\u2019approche du printemps je me lance dans un grand tri dans mes placards de cuisine. Il y a des ingr\u00e9dients que l\u2019on consomme davantage en hiver qu\u2019en \u00e9t\u00e9 donc mars est par exemple un mois parfait pour \u00e9couler<a href=\"https:\/\/comeconmigo.net\/guiso-de-garbanzos-y-castanas-pilongas\/\"> les derni\u00e8res ch\u00e2taignes s\u00e9ch\u00e9es en rago\u00fbt avec des pois chiches<\/a> ou <a href=\"https:\/\/comeconmigo.net\/crema-de-chirivia-castanas-pilongas-en-olla-presion\/\">en velout\u00e9 r\u00e9confortant avec des panais<\/a>. C\u2019est aussi le moment de terminer les paquets ou bocaux entam\u00e9s puisque chez nous c\u2019est <a href=\"https:\/\/comeconmigo.net\/fr\/category\/aqui-no-se-tira-nada\/\">#EnmodeZ\u00e9roD\u00e9chets<\/a>!<\/p>\n<p>C\u2019est comme \u00e7a qu\u2019est n\u00e9e la recette du jour, d\u2019un fond de p\u00e2te de pistache . Evidemment, j\u2019aurais pu pr\u00e9parer <a href=\"https:\/\/comeconmigo.net\/pasta-fresca-con-crema-de-pistachos\/\">des p\u00e2tes fra\u00eeches \u00e0 la cr\u00e8me de pistache<\/a> mais ce qui est dr\u00f4le dans ce genre de vide-placard, c\u2019est de tenter des choses nouvelles, d\u00e9fi que j\u2019affectionne tout particuli\u00e8rement et qui illumine le rangement toujours fastidieux ;o)<\/p>\n<p>Et pour couronner le tout, j\u2019ai profit\u00e9 d\u2019une poign\u00e9e de pistaches mond\u00e9es \u00e0 la date de p\u00e9remption non identifi\u00e9e pour en faire des petits \u00e9clats caram\u00e9lis\u00e9s.<\/p>\n<p>Alors, vous en pensez quoi de cette recette anti-g\u00e2chis?<\/p>\n<p>Bon mercredi \u00e0 tous![\/vc_column_text][vc_single_image image=\u00a0\u00bb30275&Prime; img_size=\u00a0\u00bb400&#215;600&Prime; alignment=\u00a0\u00bbcenter\u00a0\u00bb][\/vc_column][\/vc_row][vc_row][vc_column width=\u00a0\u00bb7\/12&Prime;][vc_text_separator title=\u00a0\u00bbAujourd&rsquo;hui&#8230;\u00a0\u00bb color=\u00a0\u00bbblack\u00a0\u00bb]\n\t\t\t<section class=\"image-edge\">\n\t\t\t    <div class=\"col-md-6 col-sm-4 p0 col-md-push-6 col-sm-push-8\">\n\t\t\t        <img width=\"896\" height=\"600\" src=\"https:\/\/comeconmigo.net\/wp-content\/uploads\/2022\/03\/Natillas-de-Pistacho-3.jpg\" class=\"mb-xs-24\" alt=\"\" loading=\"lazy\" srcset=\"https:\/\/comeconmigo.net\/wp-content\/uploads\/2022\/03\/Natillas-de-Pistacho-3.jpg 896w, https:\/\/comeconmigo.net\/wp-content\/uploads\/2022\/03\/Natillas-de-Pistacho-3-300x201.jpg 300w, https:\/\/comeconmigo.net\/wp-content\/uploads\/2022\/03\/Natillas-de-Pistacho-3-768x514.jpg 768w\" sizes=\"(max-width: 896px) 100vw, 896px\" \/>\n\t\t\t    <\/div>\n\t\t\t    <div class=\"container\">\n\t\t\t        <div class=\"col-md-5 col-md-pull-0 col-sm-7 col-sm-pull-4 v-align-transform\">\n\t\t\t            [vc_column_text]<\/p>\n<h3 style=\"text-align: left;\">PETITES CR\u00c8MES \u00c0 LA PISTACHE*<\/h3>\n<p>[\/vc_column_text]\n\t\t\t        <\/div>\n\t\t\t    <\/div>\n\t\t\t<\/section>\n\t\t[\/vc_column][vc_column width=\u00a0\u00bb5\/12&Prime;][vc_text_separator title=\u00a0\u00bbUn jour comme aujourd&rsquo;hui, il y a\u2026\u00a0\u00bb color=\u00a0\u00bbblack\u00a0\u00bb][vc_column_text]\u2026 1 an:<a href=\"https:\/\/comeconmigo.net\/jalea-de-pieles-corazones-de-manzana-con-calvados-aquinosetiranada\/\">Gel\u00e9e d&rsquo;\u00c9pluchures &amp; de Trognons de Pomme<\/a><\/p>\n<p>\u2026 2 ans: <a href=\"https:\/\/comeconmigo.net\/carpaccio-de-vieiras-con-sal-de-vainilla\/\">Carpaccio de Saint Jacques au Sel de Vanille<\/a><\/p>\n<p>\u2026 3 ans: <a href=\"https:\/\/comeconmigo.net\/mis-recetas-favoritas-para-el-mes-de-marzo\/\">Mes recettes pr\u00e9f\u00e9r\u00e9es en Mars<\/a><\/p>\n<p>\u2026 4 ans: <a href=\"https:\/\/comeconmigo.net\/top6-recetas-con-pasta-2\/\">TOP6 Recettes avec des P\u00e2tes<\/a><\/p>\n<p>\u2026 5 ans: <a href=\"https:\/\/wp.me\/p9bheG-2xS\">Yahourt comme un Chocolat Chaud Madril\u00e8ne<\/a><\/p>\n<p>\u2026 6 ans: <a href=\"https:\/\/comeconmigo.net\/?p=637\">Nos lentilles pr\u00e9f\u00e9r\u00e9es aux Petits L\u00e9gumes &amp; Chorizo<\/a><\/p>\n<p>\u2026 7 ans: <a href=\"https:\/\/comeconmigo.net\/?p=771\">Croquettes de Thon \u00e0 la Ricotta (au four)<\/a><\/p>\n<p>\u2026 8 ans: <a href=\"https:\/\/comeconmigo.net\/?p=845\">Velout\u00e9 de Chou-Fleur &amp; Cro\u00fbtons \u00e0 la Moutarde \u00e0 l\u2019Ancienne<\/a><\/p>\n<p>\u2026 9 ans: <a href=\"https:\/\/comeconmigo.net\/?p=64\">Confiture de Banane &amp; Chocolat<\/a><\/p>\n<p>\u2026 10 ans: <a href=\"https:\/\/comeconmigo.net\/?p=182\">Les Sabl\u00e9s du Petit D\u00e9jeuner de Polyanna<\/a><\/p>\n<p>\u2026 11 ans: <a href=\"https:\/\/comeconmigo.net\/?p=311\">Blinis Maison au Levain Ferme<\/a><\/p>\n<p>\u2026 12 ans: <a href=\"https:\/\/comeconmigo.net\/?p=402\">Soupe \u00e0 l\u2019Ail doux &amp; P\u00e2tes \u00c9toile<\/a>[\/vc_column_text][\/vc_column][\/vc_row][vc_row][vc_column width=\u00a0\u00bb1\/4&Prime; css=\u00a0\u00bb.vc_custom_1502280835828{background-color: #fff0dd !important;}\u00a0\u00bb][vc_column_text]<\/p>\n<h3 style=\"text-align: center;\">Pour 6 verrines comme sur la photo<\/h3>\n<p style=\"text-align: center;\"><em><u>Pour les petites cr\u00e8mes<\/u><\/em><\/p>\n<p style=\"text-align: center;\">400ml de lait demi-\u00e9cr\u00e9m\u00e9<\/p>\n<p style=\"text-align: center;\">100ml de cr\u00e8me fleurette<\/p>\n<p style=\"text-align: center;\">60g de sucre<\/p>\n<p style=\"text-align: center;\">30g de p\u00e2te de pistache pure<\/p>\n<p style=\"text-align: center;\">40g de f\u00e9cule de ma\u00efs<\/p>\n<p style=\"text-align: center;\">2 jaunes d\u2019oeufs<\/p>\n<p style=\"text-align: center;\"><em><u>Pour les pistaches caram\u00e9lis\u00e9es<\/u><\/em><\/p>\n<p style=\"text-align: center;\">35g de sucre semoule<\/p>\n<p style=\"text-align: center;\">35g de pistaches mond\u00e9es non sal\u00e9es<\/p>\n<p style=\"text-align: center;\">1 pinc\u00e9e de fleur de sel<\/p>\n<p>[\/vc_column_text][\/vc_column][vc_column width=\u00a0\u00bb3\/4&Prime; css=\u00a0\u00bb.vc_custom_1502280820239{padding-top: 10px !important;padding-right: 10px !important;padding-bottom: 10px !important;padding-left: 10px !important;}\u00a0\u00bb][vc_column_text]<\/p>\n<p style=\"text-align: center;\"><em><u>Pour les petites cr\u00e8mes<\/u><\/em><\/p>\n<p style=\"text-align: center;\">Chauffer le lait avec le sucre et la p\u00e2te de pistache sans arriver \u00e0 l\u2019\u00e9bullition.<\/p>\n<p style=\"text-align: center;\">D\u00e9layer la f\u00e9cule de ma\u00efs dans la cr\u00e8me fleurette et la verser dans le lait sur le point de bouillir.<\/p>\n<p style=\"text-align: center;\">Bien m\u00e9langer avec le fouet jusqu\u2019\u00e0 ce que le m\u00e9lange \u00e9paississe.<\/p>\n<p style=\"text-align: center;\">Hors du feu, ajouter en fouettant sans arr\u00eat les jaunes et remettre \u00e0 cuire \u00e0 feu tr\u00e8s doux pendant 2 petites minutes.<\/p>\n<p style=\"text-align: center;\">R\u00e9partir dans les plats de service et couvrir de papier film au contact sans attendre.<\/p>\n<p style=\"text-align: center;\">R\u00e9server au frigo pendant au moins 6h ou encore mieux toute une nuit.<\/p>\n<p style=\"text-align: center;\"><em><u>Pour les pistaches caram\u00e9lis\u00e9es<\/u><\/em><\/p>\n<p style=\"text-align: center;\">Pr\u00e9parer un caramel \u00e0 sec dans une po\u00eale et d\u00e8s qu\u2019il commence \u00e0 blondir, ajouter les pistaches. Bien m\u00e9langer pour les enrober de caramel.<\/p>\n<p style=\"text-align: center;\">Etaler sur une feuille de papier cuisson le plus finement possible et parsemer de fleur de sel. \u00c7a refroidit tr\u00e8s vite! D\u00e9couper en petits \u00e9clats et r\u00e9server.<\/p>\n<p style=\"text-align: center;\">Servir les petites cr\u00e8mes bien fra\u00eeches d\u00e9cor\u00e9es avec les \u00e9clats de pistaches caram\u00e9lis\u00e9es.<\/p>\n<p>[\/vc_column_text][vc_column_text]<\/p>\n<p style=\"text-align: center;\"><i>Bon profit!<\/i><\/p>\n<p><em>Quelques informations plus ou moins utiles<\/em><\/p>\n<p>* <a href=\"https:\/\/www.undejeunerdesoleil.com\/2017\/04\/petites-cremes-pistache-casserole.html\">Ici<\/a> vous pouvez voir la recette originale d\u2019Un d\u00e9jeuner de Soleil.[\/vc_column_text][vc_single_image image=\u00a0\u00bb11028&Prime; alignment=\u00a0\u00bbcenter\u00a0\u00bb][\/vc_column][\/vc_row][vc_row][vc_column][vc_column_text]<\/p>\n<h3>Encore un petit creux\u2026<\/h3>\n<p>[\/vc_column_text][vc_basic_grid post_type=\u00a0\u00bbpost\u00a0\u00bb max_items=\u00a0\u00bb6&Prime; element_width=\u00a0\u00bb2&Prime; gap=\u00a0\u00bb0&Prime; orderby=\u00a0\u00bbrand\u00a0\u00bb item=\u00a0\u00bbbasicGrid_VerticalFlip\u00a0\u00bb grid_id=\u00a0\u00bbvc_gid:1645902035103-62ec430f-92a2-6&Prime; taxonomies=\u00a0\u00bb347&Prime;][\/vc_column][\/vc_row]<\/p>","protected":false},"excerpt":{"rendered":"<p>Une petite touche d&rsquo;originalit\u00e9.<\/p>\n","protected":false},"author":2,"featured_media":30273,"comment_status":"open","ping_status":"closed","sticky":false,"template":"","format":"standard","meta":[],"categories":[347,1,460],"tags":[],"jetpack_featured_media_url":"https:\/\/comeconmigo.net\/wp-content\/uploads\/2022\/03\/Natillas-de-Pistacho-8.jpg","_links":{"self":[{"href":"https:\/\/comeconmigo.net\/fr\/wp-json\/wp\/v2\/posts\/30202"}],"collection":[{"href":"https:\/\/comeconmigo.net\/fr\/wp-json\/wp\/v2\/posts"}],"about":[{"href":"https:\/\/comeconmigo.net\/fr\/wp-json\/wp\/v2\/types\/post"}],"author":[{"embeddable":true,"href":"https:\/\/comeconmigo.net\/fr\/wp-json\/wp\/v2\/users\/2"}],"replies":[{"embeddable":true,"href":"https:\/\/comeconmigo.net\/fr\/wp-json\/wp\/v2\/comments?post=30202"}],"version-history":[{"count":0,"href":"https:\/\/comeconmigo.net\/fr\/wp-json\/wp\/v2\/posts\/30202\/revisions"}],"wp:featuredmedia":[{"embeddable":true,"href":"https:\/\/comeconmigo.net\/fr\/wp-json\/wp\/v2\/media\/30273"}],"wp:attachment":[{"href":"https:\/\/comeconmigo.net\/fr\/wp-json\/wp\/v2\/media?parent=30202"}],"wp:term":[{"taxonomy":"category","embeddable":true,"href":"https:\/\/comeconmigo.net\/fr\/wp-json\/wp\/v2\/categories?post=30202"},{"taxonomy":"post_tag","embeddable":true,"href":"https:\/\/comeconmigo.net\/fr\/wp-json\/wp\/v2\/tags?post=30202"}],"curies":[{"name":"wp","href":"https:\/\/api.w.org\/{rel}","templated":true}]}}