{"id":29976,"date":"2022-02-25T08:00:38","date_gmt":"2022-02-25T07:00:38","guid":{"rendered":"http:\/\/comeconmigo.net\/?p=29976"},"modified":"2023-01-09T12:59:54","modified_gmt":"2023-01-09T11:59:54","slug":"los-panecillos-de-curcuma-comino-ajo-de-laura-conlasmanosenlamasa","status":"publish","type":"post","link":"https:\/\/comeconmigo.net\/fr\/los-panecillos-de-curcuma-comino-ajo-de-laura-conlasmanosenlamasa\/","title":{"rendered":"PETITS PAINS CURCUMA, AIL &#038; CUMIN DE LAURA #LAMAINALAPATE"},"content":{"rendered":"<p>[vc_row][vc_column][vc_column_text]Troisi\u00e8me vendredi du mois et nous voici de retour avec\u00a0<a href=\"https:\/\/rosaculinaire.over-blog.com\/2021\/02\/pan-bao.html\"><strong>Rosa<\/strong><\/a>\u00a0pour notre\u00a0<a href=\"https:\/\/comeconmigo.net\/fr\/category\/con-las-manos-en-la-masa\/\"><strong>D\u00e9fi La Main \u00e0 la P\u00e2te<\/strong><\/a>.<\/p>\n<p><a href=\"https:\/\/comeconmigo.net\/fr\/category\/con-las-manos-en-la-masa\/\"><img loading=\"lazy\" class=\"aligncenter wp-image-28242 size-full\" src=\"https:\/\/comeconmigo.net\/wp-content\/uploads\/2020\/11\/Logo-La-Main-\u00e0-la-P\u00e2te.png\" alt=\"\" width=\"200\" height=\"200\" srcset=\"https:\/\/comeconmigo.net\/wp-content\/uploads\/2020\/11\/Logo-La-Main-\u00e0-la-P\u00e2te.png 200w, https:\/\/comeconmigo.net\/wp-content\/uploads\/2020\/11\/Logo-La-Main-\u00e0-la-P\u00e2te-150x150.png 150w, https:\/\/comeconmigo.net\/wp-content\/uploads\/2020\/11\/Logo-La-Main-\u00e0-la-P\u00e2te-60x60.png 60w\" sizes=\"(max-width: 200px) 100vw, 200px\" \/><\/a>L\u2019id\u00e9e c\u2019est de plonger les mains dans la farine, de touiller, p\u00e9trir pour faire du pain, des p\u00e2tes, des brioches, bref tout ce qui implique de la farine et de la levure. Nous ne visons pas la perfection et des conseils pro mais plut\u00f4t de s\u2019amuser en faisant des exp\u00e9riences dans lesquelles nous ne nous lancerions pas seules.<\/p>\n<p>Ce mois-ci c\u2019\u00e9tait au tour de Rosa de choisir et\u2026 mission petits pains pour burgers!<\/p>\n<p>Parce qu\u2019on est tous d\u2019accord qu\u2019un bon Burger c\u2019est avant tout un bon pain parfum\u00e9 et une garniture savoureuse de qualit\u00e9.<\/p>\n<p>Sur le blog, vous trouverez<a href=\"https:\/\/comeconmigo.net\/panecillos-para-hamburguesas\/\"> la recette classique des petits pains burgers<\/a> que je pr\u00e9pare habituellement et <a href=\"https:\/\/comeconmigo.net\/panecillos-negros-con-tinta\/\">les petits pains \u00e0 l\u2019encre de seiche<\/a> qui font toujours leur petit effet avec leur belle couleur noire.<\/p>\n<p>Du coup, en r\u00e9fl\u00e9chissant \u00e0 une id\u00e9e diff\u00e9rente pour matcher avec <a href=\"https:\/\/comeconmigo.net\/las-hamburguesas-de-pescado-de-polyanna\/\">le hach\u00e9 de poisson que Polyanna adore<\/a> dans ses burgers j\u2019ai tout de suite pens\u00e9 \u00e0 <a href=\"https:\/\/www.laubeleal.com\/bollos-de-comino-y-curcuma\/\">la recette de Laura<\/a>. Quelques petites adaptations \u00e0 mon mat\u00e9riel et mes habitudes et le tour est jou\u00e9 :o)<\/p>\n<p><a href=\"https:\/\/comeconmigo.net\/wp-content\/uploads\/2022\/02\/Los-Panecillos-de-Curcuma-Comino-Ajo-de-Laura-11.jpg\"><img loading=\"lazy\" class=\"size-medium wp-image-30885 aligncenter\" src=\"https:\/\/comeconmigo.net\/wp-content\/uploads\/2022\/02\/Los-Panecillos-de-Curcuma-Comino-Ajo-de-Laura-11-300x201.jpg\" alt=\"\" width=\"300\" height=\"201\" srcset=\"https:\/\/comeconmigo.net\/wp-content\/uploads\/2022\/02\/Los-Panecillos-de-Curcuma-Comino-Ajo-de-Laura-11-300x201.jpg 300w, https:\/\/comeconmigo.net\/wp-content\/uploads\/2022\/02\/Los-Panecillos-de-Curcuma-Comino-Ajo-de-Laura-11-768x514.jpg 768w, https:\/\/comeconmigo.net\/wp-content\/uploads\/2022\/02\/Los-Panecillos-de-Curcuma-Comino-Ajo-de-Laura-11-600x400.jpg 600w, https:\/\/comeconmigo.net\/wp-content\/uploads\/2022\/02\/Los-Panecillos-de-Curcuma-Comino-Ajo-de-Laura-11.jpg 896w\" sizes=\"(max-width: 300px) 100vw, 300px\" \/><\/a>Cette association d\u2019ail et de beurre, discr\u00e8te mais n\u00e9anmoins pr\u00e9sente, la pointe de cumin, la jolie couleur apport\u00e9e par le c\u00farcuma, tout nous a s\u00e9duits et a fait de notre d\u00eener une f\u00eate.<\/p>\n<p>Comment trouvez-vous la recette du mois? Avez-vous d\u00e9j\u00e0 pr\u00e9par\u00e9 des pains burgers maison?<\/p>\n<p>N\u2019oubliez pas d\u2019aller voir <a href=\"https:\/\/rosaculinaire.over-blog.com\/2022\/02\/panecillos-para-burguer-con-las-manos-en-la-masa.html\">les petits pains pour burgers<\/a>, compl\u00e8tement irr\u00e9sistibles!<\/p>\n<p>Bon week-end \u00e0 tous![\/vc_column_text][vc_single_image image=\u00a0\u00bb30170&Prime; img_size=\u00a0\u00bb400&#215;600&Prime; alignment=\u00a0\u00bbcenter\u00a0\u00bb][\/vc_column][\/vc_row][vc_row][vc_column width=\u00a0\u00bb7\/12&Prime;][vc_text_separator title=\u00a0\u00bbAujourd&rsquo;hui&#8230;\u00a0\u00bb color=\u00a0\u00bbblack\u00a0\u00bb]\n\t\t\t<section class=\"image-edge\">\n\t\t\t    <div class=\"col-md-6 col-sm-4 p0 col-md-push-6 col-sm-push-8\">\n\t\t\t        <img width=\"896\" height=\"600\" src=\"https:\/\/comeconmigo.net\/wp-content\/uploads\/2022\/02\/Los-Panecillos-de-Curcuma-Comino-Ajo-de-Laura-2.jpg\" class=\"mb-xs-24\" alt=\"\" loading=\"lazy\" srcset=\"https:\/\/comeconmigo.net\/wp-content\/uploads\/2022\/02\/Los-Panecillos-de-Curcuma-Comino-Ajo-de-Laura-2.jpg 896w, https:\/\/comeconmigo.net\/wp-content\/uploads\/2022\/02\/Los-Panecillos-de-Curcuma-Comino-Ajo-de-Laura-2-300x201.jpg 300w, https:\/\/comeconmigo.net\/wp-content\/uploads\/2022\/02\/Los-Panecillos-de-Curcuma-Comino-Ajo-de-Laura-2-768x514.jpg 768w\" sizes=\"(max-width: 896px) 100vw, 896px\" \/>\n\t\t\t    <\/div>\n\t\t\t    <div class=\"container\">\n\t\t\t        <div class=\"col-md-5 col-md-pull-0 col-sm-7 col-sm-pull-4 v-align-transform\">\n\t\t\t            [vc_column_text]<\/p>\n<h3 style=\"text-align: left;\">PETITS PAINS CURCUMA, AIL &amp; CUMIN DE LAURA*<\/h3>\n<p>[\/vc_column_text]\n\t\t\t        <\/div>\n\t\t\t    <\/div>\n\t\t\t<\/section>\n\t\t[\/vc_column][vc_column width=\u00a0\u00bb5\/12&Prime;][vc_text_separator title=\u00a0\u00bbUn jour comme aujourd&rsquo;hui, il y a\u2026\u00a0\u00bb color=\u00a0\u00bbblack\u00a0\u00bb][vc_column_text]<\/p>\n<p>\u2026 1 an: <a href=\"https:\/\/comeconmigo.net\/crema-de-castanas-pilongas-apio-con-tropezones\/\">Velout\u00e9 de Ch\u00e2taignes S\u00e9ch\u00e9es &amp; C\u00e9leri Branche<\/a><\/p>\n<p>\u2026 2 ans: <a href=\"https:\/\/comeconmigo.net\/crema-de-calcots-con-aceite-de-noras\/\">Velout\u00e9 d\u2019Oignons tendres catalans &amp; Huile de Poivron \u00d1ora<\/a><\/p>\n<p>\u2026 3 ans: <a href=\"https:\/\/comeconmigo.net\/bizcocho-de-leche-condensada-de-patricia\/\">G\u00e2teau au Lait Concentr\u00e9 Sucr\u00e9 de Patricia<\/a><\/p>\n<p>\u2026 4 ans: <a href=\"https:\/\/comeconmigo.net\/rollitos-de-zanahoria-asada\/\">Rouleaux de Printemps aux Carottes r\u00f4ties<\/a><\/p>\n<p>\u2026 5 ans: <a href=\"https:\/\/comeconmigo.net\/crujientes-de-col-kale\/\">Croustillants de Chou Kale<\/a><\/p>\n<p>\u2026 6 ans: <a href=\"https:\/\/comeconmigo.net\/?p=638\">G\u00e2teau Banane, Huille d\u2019Olive, Citron &amp; Chocolat<\/a><\/p>\n<p>\u2026 7 ans: <a href=\"https:\/\/comeconmigo.net\/?p=772\">G\u00e2teau Cacao &amp; Ricotta de Benedetta<\/a><\/p>\n<p>\u2026 8 ans: <a href=\"https:\/\/comeconmigo.net\/?p=846\">Scones de Wakam\u00e9 &amp; Amandes (sans beurre, vegan)<\/a><\/p>\n<p>\u2026 9 ans: <a href=\"https:\/\/comeconmigo.net\/?p=64\">Confiture Banane &amp; Chocolat<\/a><\/p>\n<p>\u2026 10 ans: <a href=\"https:\/\/comeconmigo.net\/?p=183\">Soupe aux Boulettes de Ch\u00e2taignes<\/a><\/p>\n<p>\u2026 11 ans: <a href=\"https:\/\/comeconmigo.net\/?p=312\">Mini Cakes Sal\u00e9s aux G\u00e9siers de Canard Confits &amp; Pruneaux d\u2019Agen<\/a><\/p>\n<p>\u2026 12 ans: <a href=\"https:\/\/comeconmigo.net\/?p=403\">Cheseecake l\u00e9ger au citron, miettes croustillantes<\/a>[\/vc_column_text][\/vc_column][\/vc_row][vc_row][vc_column width=\u00a0\u00bb1\/4&Prime; css=\u00a0\u00bb.vc_custom_1502280835828{background-color: #fff0dd !important;}\u00a0\u00bb][vc_column_text]<\/p>\n<h3 style=\"text-align: center;\">Pour 8\/12 petits pains<\/h3>\n<p style=\"text-align: center;\">380g de farine T65<\/p>\n<p style=\"text-align: center;\">150ml de lait ti\u00e8de<\/p>\n<p style=\"text-align: center;\">20g de levure fra\u00eeche de boulanger (ou 8g de levure de boulanger s\u00e8che)<\/p>\n<p style=\"text-align: center;\">50g de beurre<\/p>\n<p style=\"text-align: center;\">1 oeuf<\/p>\n<p style=\"text-align: center;\">25g de sucre (Laura en met 40 mais je n\u2019en avais que 25 en stock! J)<\/p>\n<p style=\"text-align: center;\">1cc** de sel fin<\/p>\n<p style=\"text-align: center;\">4 gousses d\u2019ail<\/p>\n<p style=\"text-align: center;\">1cc** de cumin en poudre<\/p>\n<p style=\"text-align: center;\">1cc** de graines de cumin torr\u00e9fi\u00e9es<\/p>\n<p style=\"text-align: center;\">1cc** de curcuma\u00a0en poudre<\/p>\n<p style=\"text-align: center;\">Sel en \u00e9cailles et graines de cumin<\/p>\n<p style=\"text-align: center;\">Un peu de lait pour peindre les petits pains<\/p>\n<p>[\/vc_column_text][\/vc_column][vc_column width=\u00a0\u00bb3\/4&Prime; css=\u00a0\u00bb.vc_custom_1502280820239{padding-top: 10px !important;padding-right: 10px !important;padding-bottom: 10px !important;padding-left: 10px !important;}\u00a0\u00bb][vc_column_text]<\/p>\n<p style=\"text-align: center;\">M\u00e9langer la levure \u00e9miett\u00e9e avec le lait ti\u00e8de et laisser reposer quelques instants.<\/p>\n<p style=\"text-align: center;\">Faire fondre le beurre et laisser ti\u00e9dir.<\/p>\n<p style=\"text-align: center;\">Dans le bol du robot p\u00e9trin, m\u00e9langer la farine avec le sel, les \u00e9pices et l\u2019ail press\u00e9 ou r\u00e9duit en pur\u00e9e.<\/p>\n<p style=\"text-align: center;\">Creuser un puis au centre et y d\u00e9poser la levure et le lait, l\u2019oeuf battu et le beurre fondu refroidi. P\u00e9trir \u00e0 vitesse minimale, le temps n\u00e9cessaire \u00e0 la formation d\u2019une boule de p\u00e2te lisse et homog\u00e8ne, bien \u00e9lastique et qui ne colle pas aux mains (environ 10 mn).<\/p>\n<p style=\"text-align: center;\">Former une boule avec la p\u00e2te et la placer dans un grand saladier recouvert d\u2019un linge humide. Laisser pousser dans un endroit ti\u00e8de pendant 90 minutes ou le temps que la p\u00e2te doubl\u00e9 de volume.<\/p>\n<p style=\"text-align: center;\">D\u00e9couper la p\u00e2te en 8\/12 portions de poids semblable et les bouler pour leur donner une belle forme ronde et homog\u00e8ne. Les disposer au fur et \u00e0 mesure sur une plaque de cuisson recouverte de Silpat ou de papier cuisson.<\/p>\n<p style=\"text-align: center;\">Laisser \u00e0 nouveau pousser pendant 45\/60 minutes, ils doivent bien gonfler.<\/p>\n<p style=\"text-align: center;\">Peindre avec un peu de lait et d\u00e9corer de quelques cristaux de sel et de graines de cumin torr\u00e9fi\u00e9es.<\/p>\n<p style=\"text-align: center;\">Pr\u00e9chauffer le four \u00e0 190\u00ba chaleur tournante et enfourner pour 18\/20 minutes, il faut surveiller en fin de cuisson car chaque four a ses habitudes.<\/p>\n<p style=\"text-align: center;\">Laisser refroidir sur une grille et ils sont pr\u00eats \u00e0 d\u00e9guster.<\/p>\n<p>[\/vc_column_text][vc_column_text]<\/p>\n<p style=\"text-align: center;\"><i>Bon profit!<\/i><\/p>\n<p><em>Quelques informations plus ou moins utiles<\/em><\/p>\n<p>* Vous pouvez voir <a href=\"https:\/\/www.laubeleal.com\/bollos-de-comino-y-curcuma\/\">ici<\/a> la recette de Laura avec ses merveilleuses photos.<\/p>\n<p>**cc: cuill\u00e8re \u00e0 caf\u00e9[\/vc_column_text][vc_single_image image=\u00a0\u00bb11028&Prime; alignment=\u00a0\u00bbcenter\u00a0\u00bb][\/vc_column][\/vc_row][vc_row][vc_column][vc_column_text]<\/p>\n<h3>Encore un petit creux\u2026<\/h3>\n<p>[\/vc_column_text][vc_basic_grid post_type=\u00a0\u00bbpost\u00a0\u00bb max_items=\u00a0\u00bb6&Prime; element_width=\u00a0\u00bb2&Prime; gap=\u00a0\u00bb0&Prime; orderby=\u00a0\u00bbrand\u00a0\u00bb item=\u00a0\u00bbbasicGrid_VerticalFlip\u00a0\u00bb grid_id=\u00a0\u00bbvc_gid:1673265529716-cad1eccd-00c9-6&Prime; taxonomies=\u00a0\u00bb518&Prime;][\/vc_column][\/vc_row]<\/p>","protected":false},"excerpt":{"rendered":"<p>Ils vous tentent bien, pas vrai?<\/p>\n","protected":false},"author":2,"featured_media":30884,"comment_status":"open","ping_status":"closed","sticky":false,"template":"","format":"standard","meta":[],"categories":[520,343,1],"tags":[],"jetpack_featured_media_url":"https:\/\/comeconmigo.net\/wp-content\/uploads\/2022\/02\/Los-Panecillos-de-Curcuma-Comino-Ajo-de-Laura-7.jpg","_links":{"self":[{"href":"https:\/\/comeconmigo.net\/fr\/wp-json\/wp\/v2\/posts\/29976"}],"collection":[{"href":"https:\/\/comeconmigo.net\/fr\/wp-json\/wp\/v2\/posts"}],"about":[{"href":"https:\/\/comeconmigo.net\/fr\/wp-json\/wp\/v2\/types\/post"}],"author":[{"embeddable":true,"href":"https:\/\/comeconmigo.net\/fr\/wp-json\/wp\/v2\/users\/2"}],"replies":[{"embeddable":true,"href":"https:\/\/comeconmigo.net\/fr\/wp-json\/wp\/v2\/comments?post=29976"}],"version-history":[{"count":0,"href":"https:\/\/comeconmigo.net\/fr\/wp-json\/wp\/v2\/posts\/29976\/revisions"}],"wp:featuredmedia":[{"embeddable":true,"href":"https:\/\/comeconmigo.net\/fr\/wp-json\/wp\/v2\/media\/30884"}],"wp:attachment":[{"href":"https:\/\/comeconmigo.net\/fr\/wp-json\/wp\/v2\/media?parent=29976"}],"wp:term":[{"taxonomy":"category","embeddable":true,"href":"https:\/\/comeconmigo.net\/fr\/wp-json\/wp\/v2\/categories?post=29976"},{"taxonomy":"post_tag","embeddable":true,"href":"https:\/\/comeconmigo.net\/fr\/wp-json\/wp\/v2\/tags?post=29976"}],"curies":[{"name":"wp","href":"https:\/\/api.w.org\/{rel}","templated":true}]}}