{"id":29644,"date":"2021-12-13T08:00:08","date_gmt":"2021-12-13T07:00:08","guid":{"rendered":"http:\/\/comeconmigo.net\/?p=29644"},"modified":"2021-12-02T15:37:29","modified_gmt":"2021-12-02T14:37:29","slug":"bocaditos-de-rabano-negro-langostino","status":"publish","type":"post","link":"https:\/\/comeconmigo.net\/fr\/bocaditos-de-rabano-negro-langostino\/","title":{"rendered":"BOUCH\u00c9ES RADIS NOIR &#038; CREVETTE"},"content":{"rendered":"<p>[vc_row][vc_column][vc_column_text]J\u2019en ai d\u00e9j\u00e0 parl\u00e9 (<a href=\"https:\/\/comeconmigo.net\/tartar-de-rabano-negro-con-manzana-aguacate-nueces\/\">ici<\/a> ou <a href=\"https:\/\/comeconmigo.net\/crema-de-rabano-negro-cardamomo\/\">ici<\/a>), nous avons eu un peu de mal au d\u00e9but \u00e0 apprivoiser le radis noir. Du coup quand lors du vin d\u2019honneur de la fille d\u2019une amie on nous a servi des bouch\u00e9es au radis noir j\u2019ai pris des notes dans ma t\u00eate et attendu avec impatience le 1er radis noir de la saison ;o)<\/p>\n<p>Voici donc ma version ou mon interpr\u00e9tation, une tr\u00e8s fine tranche de radis noir, une cr\u00e8me fouett\u00e9e \u00e0 l\u2019aneth et une demie crevette pour \u00e9quilibrer go\u00fbts et textures. Ne pas oublier le cure-dent pour leur donner leur forme que je trouve personnellement super jolie.<\/p>\n<p>Je vous conseille de bien gratter la peau pour qu\u2019il reste un peu de noir pour le c\u00f4t\u00e9 esth\u00e9tique mais pas trop pour le go\u00fbt piquant. Si vous n\u2019aimez pas le go\u00fbt piquant. Il vaut mieux l\u2019\u00e9plucher car cela adoucira l\u2019ensemble sans rien enlever de sa texture qui est le point important dans cette recette.<\/p>\n<p>La 1\u00e8re r\u00e9action c\u2019est souvent \u201cah du radis\u201d et la 2\u00e8me \u201c dis, tu les prends o\u00f9 tes radis noirs?\u201d.<\/p>\n<p>Et voil\u00e0 une nouvelle recette pour <a href=\"https:\/\/comeconmigo.net\/fr\/menu-navideno-2-gastronomico-ligero\/\">mon Menu L\u00e9ger et Gastronomique<\/a>. Et <a href=\"https:\/\/comeconmigo.net\/fr\/top6-menus-navidenos\/\">pour plus d\u2019inspiration, c\u2019est par ici<\/a>!<\/p>\n<p>Bonne semaine![\/vc_column_text][vc_single_image image=\u00a0\u00bb29885&Prime; img_size=\u00a0\u00bb400&#215;600&Prime; alignment=\u00a0\u00bbcenter\u00a0\u00bb][\/vc_column][\/vc_row][vc_row][vc_column width=\u00a0\u00bb7\/12&Prime;][vc_text_separator title=\u00a0\u00bbAujourd&rsquo;hui&#8230;\u00a0\u00bb color=\u00a0\u00bbblack\u00a0\u00bb]\n\t\t\t<section class=\"image-edge\">\n\t\t\t    <div class=\"col-md-6 col-sm-4 p0 col-md-push-6 col-sm-push-8\">\n\t\t\t        <img width=\"896\" height=\"600\" src=\"https:\/\/comeconmigo.net\/wp-content\/uploads\/2021\/12\/Bocaditos-de-R\u00e1bano-Negro-Langostino-2.jpg\" class=\"mb-xs-24\" alt=\"\" loading=\"lazy\" srcset=\"https:\/\/comeconmigo.net\/wp-content\/uploads\/2021\/12\/Bocaditos-de-R\u00e1bano-Negro-Langostino-2.jpg 896w, https:\/\/comeconmigo.net\/wp-content\/uploads\/2021\/12\/Bocaditos-de-R\u00e1bano-Negro-Langostino-2-300x201.jpg 300w, https:\/\/comeconmigo.net\/wp-content\/uploads\/2021\/12\/Bocaditos-de-R\u00e1bano-Negro-Langostino-2-768x514.jpg 768w\" sizes=\"(max-width: 896px) 100vw, 896px\" \/>\n\t\t\t    <\/div>\n\t\t\t    <div class=\"container\">\n\t\t\t        <div class=\"col-md-5 col-md-pull-0 col-sm-7 col-sm-pull-4 v-align-transform\">\n\t\t\t            [vc_column_text]<\/p>\n<h3 style=\"text-align: left;\">BOUCH\u00c9ES RADIS NOIR &amp; CREVETTE<\/h3>\n<p>[\/vc_column_text]\n\t\t\t        <\/div>\n\t\t\t    <\/div>\n\t\t\t<\/section>\n\t\t[\/vc_column][vc_column width=\u00a0\u00bb5\/12&Prime;][vc_text_separator title=\u00a0\u00bbUn jour comme aujourd&rsquo;hui, il y a\u2026\u00a0\u00bb color=\u00a0\u00bbblack\u00a0\u00bb][vc_column_text]\u2026 1 an: <a href=\"https:\/\/comeconmigo.net\/tartar-de-vieiras-fruta-de-la-pasion-con-foie-asado\/\">Tartare de St Jacques &amp; Fruits de la Passion aux d\u00e9s de foie gras po\u00eal\u00e9s<\/a><\/p>\n<p>\u2026 2 ans: <a href=\"https:\/\/comeconmigo.net\/foie-mi-cuit-con-chocolate-cacao-cocinado-al-vapor\/\">Foie gras mi-cuit au Chocolat &amp; Cacao (cuisson vapeur)<\/a><\/p>\n<p>\u2026 3 ans: <a href=\"https:\/\/comeconmigo.net\/vieiras-con-salsa-de-cava\/\">Saint Jacques Sauce au Champagne<\/a><\/p>\n<p>\u2026 4 ans: <a href=\"https:\/\/comeconmigo.net\/top6-galletas-navidenas\/\">TOP6 Petits Biscuits de No\u00ebl<\/a><\/p>\n<p>\u2026 5 ans: <a href=\"https:\/\/comeconmigo.net\/?p=529\">P\u00e2tes g\u00e9antes farcies aux \u00c9pinards &amp; Ricotta<\/a><\/p>\n<p>\u2026 6 ans: <a href=\"https:\/\/comeconmigo.net\/?p=665\">Pain d\u2019\u00e9pices \u00e0 la marmelade d\u2019orange en bocal!<\/a><\/p>\n<p>\u2026 7 ans: <a href=\"https:\/\/comeconmigo.net\/?p=797\">Omelette de spaghettis de mer &amp; petites Crevettes<\/a><\/p>\n<p>\u2026 8 ans: <a href=\"https:\/\/comeconmigo.net\/?p=870\">P\u00e2tes farcies au Crabe &amp; \u00e0 la bisque de Crustac\u00e9s<\/a><\/p>\n<p>\u2026 9 ans: <a href=\"https:\/\/comeconmigo.net\/?p=90\">Velout\u00e9 de Ch\u00e2taignes aux Saint Jacques<\/a><\/p>\n<p>\u2026 10 ans: <a href=\"https:\/\/comeconmigo.net\/?p=206\">Turr\u00f3n croustillant aux Cacahou\u00e8tes<\/a><\/p>\n<p>\u2026 11 ans: <a href=\"https:\/\/comeconmigo.net\/?p=334\">Caramels au Miel<\/a><\/p>\n<p>\u2026 12 ans: <a href=\"https:\/\/comeconmigo.net\/?p=430\">Velout\u00e9 de C\u00e8pes &amp; Ch\u00e2taignes<\/a>[\/vc_column_text][\/vc_column][\/vc_row][vc_row][vc_column width=\u00a0\u00bb1\/4&Prime; css=\u00a0\u00bb.vc_custom_1502280835828{background-color: #fff0dd !important;}\u00a0\u00bb][vc_column_text]<\/p>\n<h3 style=\"text-align: center;\">Pour environ 20 bouch\u00e9es<\/h3>\n<p style=\"text-align: center;\">\u00bd radis noir<\/p>\n<p style=\"text-align: center;\">10 grosses crevettes ou 20 petites<\/p>\n<p style=\"text-align: center;\">1CS* d\u2019aneth finement cisel\u00e9<\/p>\n<p style=\"text-align: center;\">60ml de cr\u00e8me fleurette 30% MG<\/p>\n<p style=\"text-align: center;\">Sel<\/p>\n<p>[\/vc_column_text][\/vc_column][vc_column width=\u00a0\u00bb3\/4&Prime; css=\u00a0\u00bb.vc_custom_1502280820239{padding-top: 10px !important;padding-right: 10px !important;padding-bottom: 10px !important;padding-left: 10px !important;}\u00a0\u00bb][vc_column_text]<\/p>\n<p style=\"text-align: center;\">La recette est tr\u00e8s simple: bien gratter le radis noir sous un jet d\u2019eau et bien le s\u00e9cher. Couper 20\/25 tranches tr\u00e8s fines \u00e0 l\u2019aide d\u2019une mandoline et r\u00e9server.<\/p>\n<p style=\"text-align: center;\">Fouetter la cr\u00e8me bien froide en chantilly, ajouter une pinc\u00e9e de sel et l\u2019aneth puis r\u00e9server.<\/p>\n<p style=\"text-align: center;\">Eplucher les crevettes et les couper en 2 si elles sont grosses.<\/p>\n<p style=\"text-align: center;\">Pour dresser les bouch\u00e9es, d\u00e9poser une petite cuill\u00e8re de cr\u00e8me fouett\u00e9e \u00e0 l\u2019aneth sur le radis noir, recouvrir avec la crevette, replier et maintenir \u00e0 l\u2019aide d\u2019un cure-dent.<\/p>\n<p style=\"text-align: center;\">Simple mais d\u00e9licieux.<\/p>\n<p>[\/vc_column_text][vc_column_text]<\/p>\n<p style=\"text-align: center;\"><i>Bon profit!<\/i><\/p>\n<p><em>Quelques informations plus ou moins utiles<\/em><\/p>\n<p>*CS: Cuill\u00e8re \u00e0 Soupe[\/vc_column_text][vc_single_image image=\u00a0\u00bb11028&Prime; alignment=\u00a0\u00bbcenter\u00a0\u00bb][\/vc_column][\/vc_row][vc_row][vc_column][vc_column_text]<\/p>\n<h3>Encore un petit creux\u2026<\/h3>\n<p>[\/vc_column_text][vc_basic_grid post_type=\u00a0\u00bbpost\u00a0\u00bb max_items=\u00a0\u00bb6&Prime; element_width=\u00a0\u00bb2&Prime; gap=\u00a0\u00bb0&Prime; orderby=\u00a0\u00bbrand\u00a0\u00bb item=\u00a0\u00bbbasicGrid_VerticalFlip\u00a0\u00bb grid_id=\u00a0\u00bbvc_gid:1638455690784-139b304b-6be5-6&Prime; taxonomies=\u00a0\u00bb353&Prime;][\/vc_column][\/vc_row]<\/p>","protected":false},"excerpt":{"rendered":"<p>El\u00e9gant et original.<\/p>\n","protected":false},"author":2,"featured_media":29883,"comment_status":"open","ping_status":"closed","sticky":false,"template":"","format":"standard","meta":[],"categories":[421,353,1,300],"tags":[],"jetpack_featured_media_url":"https:\/\/comeconmigo.net\/wp-content\/uploads\/2021\/12\/Bocaditos-de-R\u00e1bano-Negro-Langostino-4.jpg","_links":{"self":[{"href":"https:\/\/comeconmigo.net\/fr\/wp-json\/wp\/v2\/posts\/29644"}],"collection":[{"href":"https:\/\/comeconmigo.net\/fr\/wp-json\/wp\/v2\/posts"}],"about":[{"href":"https:\/\/comeconmigo.net\/fr\/wp-json\/wp\/v2\/types\/post"}],"author":[{"embeddable":true,"href":"https:\/\/comeconmigo.net\/fr\/wp-json\/wp\/v2\/users\/2"}],"replies":[{"embeddable":true,"href":"https:\/\/comeconmigo.net\/fr\/wp-json\/wp\/v2\/comments?post=29644"}],"version-history":[{"count":0,"href":"https:\/\/comeconmigo.net\/fr\/wp-json\/wp\/v2\/posts\/29644\/revisions"}],"wp:featuredmedia":[{"embeddable":true,"href":"https:\/\/comeconmigo.net\/fr\/wp-json\/wp\/v2\/media\/29883"}],"wp:attachment":[{"href":"https:\/\/comeconmigo.net\/fr\/wp-json\/wp\/v2\/media?parent=29644"}],"wp:term":[{"taxonomy":"category","embeddable":true,"href":"https:\/\/comeconmigo.net\/fr\/wp-json\/wp\/v2\/categories?post=29644"},{"taxonomy":"post_tag","embeddable":true,"href":"https:\/\/comeconmigo.net\/fr\/wp-json\/wp\/v2\/tags?post=29644"}],"curies":[{"name":"wp","href":"https:\/\/api.w.org\/{rel}","templated":true}]}}