{"id":29392,"date":"2021-10-06T08:00:21","date_gmt":"2021-10-06T07:00:21","guid":{"rendered":"http:\/\/comeconmigo.net\/?p=29392"},"modified":"2021-09-30T11:21:27","modified_gmt":"2021-09-30T10:21:27","slug":"pudding-de-biscuits-roses-de-reims","status":"publish","type":"post","link":"https:\/\/comeconmigo.net\/fr\/pudding-de-biscuits-roses-de-reims\/","title":{"rendered":"PUDDING AUX BISCUITS ROSES DE REIMS"},"content":{"rendered":"<p>[vc_row][vc_column][vc_column_text]Aujourd\u2019hui, je suis all\u00e9e piocher au fond de mes archives avec une recette pr\u00e9par\u00e9e il y a un sacr\u00e9 moment. C\u2019est en voulant la pr\u00e9parer \u00e0 nouveau que je me suis rendue compte qu\u2019elle n\u2019\u00e9tait pas publi\u00e9e sur le blog mais que par chance elle \u00e9tait bien anot\u00e9e dans mes archives avec ses photos ;o)<\/p>\n<p>C\u2019est un dessert simple qui demande 3 minutes de travail et qui fait toujours son petit effet avec des produits que l\u2019on a souvent dans son placard.<\/p>\n<p>Les biscuits au final sont tendres et cr\u00e9meux. Et les couleurs, ce joli rose parle de lui-m\u00eame je crois.<\/p>\n<p>Avec des fruits rouges, vous avez un bien beau dessert sans prise de t\u00eate. Faute de biscuits roses de Reims, des boudoirs feront tr\u00e8s bien l\u2019affaire (bon sauf pour la couleur).<\/p>\n<p>On go\u00fbte ensemble?<\/p>\n<p>Bon mercredi![\/vc_column_text][vc_single_image image=\u00a0\u00bb29520&Prime; img_size=\u00a0\u00bb400&#215;600&Prime; alignment=\u00a0\u00bbcenter\u00a0\u00bb][\/vc_column][\/vc_row][vc_row][vc_column width=\u00a0\u00bb7\/12&Prime;][vc_text_separator title=\u00a0\u00bbAujourd&rsquo;hui&#8230;\u00a0\u00bb color=\u00a0\u00bbblack\u00a0\u00bb]\n\t\t\t<section class=\"image-edge\">\n\t\t\t    <div class=\"col-md-6 col-sm-4 p0 col-md-push-6 col-sm-push-8\">\n\t\t\t        <img width=\"400\" height=\"337\" src=\"https:\/\/comeconmigo.net\/wp-content\/uploads\/2021\/10\/Pudding-de-Biscuits-Roses-de-Reims-6.jpg\" class=\"mb-xs-24\" alt=\"\" loading=\"lazy\" srcset=\"https:\/\/comeconmigo.net\/wp-content\/uploads\/2021\/10\/Pudding-de-Biscuits-Roses-de-Reims-6.jpg 400w, https:\/\/comeconmigo.net\/wp-content\/uploads\/2021\/10\/Pudding-de-Biscuits-Roses-de-Reims-6-300x253.jpg 300w\" sizes=\"(max-width: 400px) 100vw, 400px\" \/>\n\t\t\t    <\/div>\n\t\t\t    <div class=\"container\">\n\t\t\t        <div class=\"col-md-5 col-md-pull-0 col-sm-7 col-sm-pull-4 v-align-transform\">\n\t\t\t            [vc_column_text]<\/p>\n<h3 style=\"text-align: left;\"><strong>PUDDING AUX BISCUITS ROSES DE REIMS<\/strong><\/h3>\n<p>[\/vc_column_text]\n\t\t\t        <\/div>\n\t\t\t    <\/div>\n\t\t\t<\/section>\n\t\t[\/vc_column][vc_column width=\u00a0\u00bb5\/12&Prime;][vc_text_separator title=\u00a0\u00bbUn jour comme aujourd&rsquo;hui, il y a\u2026\u00a0\u00bb color=\u00a0\u00bbblack\u00a0\u00bb][vc_column_text]\u2026 1 an: <a href=\"https:\/\/comeconmigo.net\/parmigiana-bianca-di-zucchine-calabacin-ricotta\/\">Parmigiana Bianca di Zucchine (Courgette &amp; Ricotta)<\/a><\/p>\n<p>\u2026 2 ans: <a href=\"https:\/\/comeconmigo.net\/espaguetis-de-calabacin-con-judion-de-la-granja-pesto\/\">Spaghettis des Courgettes aux Gros Haricots Blancs &amp; Pesto\u00a0<\/a><\/p>\n<p>\u2026 3 ans: <a href=\"https:\/\/comeconmigo.net\/tajine-de-pescado-limon-confitado\/\">Tagine Poisson &amp; Citron Confit<\/a><\/p>\n<p>\u2026 4 ans: <a href=\"https:\/\/comeconmigo.net\/?p=12515\">Meringue aux P\u00e9pites de Chocolat &amp; Gru\u00e9 de Cacao\u00a0<\/a><\/p>\n<p>\u2026 5 ans: <a href=\"https:\/\/comeconmigo.net\/?p=787\">Boulettes de Merluchon &amp; Crevettes aux Pommes de Terre<\/a><\/p>\n<p>\u2026 6 ans: <a href=\"https:\/\/comeconmigo.net\/?p=694\">Tartelettes Pomme Congnac<\/a><\/p>\n<p>\u2026 7 ans: <a href=\"https:\/\/comeconmigo.net\/?p=823\">Tarte Roses aux Pommes<\/a><\/p>\n<p>\u2026 8 ans: <a href=\"https:\/\/comeconmigo.net\/?p=900\">Tarte aux Pommes et \u00e0 l\u2019Huile d\u2019Olive fa\u00e7on Ottolenghi<\/a><\/p>\n<p>\u2026 9 ans: <a href=\"https:\/\/comeconmigo.net\/?p=110\">Yahourt fa\u00e7on Tarte au Citron<\/a><\/p>\n<p>\u2026 10 ans: <a href=\"https:\/\/comeconmigo.net\/?p=236\">Roul\u00e9 de Filet Mignon de Porc \u00e0 l\u2019Emmental &amp; \u00e0 la Sauge<\/a><\/p>\n<p>\u2026 11 ans: <a href=\"https:\/\/comeconmigo.net\/?p=351\">Blettes au Crumble de Jambon<\/a><\/p>\n<p>\u2026 12 ans: <a href=\"https:\/\/comeconmigo.net\/?p=469\">Curry de Crevettes au Yahourt<\/a>[\/vc_column_text][\/vc_column][\/vc_row][vc_row][vc_column width=\u00a0\u00bb1\/4&Prime; css=\u00a0\u00bb.vc_custom_1502280835828{background-color: #fff0dd !important;}\u00a0\u00bb][vc_column_text]<\/p>\n<h3 style=\"text-align: center;\">Pour 3\/4 personnes selon les moules<\/h3>\n<p style=\"text-align: center;\">12 Biscuits Roses de Reims<\/p>\n<p style=\"text-align: center;\">2 petits oeufs<\/p>\n<p style=\"text-align: center;\">450ml de lait \u00e9cr\u00e9m\u00e9<\/p>\n<p style=\"text-align: center;\">1CS* de sucre blanc<\/p>\n<p style=\"text-align: center;\">1 poign\u00e9e de fruits rouges<\/p>\n<p style=\"text-align: center;\">Un peu de sucre glace pour d\u00e9corer (facultatif)<\/p>\n<p style=\"text-align: center;\">Spray d\u00e9moulant ou autre pour graisser les moules<\/p>\n<p>[\/vc_column_text][\/vc_column][vc_column width=\u00a0\u00bb3\/4&Prime; css=\u00a0\u00bb.vc_custom_1502280820239{padding-top: 10px !important;padding-right: 10px !important;padding-bottom: 10px !important;padding-left: 10px !important;}\u00a0\u00bb][vc_column_text]<\/p>\n<p style=\"text-align: center;\">Pr\u00e9chauffer le four \u00e0 180\u00ba.<\/p>\n<p style=\"text-align: center;\">Chauffer le lait jusqu\u2019\u00e0 \u00e9bullition.<\/p>\n<p style=\"text-align: center;\">Fouetter les oeufs avec le sucre et y ajouter progressivement le lait chaud sans arr\u00eater de m\u00e9langer.<\/p>\n<p style=\"text-align: center;\">Graisser des ramequins longs allant au four et y positionner les biscuits roses de Reims. Verser le m\u00e9lange lait\/oeufs dessus et enfourner pour 35\/40 minutes, en couvrant de papier alu pour que le dessus ne colore pas.<\/p>\n<p style=\"text-align: center;\">Servir chaud ou ti\u00e8de, saupoudr\u00e9 de sucre glace et d\u00e9cor\u00e9 de fruits rouges.<\/p>\n<p>[\/vc_column_text][vc_column_text]<\/p>\n<p style=\"text-align: center;\"><i>Bon profit!<\/i><\/p>\n<p><em>Quelques informations plus ou moins utiles<\/em><\/p>\n<p>*CS: Cuill\u00e8re \u00e0 Soupe[\/vc_column_text][vc_single_image image=\u00a0\u00bb11028&Prime; alignment=\u00a0\u00bbcenter\u00a0\u00bb][\/vc_column][\/vc_row][vc_row][vc_column][vc_column_text]<\/p>\n<h3>Encore un petit creux\u2026<\/h3>\n<p>[\/vc_column_text][vc_basic_grid post_type=\u00a0\u00bbpost\u00a0\u00bb max_items=\u00a0\u00bb6&Prime; element_width=\u00a0\u00bb2&Prime; gap=\u00a0\u00bb0&Prime; orderby=\u00a0\u00bbrand\u00a0\u00bb item=\u00a0\u00bbbasicGrid_VerticalFlip\u00a0\u00bb grid_id=\u00a0\u00bbvc_gid:1632997191688-375a05ad-b795-10&Prime; taxonomies=\u00a0\u00bb296&Prime;][\/vc_column][\/vc_row]<\/p>","protected":false},"excerpt":{"rendered":"<p>Sauvetage de recette.<\/p>\n","protected":false},"author":2,"featured_media":29519,"comment_status":"open","ping_status":"closed","sticky":false,"template":"","format":"standard","meta":[],"categories":[1,296],"tags":[],"jetpack_featured_media_url":"https:\/\/comeconmigo.net\/wp-content\/uploads\/2021\/10\/Pudding-de-Biscuits-Roses-de-Reims-12.jpg","_links":{"self":[{"href":"https:\/\/comeconmigo.net\/fr\/wp-json\/wp\/v2\/posts\/29392"}],"collection":[{"href":"https:\/\/comeconmigo.net\/fr\/wp-json\/wp\/v2\/posts"}],"about":[{"href":"https:\/\/comeconmigo.net\/fr\/wp-json\/wp\/v2\/types\/post"}],"author":[{"embeddable":true,"href":"https:\/\/comeconmigo.net\/fr\/wp-json\/wp\/v2\/users\/2"}],"replies":[{"embeddable":true,"href":"https:\/\/comeconmigo.net\/fr\/wp-json\/wp\/v2\/comments?post=29392"}],"version-history":[{"count":0,"href":"https:\/\/comeconmigo.net\/fr\/wp-json\/wp\/v2\/posts\/29392\/revisions"}],"wp:featuredmedia":[{"embeddable":true,"href":"https:\/\/comeconmigo.net\/fr\/wp-json\/wp\/v2\/media\/29519"}],"wp:attachment":[{"href":"https:\/\/comeconmigo.net\/fr\/wp-json\/wp\/v2\/media?parent=29392"}],"wp:term":[{"taxonomy":"category","embeddable":true,"href":"https:\/\/comeconmigo.net\/fr\/wp-json\/wp\/v2\/categories?post=29392"},{"taxonomy":"post_tag","embeddable":true,"href":"https:\/\/comeconmigo.net\/fr\/wp-json\/wp\/v2\/tags?post=29392"}],"curies":[{"name":"wp","href":"https:\/\/api.w.org\/{rel}","templated":true}]}}