{"id":29021,"date":"2021-05-31T08:00:33","date_gmt":"2021-05-31T07:00:33","guid":{"rendered":"http:\/\/comeconmigo.net\/?p=29021"},"modified":"2021-05-25T15:09:41","modified_gmt":"2021-05-25T14:09:41","slug":"cake-salado-de-lentejas-rojas-avellanas","status":"publish","type":"post","link":"https:\/\/comeconmigo.net\/fr\/cake-salado-de-lentejas-rojas-avellanas\/","title":{"rendered":"CAKE (SAL\u00c9) AUX LENTILLES CORAIL &#038; NOISETTE"},"content":{"rendered":"<p>[vc_row][vc_column][vc_column_text]On commence \u00e0 bien avoir envie de pique-niquer dehors, encore plus que davantage apr\u00e8s les mois \u00e9coul\u00e9s semi-confin\u00e9s. Vous savez \u00f4 combien j\u2019aime <a href=\"https:\/\/comeconmigo.net\/fr\/category\/cakes-tartas-saladas\/\">les cakes et les tartes sal\u00e9es<\/a>, des plus classiques comme<a href=\"https:\/\/comeconmigo.net\/mini-bundtcakes-de-bacon-aceitunas\/\"> le cake bacon et olives<\/a> aux plus originales comme <a href=\"https:\/\/comeconmigo.net\/invisible-de-calabacin\/\">l\u2019invisible aux courgettes<\/a> ou le <a href=\"https:\/\/comeconmigo.net\/sol-de-hojaldre-al-pesto-de-pistachos\/\">soleil feuillet\u00e9 au pistou de pistaches<\/a>.<\/p>\n<p>Aujourd\u2019hui on part du c\u00f4t\u00e9 plus original dont l\u2019ingr\u00e9dient principal sont des lentilles corail, une bonne id\u00e9e pour continuer \u00e0 manger des l\u00e9gumineuses aux beaux jours.<\/p>\n<p>L\u2019id\u00e9e vous pla\u00eet? Quelle est votre tarte sal\u00e9e pr\u00e9f\u00e9r\u00e9e?<\/p>\n<p>Et si vous cherchez <a href=\"https:\/\/comeconmigo.net\/fr\/category\/cakes-tartas-saladas\/\">plus de recettes de tartes et cakes sal\u00e9s, vous trouverez ici l\u2019index mis \u00e0 jour<\/a>.<\/p>\n<p>Bonne semaine![\/vc_column_text][vc_single_image image=\u00a0\u00bb29178&Prime; img_size=\u00a0\u00bb400&#215;600&Prime; alignment=\u00a0\u00bbcenter\u00a0\u00bb][\/vc_column][\/vc_row][vc_row][vc_column width=\u00a0\u00bb7\/12&Prime;][vc_text_separator title=\u00a0\u00bbAujourd&rsquo;hui&#8230;\u00a0\u00bb color=\u00a0\u00bbblack\u00a0\u00bb]\n\t\t\t<section class=\"image-edge\">\n\t\t\t    <div class=\"col-md-6 col-sm-4 p0 col-md-push-6 col-sm-push-8\">\n\t\t\t        <img width=\"626\" height=\"800\" src=\"https:\/\/comeconmigo.net\/wp-content\/uploads\/2021\/05\/Cake-salado-de-Lentejas-Rojas-Avellanas-19.jpg\" class=\"mb-xs-24\" alt=\"\" loading=\"lazy\" srcset=\"https:\/\/comeconmigo.net\/wp-content\/uploads\/2021\/05\/Cake-salado-de-Lentejas-Rojas-Avellanas-19.jpg 626w, https:\/\/comeconmigo.net\/wp-content\/uploads\/2021\/05\/Cake-salado-de-Lentejas-Rojas-Avellanas-19-235x300.jpg 235w\" sizes=\"(max-width: 626px) 100vw, 626px\" \/>\n\t\t\t    <\/div>\n\t\t\t    <div class=\"container\">\n\t\t\t        <div class=\"col-md-5 col-md-pull-0 col-sm-7 col-sm-pull-4 v-align-transform\">\n\t\t\t            [vc_column_text]<\/p>\n<h3 style=\"text-align: left;\">CAKE (SAL\u00c9) AUX LENTILLES CORAIL &amp; NOISETTE<\/h3>\n<p>[\/vc_column_text]\n\t\t\t        <\/div>\n\t\t\t    <\/div>\n\t\t\t<\/section>\n\t\t[\/vc_column][vc_column width=\u00a0\u00bb5\/12&Prime;][vc_text_separator title=\u00a0\u00bbUn jour comme aujourd&rsquo;hui, il y a\u2026\u00a0\u00bb color=\u00a0\u00bbblack\u00a0\u00bb][vc_column_text]\u2026 1 an: <a href=\"https:\/\/comeconmigo.net\/barritas-de-granola-cereales-caseras\/\">Barres de Granola Maison<\/a><\/p>\n<p>\u2026 2 ans: <a href=\"https:\/\/comeconmigo.net\/carrot-cake-sin-mantequilla-sin-aceite\/\">Carrot Cake sans beurre ni huile<\/a><\/p>\n<p>\u2026 3 ans: <a href=\"https:\/\/comeconmigo.net\/ensalada-de-trigueros-hinojo-remolacha-al-estilo-ottolenghi\/\">Salade d\u2019Asperges Vertes, Fenouil &amp; Betterave<\/a><\/p>\n<p>\u2026 4 ans: <a href=\"https:\/\/wp.me\/p9bheG-2EM\">Confiture de Fraises au Rhum<\/a><\/p>\n<p>\u2026 5 ans: <a href=\"https:\/\/comeconmigo.net\/?p=600\">Bundt Cake \u00e0 la Pomme Caram\u00e9lis\u00e9e &amp; au Calvados, Chantilly Caramel au Beurre Sal\u00e9<\/a><\/p>\n<p>\u2026 6 ans: <a href=\"https:\/\/comeconmigo.net\/?p=734\">\u201cFrites\u201d de Polenta<\/a><\/p>\n<p>\u2026 8 ans: <a href=\"https:\/\/comeconmigo.net\/?p=33\">Boulettes de Poulet &amp; Farine de Pois Chiche<\/a><\/p>\n<p>\u2026 9 ans: <a href=\"https:\/\/comeconmigo.net\/?p=156\">Yahourt au Lait Concentr\u00e9 Sucr\u00e9<\/a><\/p>\n<p>\u2026 10 ans: <a href=\"https:\/\/comeconmigo.net\/?p=281\">Confiture de Fraises aux 3 Gingembres<\/a><\/p>\n<p>\u2026 11 ans: <a href=\"https:\/\/comeconmigo.net\/?p=368\">Les Pancakes de ma Maman<\/a>[\/vc_column_text][\/vc_column][\/vc_row][vc_row][vc_column width=\u00a0\u00bb1\/4&Prime; css=\u00a0\u00bb.vc_custom_1502280835828{background-color: #fff0dd !important;}\u00a0\u00bb][vc_column_text]<\/p>\n<h3 style=\"text-align: center;\">Pour 7 moules individuels comme sur les photos<\/h3>\n<p style=\"text-align: center;\">300g de lentilles corail<\/p>\n<p style=\"text-align: center;\">2 carottes moyennes \u00e9pluch\u00e9es et d\u00e9coup\u00e9es en petits d\u00e9s<\/p>\n<p style=\"text-align: center;\">1 beau oignon nouveau \u00e9pluch\u00e9 et d\u00e9coup\u00e9 en petits d\u00e9s<\/p>\n<p style=\"text-align: center;\">6 oeufs<\/p>\n<p style=\"text-align: center;\">5 gousses d\u2019ail pel\u00e9es, d\u00e9germ\u00e9es et finement hach\u00e9es<\/p>\n<p style=\"text-align: center;\">100g de fromage r\u00e2p\u00e9<\/p>\n<p style=\"text-align: center;\">70g de chapelure de bonne qualit\u00e9<\/p>\n<p style=\"text-align: center;\">50g de noisettes crues<\/p>\n<p style=\"text-align: center;\">1cc* de c\u00farcuma en poudre<\/p>\n<p style=\"text-align: center;\">1cc* de curry en poudre<\/p>\n<p style=\"text-align: center;\">1cc* d\u2019huile d\u2019olive<\/p>\n<p style=\"text-align: center;\">Sel, poivre<\/p>\n<p>[\/vc_column_text][\/vc_column][vc_column width=\u00a0\u00bb3\/4&Prime; css=\u00a0\u00bb.vc_custom_1502280820239{padding-top: 10px !important;padding-right: 10px !important;padding-bottom: 10px !important;padding-left: 10px !important;}\u00a0\u00bb][vc_column_text]<\/p>\n<p style=\"text-align: center;\">Rincer les lentilles corail et les cuire 10\/15 minutes dans de l\u2019eau bouillante. Egoutter et r\u00e9server.<\/p>\n<p style=\"text-align: center;\">Chauffer l\u2019huile d\u2019olive dans une po\u00eale et y faire revenir l\u2019ail et l\u2019oignon nouveau jusqu\u2019\u00e0 l\u00e9g\u00e8re coloration. Ajouter alors les d\u00e9s de carotte, saler, poivrer et laisser cuire \u00e0 feu doux \u00e0 couvert pendant 5 minutes.<\/p>\n<p style=\"text-align: center;\">Battre les oeufs avec la chapelure et le fromage r\u00e2p\u00e9. Ajouter les lentilles corail bien \u00e9goutt\u00e9es et les l\u00e9gumes cuits ainsi que les \u00e9pices. Bien m\u00e9langer et rectifier l\u2019assaisonnement en sel et poivre.<\/p>\n<p style=\"text-align: center;\">Verser dans des moules \u00e0 cake individuels pr\u00e9alablement graiss\u00e9s et d\u00e9corer des noisettes coup\u00e9es en 2. Enfourner pour environ 45 minutes \u00e0 170\u00ba. Comme d\u2019habitude, Piquer pour v\u00e9rifier la cuisson \u00e0 coeur.<\/p>\n<p style=\"text-align: center;\">Servir chaud, ti\u00e8de ou froid, avec une belle salade de saison.<\/p>\n<p>[\/vc_column_text][vc_column_text]<\/p>\n<p style=\"text-align: center;\"><i>Bon profit!<\/i><\/p>\n<p><em>Quelques informations plus ou moins utiles<\/em><\/p>\n<p>*cc: cuill\u00e8re \u00e0 caf\u00e9[\/vc_column_text][vc_single_image image=\u00a0\u00bb11028&Prime; alignment=\u00a0\u00bbcenter\u00a0\u00bb][\/vc_column][\/vc_row][vc_row][vc_column][vc_column_text]<\/p>\n<h3>Encore un petit creux\u2026<\/h3>\n<p>[\/vc_column_text][vc_basic_grid post_type=\u00a0\u00bbpost\u00a0\u00bb max_items=\u00a0\u00bb6&Prime; element_width=\u00a0\u00bb2&Prime; gap=\u00a0\u00bb0&Prime; orderby=\u00a0\u00bbrand\u00a0\u00bb item=\u00a0\u00bbbasicGrid_VerticalFlip\u00a0\u00bb grid_id=\u00a0\u00bbvc_gid:1621951478228-d1c7eb2c-046b-6&Prime; taxonomies=\u00a0\u00bb239&Prime;][\/vc_column][\/vc_row]<\/p>","protected":false},"excerpt":{"rendered":"<p>Des l\u00e9gumineuses en toute saison.<\/p>\n","protected":false},"author":2,"featured_media":29175,"comment_status":"open","ping_status":"closed","sticky":false,"template":"","format":"standard","meta":[],"categories":[458,239,1,401],"tags":[],"jetpack_featured_media_url":"https:\/\/comeconmigo.net\/wp-content\/uploads\/2021\/05\/Cake-salado-de-Lentejas-Rojas-Avellanas-10.jpg","_links":{"self":[{"href":"https:\/\/comeconmigo.net\/fr\/wp-json\/wp\/v2\/posts\/29021"}],"collection":[{"href":"https:\/\/comeconmigo.net\/fr\/wp-json\/wp\/v2\/posts"}],"about":[{"href":"https:\/\/comeconmigo.net\/fr\/wp-json\/wp\/v2\/types\/post"}],"author":[{"embeddable":true,"href":"https:\/\/comeconmigo.net\/fr\/wp-json\/wp\/v2\/users\/2"}],"replies":[{"embeddable":true,"href":"https:\/\/comeconmigo.net\/fr\/wp-json\/wp\/v2\/comments?post=29021"}],"version-history":[{"count":0,"href":"https:\/\/comeconmigo.net\/fr\/wp-json\/wp\/v2\/posts\/29021\/revisions"}],"wp:featuredmedia":[{"embeddable":true,"href":"https:\/\/comeconmigo.net\/fr\/wp-json\/wp\/v2\/media\/29175"}],"wp:attachment":[{"href":"https:\/\/comeconmigo.net\/fr\/wp-json\/wp\/v2\/media?parent=29021"}],"wp:term":[{"taxonomy":"category","embeddable":true,"href":"https:\/\/comeconmigo.net\/fr\/wp-json\/wp\/v2\/categories?post=29021"},{"taxonomy":"post_tag","embeddable":true,"href":"https:\/\/comeconmigo.net\/fr\/wp-json\/wp\/v2\/tags?post=29021"}],"curies":[{"name":"wp","href":"https:\/\/api.w.org\/{rel}","templated":true}]}}