{"id":28690,"date":"2021-03-29T08:00:21","date_gmt":"2021-03-29T07:00:21","guid":{"rendered":"http:\/\/comeconmigo.net\/?p=28690"},"modified":"2021-03-23T11:29:33","modified_gmt":"2021-03-23T10:29:33","slug":"bunuelos-de-bacalao","status":"publish","type":"post","link":"https:\/\/comeconmigo.net\/fr\/bunuelos-de-bacalao\/","title":{"rendered":"BEIGNETS DE MORUE"},"content":{"rendered":"<p>[vc_row][vc_column][vc_column_text]Encore une Semaine Sainte confin\u00e9s, et cette fois-ci, cela fait un an que \u00e7a dure\u2026 Mais que cela ne nous d\u00e9prime pas, on n\u2019a jamais \u00e9t\u00e9 plus pr\u00e8s de la fin de ce cauchemar. Du coup, on continue de rester prudents et on met \u00e0 l\u2019honneur les traditions.<\/p>\n<p>A la maison, c\u2019est la saison de la <a href=\"https:\/\/comeconmigo.net\/proyecto-roca-escudella-de-bacalao\/\">soupe \u00e0 la morue tr\u00e8s populaire en Catalogne<\/a> parce que les plats chauds avec des nuits fra\u00eeches c\u2019est une combinaison gagnante, de la <a href=\"https:\/\/comeconmigo.net\/torta-pasqualina-salada\/\">Torta Pasqualina<\/a> souvenir de nos ann\u00e9es en Italie et de l\u2019<a href=\"https:\/\/comeconmigo.net\/una-merienda-que-no-puede-faltar-en-semana-santa-en-casa-el-bizcocho-cordero-pascual-de-la-mama-de-maite-sin-grasas\/\">Agneau Pascal de Lorraine<\/a> h\u00e9rit\u00e9 de la marraine de Polyanna. Une Semaine Sainte fusi\u00f3n pour ainsi dire :o)<\/p>\n<p>J\u2019ai profit\u00e9 de miettes de morue dessal\u00e9es par ma voisine pour pr\u00e9parer des beignets de morue, je n\u2019en avais jamais pr\u00e9par\u00e9s \u00e0 la maison car je ne fais que tr\u00e8s rarement de la friture et je dois dire que \u00e7a valait le coup, parce que maison c\u2019est tout de m\u00eame autre chose!<\/p>\n<p>Avec un petit ap\u00e9ro, je ne vous dis que \u00e7a\u2026 Vous go\u00fbtez?<\/p>\n<p>Bonne semaine \u00e0 vous![\/vc_column_text][vc_single_image image=\u00a0\u00bb28854&Prime; img_size=\u00a0\u00bb400&#215;600&Prime; alignment=\u00a0\u00bbcenter\u00a0\u00bb][\/vc_column][\/vc_row][vc_row][vc_column width=\u00a0\u00bb7\/12&Prime;][vc_text_separator title=\u00a0\u00bbAujourd&rsquo;hui&#8230;\u00a0\u00bb color=\u00a0\u00bbblack\u00a0\u00bb]\n\t\t\t<section class=\"image-edge\">\n\t\t\t    <div class=\"col-md-6 col-sm-4 p0 col-md-push-6 col-sm-push-8\">\n\t\t\t        <img width=\"600\" height=\"896\" src=\"https:\/\/comeconmigo.net\/wp-content\/uploads\/2021\/03\/Bu\u00f1uelos-de-Bacalao-6.jpg\" class=\"mb-xs-24\" alt=\"\" loading=\"lazy\" srcset=\"https:\/\/comeconmigo.net\/wp-content\/uploads\/2021\/03\/Bu\u00f1uelos-de-Bacalao-6.jpg 600w, https:\/\/comeconmigo.net\/wp-content\/uploads\/2021\/03\/Bu\u00f1uelos-de-Bacalao-6-201x300.jpg 201w\" sizes=\"(max-width: 600px) 100vw, 600px\" \/>\n\t\t\t    <\/div>\n\t\t\t    <div class=\"container\">\n\t\t\t        <div class=\"col-md-5 col-md-pull-0 col-sm-7 col-sm-pull-4 v-align-transform\">\n\t\t\t            [vc_column_text]<\/p>\n<h3 style=\"text-align: left;\">BEIGNETS DE MORUE SAL\u00c9E<\/h3>\n<p>[\/vc_column_text]\n\t\t\t        <\/div>\n\t\t\t    <\/div>\n\t\t\t<\/section>\n\t\t[\/vc_column][vc_column width=\u00a0\u00bb5\/12&Prime;][vc_text_separator title=\u00a0\u00bbUn jour comme aujourd&rsquo;hui, il y a\u2026\u00a0\u00bb color=\u00a0\u00bbblack\u00a0\u00bb][vc_column_text]\u2026 1 an: <a href=\"https:\/\/comeconmigo.net\/ensalada-de-apio-langostinos-manzana\/\">Salade de C\u00e9leri Branche, Crevettes &amp; Pomme<\/a><\/p>\n<p>\u2026 2 ans: <a href=\"https:\/\/comeconmigo.net\/brochetas-de-gambas-pina\/\">Brochettes de Crevettes &amp; Ananas<\/a><\/p>\n<p>\u2026 3 ans: <a href=\"https:\/\/comeconmigo.net\/galletas-de-mantequilla-bretonas-de-trigo-sarraceno-sin-gluten\/\">Galettes Sabl\u00e9es Bretonnes au Sarrasin (sans gluten)<\/a><\/p>\n<p>\u2026 4 ans: <a href=\"https:\/\/wp.me\/p9bheG-2Ae\">Salade d\u2019Endives, de Rhubarbe &amp; Fraise<\/a><\/p>\n<p>\u2026 5 ans: <a href=\"https:\/\/comeconmigo.net\/?p=626\">G\u00e2teau aux Fraises &amp; \u00e0 la Chantilly de Miquel<\/a><\/p>\n<p>\u2026 6 ans: <a href=\"https:\/\/comeconmigo.net\/?p=760\">Bacall\u00e0 alla Napoletana (morue \u00e0 la napolitaine)<\/a><\/p>\n<p>\u2026 7 ans: <a href=\"https:\/\/comeconmigo.net\/?p=834\">Confiture de Peaux d\u2019Oranges<\/a><\/p>\n<p>\u2026 8 ans: <a href=\"https:\/\/comeconmigo.net\/?p=56\">Chocolats mendiants \u00e0 la Fleur de Sel<\/a><\/p>\n<p>\u2026 9 ans: <a href=\"https:\/\/comeconmigo.net\/?p=173\">Saint Jacques pan\u00e9es aux Pistaches<\/a><\/p>\n<p>\u2026 10 ans: <a href=\"https:\/\/comeconmigo.net\/?p=298\">Confiture de Fraises &amp; Cardamomoe<\/a><\/p>\n<p>\u2026 11 ans: <a href=\"https:\/\/comeconmigo.net\/?p=389\">Flans au Th\u00e9 Earl Grey &amp; Gingembre caram\u00e9lis\u00e9<\/a>[\/vc_column_text][\/vc_column][\/vc_row][vc_row][vc_column width=\u00a0\u00bb1\/4&Prime; css=\u00a0\u00bb.vc_custom_1502280835828{background-color: #fff0dd !important;}\u00a0\u00bb][vc_column_text]<\/p>\n<h3 style=\"text-align: center;\">Pour 3 bols comme sur les photos<\/h3>\n<p style=\"text-align: center;\">185g de morue en miettes dessal\u00e9e<\/p>\n<p style=\"text-align: center;\">2 petits oeufs<\/p>\n<p style=\"text-align: center;\">2 gousses d\u2019ail pel\u00e9es, d\u00e9germ\u00e9es et tr\u00e8s finement r\u00e2p\u00e9es<\/p>\n<p style=\"text-align: center;\">3 petites branches de persil finement hach\u00e9es<\/p>\n<p style=\"text-align: center;\">2CS* bien pleines de farine<\/p>\n<p style=\"text-align: center;\">5g de levure chimique<\/p>\n<p style=\"text-align: center;\">Huile de p\u00e9pins de raisin pour la friture<\/p>\n<p>[\/vc_column_text][\/vc_column][vc_column width=\u00a0\u00bb3\/4&Prime; css=\u00a0\u00bb.vc_custom_1502280820239{padding-top: 10px !important;padding-right: 10px !important;padding-bottom: 10px !important;padding-left: 10px !important;}\u00a0\u00bb][vc_column_text]<\/p>\n<p style=\"text-align: center;\">Mixer tr\u00e8s grossi\u00e8rement les miettes de morue et y ajouter les oeufs progressivement, un par un, en m\u00e9langeant bien entre chaque ajout. Puis ajouter la farine m\u00e9lang\u00e9e \u00e0 la levure et enfin le persil et l\u2019ail. Bien m\u00e9langer pour avoir une pr\u00e9paration homog\u00e8ne. Je n\u2019ai pas eu besoin de saler mais \u00e0 voir selon votre morue.<\/p>\n<p style=\"text-align: center;\">Laisser reposer la p\u00e2te 15 minutes et mettre dans une poche \u00e0 douille.<\/p>\n<p style=\"text-align: center;\">Chauffer l\u2019huile de p\u00e9pins de raisins \u00e0 170\u00ba et frire des petites boules de p\u00e2te environ 2 minutes, en les retournant pour qu\u2019elles dorent de tous les c\u00f4t\u00e9s.<\/p>\n<p style=\"text-align: center;\">Au fur et \u00e0 mesure, les \u00e9goutter sur du papier absorbant.<\/p>\n<p style=\"text-align: center;\">Servir bien chaud et r\u00e9galez-vous!<\/p>\n<p>[\/vc_column_text][vc_column_text]<\/p>\n<p style=\"text-align: center;\"><i>Bon profit!<\/i><\/p>\n<p><em>Quelques informations plus ou moins utiles<\/em><\/p>\n<p>*CS: Cuill\u00e8re \u00e0 Soupe[\/vc_column_text][vc_single_image image=\u00a0\u00bb11028&Prime; alignment=\u00a0\u00bbcenter\u00a0\u00bb][\/vc_column][\/vc_row][vc_row][vc_column][vc_column_text]<\/p>\n<h3>Encore un petit creux\u2026<\/h3>\n<p>[\/vc_column_text][vc_basic_grid post_type=\u00a0\u00bbpost\u00a0\u00bb max_items=\u00a0\u00bb6&Prime; element_width=\u00a0\u00bb2&Prime; gap=\u00a0\u00bb0&Prime; orderby=\u00a0\u00bbrand\u00a0\u00bb item=\u00a0\u00bbbasicGrid_VerticalFlip\u00a0\u00bb grid_id=\u00a0\u00bbvc_gid:1616495110118-66239c4a-ea99-10&Prime; taxonomies=\u00a0\u00bb330&Prime;][\/vc_column][\/vc_row]<\/p>","protected":false},"excerpt":{"rendered":"<p>Irr\u00e9sistibles!<\/p>\n","protected":false},"author":2,"featured_media":28856,"comment_status":"open","ping_status":"closed","sticky":false,"template":"","format":"standard","meta":[],"categories":[330,1],"tags":[],"jetpack_featured_media_url":"https:\/\/comeconmigo.net\/wp-content\/uploads\/2021\/03\/Bu\u00f1uelos-de-Bacalao-13.jpg","_links":{"self":[{"href":"https:\/\/comeconmigo.net\/fr\/wp-json\/wp\/v2\/posts\/28690"}],"collection":[{"href":"https:\/\/comeconmigo.net\/fr\/wp-json\/wp\/v2\/posts"}],"about":[{"href":"https:\/\/comeconmigo.net\/fr\/wp-json\/wp\/v2\/types\/post"}],"author":[{"embeddable":true,"href":"https:\/\/comeconmigo.net\/fr\/wp-json\/wp\/v2\/users\/2"}],"replies":[{"embeddable":true,"href":"https:\/\/comeconmigo.net\/fr\/wp-json\/wp\/v2\/comments?post=28690"}],"version-history":[{"count":0,"href":"https:\/\/comeconmigo.net\/fr\/wp-json\/wp\/v2\/posts\/28690\/revisions"}],"wp:featuredmedia":[{"embeddable":true,"href":"https:\/\/comeconmigo.net\/fr\/wp-json\/wp\/v2\/media\/28856"}],"wp:attachment":[{"href":"https:\/\/comeconmigo.net\/fr\/wp-json\/wp\/v2\/media?parent=28690"}],"wp:term":[{"taxonomy":"category","embeddable":true,"href":"https:\/\/comeconmigo.net\/fr\/wp-json\/wp\/v2\/categories?post=28690"},{"taxonomy":"post_tag","embeddable":true,"href":"https:\/\/comeconmigo.net\/fr\/wp-json\/wp\/v2\/tags?post=28690"}],"curies":[{"name":"wp","href":"https:\/\/api.w.org\/{rel}","templated":true}]}}