{"id":28679,"date":"2021-03-17T08:00:37","date_gmt":"2021-03-17T07:00:37","guid":{"rendered":"http:\/\/comeconmigo.net\/?p=28679"},"modified":"2021-03-11T10:38:46","modified_gmt":"2021-03-11T09:38:46","slug":"espuma-de-crema-catalana-de-miquel-con-sifon","status":"publish","type":"post","link":"https:\/\/comeconmigo.net\/fr\/espuma-de-crema-catalana-de-miquel-con-sifon\/","title":{"rendered":"ESPUMA DE CR\u00c8ME CATALANE DE MIQUEL (au siphon)"},"content":{"rendered":"<p>[vc_row][vc_column][vc_column_text]En faisant le point sur les index du blog, je me suis aper\u00e7ue que cela faisait bien (trop) longtemps que je ne partageais aucune <a href=\"https:\/\/comeconmigo.net\/fr\/category\/sifon\/\">recette pr\u00e9par\u00e9e dans un siphon<\/a> et je me suis dit que c\u2019\u00e9tait bien dommage.<\/p>\n<p>En Catalogne, le 19 Mars c\u2019est la f\u00eate des P\u00e8res et on mange souvent pour l\u2019occasion de <a href=\"https:\/\/comeconmigo.net\/crema-catalana\/\">la cr\u00e8me catalane<\/a>. J\u2019ai du coup eu envie de partager cette vison revisit\u00e9e par <a href=\"https:\/\/lesreceptesdelmiquel.blogspot.com\">Miquel<\/a> qui comme chacune de ses recettes est toujours un immense succ\u00e8s chez nous. Encore heureux que j\u2019avais divis\u00e9 les quantit\u00e9s de sa recette parce que nous avons fini le siphon \u00e0 nous trois!!!<\/p>\n<p><a href=\"https:\/\/comeconmigo.net\/crema-catalana\/\">La base de la recette est la m\u00eame que la recette classique<\/a>: on fait infuser du lait avec du sucre, de la cannelle et du zeste de citron. Apr\u00e8s refroidissement, on m\u00e9lange avec les jaunes et de la cr\u00e8me fleurette (enti\u00e8re, sinon l\u2019\u00e9mulsion ne sera pas stable), on filtre au chinois fin plut\u00f4t 2 fois qu\u2019une et on verse dans le siphon. 2 Pschitt plus tard, c\u2019est pr\u00eat \u00e0 conserver\u00a0 au frigo jusqu\u2019au moment de servir.<\/p>\n<p>En plus c\u2019est le genre de recette que j\u2019adore car on peut les pr\u00e9parer en avance ;o) Un petit effort pour un grand r\u00e9sultat.<\/p>\n<p>Une petite coupe, \u00e7a vous dit?<\/p>\n<p>Bon mercredi![\/vc_column_text][vc_single_image image=\u00a0\u00bb28809&Prime; img_size=\u00a0\u00bb400&#215;600&Prime; alignment=\u00a0\u00bbcenter\u00a0\u00bb][\/vc_column][\/vc_row][vc_row][vc_column width=\u00a0\u00bb7\/12&Prime;][vc_text_separator title=\u00a0\u00bbAujourd&rsquo;hui&#8230;\u00a0\u00bb color=\u00a0\u00bbblack\u00a0\u00bb]\n\t\t\t<section class=\"image-edge\">\n\t\t\t    <div class=\"col-md-6 col-sm-4 p0 col-md-push-6 col-sm-push-8\">\n\t\t\t        <img width=\"896\" height=\"600\" src=\"https:\/\/comeconmigo.net\/wp-content\/uploads\/2021\/03\/Espuma-de-Crema-Catalana-8.jpg\" class=\"mb-xs-24\" alt=\"\" loading=\"lazy\" srcset=\"https:\/\/comeconmigo.net\/wp-content\/uploads\/2021\/03\/Espuma-de-Crema-Catalana-8.jpg 896w, https:\/\/comeconmigo.net\/wp-content\/uploads\/2021\/03\/Espuma-de-Crema-Catalana-8-300x201.jpg 300w, https:\/\/comeconmigo.net\/wp-content\/uploads\/2021\/03\/Espuma-de-Crema-Catalana-8-768x514.jpg 768w\" sizes=\"(max-width: 896px) 100vw, 896px\" \/>\n\t\t\t    <\/div>\n\t\t\t    <div class=\"container\">\n\t\t\t        <div class=\"col-md-5 col-md-pull-0 col-sm-7 col-sm-pull-4 v-align-transform\">\n\t\t\t            [vc_column_text]<\/p>\n<h3 style=\"text-align: left;\">ESPUMA DE CR\u00c8ME CATALANE DE MIQUEL (au siphon)*<\/h3>\n<p>[\/vc_column_text]\n\t\t\t        <\/div>\n\t\t\t    <\/div>\n\t\t\t<\/section>\n\t\t[\/vc_column][vc_column width=\u00a0\u00bb5\/12&Prime;][vc_text_separator title=\u00a0\u00bbUn jour comme aujourd&rsquo;hui, il y a\u2026\u00a0\u00bb color=\u00a0\u00bbblack\u00a0\u00bb][vc_column_text]\u2026 1 an:<a href=\"https:\/\/comeconmigo.net\/sopa-de-lentejas-rojas-tomate-leche-de-coco\/\"> Soupe de Lentilles Corail, Tomates &amp; Lait de Coco<\/a><\/p>\n<p>\u2026 2 ans: <a href=\"https:\/\/comeconmigo.net\/crema-catalana\/\">Cr\u00e8me Catalane<\/a><\/p>\n<p>\u2026 3 ans: <a href=\"https:\/\/comeconmigo.net\/top6-cenas-veganas-para-tods\/\">TOP6 D\u00eeners Veg@n en Famille<\/a><\/p>\n<p>\u2026 4 ans: <a href=\"https:\/\/wp.me\/p9bheG-2yQ\">Carottes r\u00f4ties au Sirop d\u2019\u00c9rable &amp; Moutarde \u00e0 l\u2019Ancienne<\/a><\/p>\n<p>\u2026 5 ans: <a href=\"https:\/\/comeconmigo.net\/?p=630\">Coeur de Sucrine grill\u00e9s, vinaigrette \u00e0 la Menthe<\/a><\/p>\n<p>\u2026 6 ans: <a href=\"https:\/\/comeconmigo.net\/?p=764\">Flan Espagnol \u00e0 l\u2019Oeuf, recette classique<\/a><\/p>\n<p>\u2026 7 ans: <a href=\"https:\/\/comeconmigo.net\/?p=838\">Poulet Teryaki<\/a><\/p>\n<p>\u2026 8 ans: <a href=\"https:\/\/comeconmigo.net\/?p=59\">Biscuits Croustillants aux Algues &amp; au S\u00e9same<\/a><\/p>\n<p>\u2026 9 ans: <a href=\"https:\/\/comeconmigo.net\/?p=176\">Mac\u00e9doine de Mandarines &amp; Basilic<\/a><\/p>\n<p>\u2026 10 ans: <a href=\"https:\/\/comeconmigo.net\/?p=302\">Pissaladi\u00e8re de Nice \u00e0 ma fa\u00e7on<\/a><\/p>\n<p>\u2026 11 ans: <a href=\"https:\/\/comeconmigo.net\/?p=394\">Paillasson de Pommes de Terre r\u00e2p\u00e9es<\/a>[\/vc_column_text][\/vc_column][\/vc_row][vc_row][vc_column width=\u00a0\u00bb1\/4&Prime; css=\u00a0\u00bb.vc_custom_1502280835828{background-color: #fff0dd !important;}\u00a0\u00bb][vc_column_text]<\/p>\n<h3 style=\"text-align: center;\">Pour 8\/12 verres<\/h3>\n<h3 style=\"text-align: center;\">(1 siphon de 1 litre)<\/h3>\n<p style=\"text-align: center;\">67g de sucre semoule<\/p>\n<p style=\"text-align: center;\">67g de lait (demi-\u00e9cr\u00e9m\u00e9)<\/p>\n<p style=\"text-align: center;\">3 belles languettes de zeste de citron bio ou non trait\u00e9<\/p>\n<p style=\"text-align: center;\">1 petite branche de cannelle<\/p>\n<p style=\"text-align: center;\">2 blancs d\u2019oeufs<\/p>\n<p style=\"text-align: center;\">433g de cr\u00e8me fleurette (31% MG)<\/p>\n<p style=\"text-align: center;\">2 charges de siphon<\/p>\n<p>[\/vc_column_text][\/vc_column][vc_column width=\u00a0\u00bb3\/4&Prime; css=\u00a0\u00bb.vc_custom_1502280820239{padding-top: 10px !important;padding-right: 10px !important;padding-bottom: 10px !important;padding-left: 10px !important;}\u00a0\u00bb][vc_column_text]<\/p>\n<p style=\"text-align: center;\">M\u00e9langer le lait et une petite quantit\u00e9 de cr\u00e8me fleurette avec le sucre et faire chauffer \u00e0 feu doux avec les zestes de citron et la cannelle. D\u00e8s \u00e9bullition, couper le feu, couvrir et laisser infuser jusqu\u2019\u00e0 ce que le m\u00e9lange soit froid.<\/p>\n<p style=\"text-align: center;\">Filtrer et fouetter avec les jaunes puis ajouter le reste de cr\u00e8me fleurette.<\/p>\n<p style=\"text-align: center;\">Filtrer au chinois fin pour \u00e9viter de boucher le siphon et verser dans le siphon.<\/p>\n<p style=\"text-align: center;\">Bien fermer et mettre 1 charge puis bien secouer avant de rajouter la 2\u00e8me. Bien secouer et laisser reposer au frigo au moins 4 heures mais c\u2019est encore mieux si cela peut \u00eatre une nuit compl\u00e8te.<\/p>\n<p style=\"text-align: center;\">Le lendemain, au moment du dessert, bien secouer le siphon et le servir directement dans des coupes ou ramequins, en d\u00e9corant avec des cigarettes russes comme Miquel ou de la nougatine de s\u00e9same comme nous.<\/p>\n<p>[\/vc_column_text][vc_column_text]<\/p>\n<p style=\"text-align: center;\"><i>Bon profit!<\/i><\/p>\n<p><em>Quelques informations plus ou moins utiles<\/em><\/p>\n<p>* Vous pouvez voir la recette de Miquel Les receptes del Miquel en cliquant <a href=\"https:\/\/lesreceptesdelmiquel.blogspot.com\/2020\/03\/espuma-de-crema-catalana.html\">ici<\/a>.[\/vc_column_text][vc_single_image image=\u00a0\u00bb11028&Prime; alignment=\u00a0\u00bbcenter\u00a0\u00bb][\/vc_column][\/vc_row][vc_row][vc_column][vc_column_text]<\/p>\n<h3>Encore un petit creux\u2026<\/h3>\n<p>[\/vc_column_text][vc_basic_grid post_type=\u00a0\u00bbpost\u00a0\u00bb max_items=\u00a0\u00bb6&Prime; element_width=\u00a0\u00bb2&Prime; gap=\u00a0\u00bb0&Prime; orderby=\u00a0\u00bbrand\u00a0\u00bb item=\u00a0\u00bbbasicGrid_VerticalFlip\u00a0\u00bb grid_id=\u00a0\u00bbvc_gid:1615455109314-74bdec33-c3b8-7&Prime; taxonomies=\u00a0\u00bb256&Prime;][\/vc_column][\/vc_row]<\/p>","protected":false},"excerpt":{"rendered":"<p>[vc_row][vc_column][vc_column_text]En faisant le point sur les index du blog, je me suis aper\u00e7ue que cela faisait bien (trop) longtemps que je&#8230;<\/p>\n","protected":false},"author":2,"featured_media":28806,"comment_status":"open","ping_status":"closed","sticky":false,"template":"","format":"standard","meta":[],"categories":[347,349,1,389],"tags":[],"jetpack_featured_media_url":"https:\/\/comeconmigo.net\/wp-content\/uploads\/2021\/03\/Espuma-de-Crema-Catalana-2.jpg","_links":{"self":[{"href":"https:\/\/comeconmigo.net\/fr\/wp-json\/wp\/v2\/posts\/28679"}],"collection":[{"href":"https:\/\/comeconmigo.net\/fr\/wp-json\/wp\/v2\/posts"}],"about":[{"href":"https:\/\/comeconmigo.net\/fr\/wp-json\/wp\/v2\/types\/post"}],"author":[{"embeddable":true,"href":"https:\/\/comeconmigo.net\/fr\/wp-json\/wp\/v2\/users\/2"}],"replies":[{"embeddable":true,"href":"https:\/\/comeconmigo.net\/fr\/wp-json\/wp\/v2\/comments?post=28679"}],"version-history":[{"count":0,"href":"https:\/\/comeconmigo.net\/fr\/wp-json\/wp\/v2\/posts\/28679\/revisions"}],"wp:featuredmedia":[{"embeddable":true,"href":"https:\/\/comeconmigo.net\/fr\/wp-json\/wp\/v2\/media\/28806"}],"wp:attachment":[{"href":"https:\/\/comeconmigo.net\/fr\/wp-json\/wp\/v2\/media?parent=28679"}],"wp:term":[{"taxonomy":"category","embeddable":true,"href":"https:\/\/comeconmigo.net\/fr\/wp-json\/wp\/v2\/categories?post=28679"},{"taxonomy":"post_tag","embeddable":true,"href":"https:\/\/comeconmigo.net\/fr\/wp-json\/wp\/v2\/tags?post=28679"}],"curies":[{"name":"wp","href":"https:\/\/api.w.org\/{rel}","templated":true}]}}