{"id":28441,"date":"2021-02-12T08:00:56","date_gmt":"2021-02-12T07:00:56","guid":{"rendered":"http:\/\/comeconmigo.net\/?p=28441"},"modified":"2021-02-09T13:04:04","modified_gmt":"2021-02-09T12:04:04","slug":"mini-bundtcakes-de-harina-de-castana-arandanos","status":"publish","type":"post","link":"https:\/\/comeconmigo.net\/fr\/mini-bundtcakes-de-harina-de-castana-arandanos\/","title":{"rendered":"MINI BUNDTCAKES FARINE DE CH\u00c2TAIGNE &#038; MYRTILLES"},"content":{"rendered":"<p><\/p>\n<p>[vc_row][vc_column][vc_column_text]Mon Dieu que le temps passe vite, et j\u2019ai comme dans l\u2019impression que quand on a des enfants \u00e7a file encore plus vite.<\/p>\n<p>Demain Polyanna aura 11 ans et je me dis \u201c<a href=\"https:\/\/comeconmigo.net\/hoy-no-toca-receta-agradecimientos-y-polyanna\/\">Mais comment est-ce possible<\/a>?\u201d.<\/p>\n<p>Cette ann\u00e9e \u00e9videmment pas de grosse f\u00eate ni de m\u00e9ga repas pour marquer le coup. Donc j\u2019ai eu envie de partager pour l\u2019occasion un g\u00e2teau que Polyanna nous a pr\u00e9par\u00e9 pour le go\u00fbter il y a quelques semaines.<\/p>\n<p>Ce sont des mini bundtcakes parfum\u00e9s \u00e0 la farine de ch\u00e2taigne et \u00e0 la poudre de noisette, avec du sucre roux (d\u2019o\u00f9 leur couleur plus fonc\u00e9e que la normale) et quelques myrtilles fra\u00eeches rajout\u00e9es \u00e0 la p\u00e2te. Sublimes et pas trop sucr\u00e9s. Bref j\u2019ai ador\u00e9 :o)<\/p>\n<p>Et ce jour-l\u00e0, en prime elle m\u2019a pr\u00eat\u00e9 une assiette d\u00e9cor\u00e9e par ses soins pour la s\u00e9ance photos\u2026 d\u00e9cid\u00e9ment mon petit b\u00e9b\u00e9 est une grande fille\u2026<\/p>\n<p>Joyeux Anniversaire ma Petite Princesse!<\/p>\n<p>Bon week-end![\/vc_column_text][vc_single_image image=\u00a0\u00bb28605&Prime; img_size=\u00a0\u00bb400&#215;600&Prime; alignment=\u00a0\u00bbcenter\u00a0\u00bb][\/vc_column][\/vc_row][vc_row][vc_column width=\u00a0\u00bb7\/12&Prime;][vc_text_separator title=\u00a0\u00bbAujourd&rsquo;hui&#8230;\u00a0\u00bb color=\u00a0\u00bbblack\u00a0\u00bb]\n\t\t\t<section class=\"image-edge\">\n\t\t\t    <div class=\"col-md-6 col-sm-4 p0 col-md-push-6 col-sm-push-8\">\n\t\t\t        <img width=\"867\" height=\"600\" src=\"https:\/\/comeconmigo.net\/wp-content\/uploads\/2021\/02\/Mini-BundtCakes-de-Harina-de-Casta\u00f1a-Ar\u00e1ndanos-15.jpg\" class=\"mb-xs-24\" alt=\"\" loading=\"lazy\" srcset=\"https:\/\/comeconmigo.net\/wp-content\/uploads\/2021\/02\/Mini-BundtCakes-de-Harina-de-Casta\u00f1a-Ar\u00e1ndanos-15.jpg 867w, https:\/\/comeconmigo.net\/wp-content\/uploads\/2021\/02\/Mini-BundtCakes-de-Harina-de-Casta\u00f1a-Ar\u00e1ndanos-15-300x208.jpg 300w, https:\/\/comeconmigo.net\/wp-content\/uploads\/2021\/02\/Mini-BundtCakes-de-Harina-de-Casta\u00f1a-Ar\u00e1ndanos-15-768x531.jpg 768w\" sizes=\"(max-width: 867px) 100vw, 867px\" \/>\n\t\t\t    <\/div>\n\t\t\t    <div class=\"container\">\n\t\t\t        <div class=\"col-md-5 col-md-pull-0 col-sm-7 col-sm-pull-4 v-align-transform\">\n\t\t\t            [vc_column_text]<\/p>\n<h3 style=\"text-align: left;\">MINI BUNDTCAKES FARINE DE CH\u00c2TAIGNE &amp; MYRTILLES<\/h3>\n<p>[\/vc_column_text]\n\t\t\t        <\/div>\n\t\t\t    <\/div>\n\t\t\t<\/section>\n\t\t[\/vc_column][vc_column width=\u00a0\u00bb5\/12&Prime;][vc_text_separator title=\u00a0\u00bbUn jour comme aujourd&rsquo;hui, il y a\u2026\u00a0\u00bb color=\u00a0\u00bbblack\u00a0\u00bb][vc_column_text]\u2026 1 an: <a href=\"https:\/\/comeconmigo.net\/bundtcake-de-cacao-de-martha-stewart\/\">Bundtcake au Cacao de Martha Stewart<\/a><\/p>\n<p>\u2026 2 ans: <a href=\"https:\/\/comeconmigo.net\/molly-rose-omber-cake-con-relleno-de-mermelada-de-frambuesa-rosa-nata-montada\/\">Molly Rose Omber Cake garni Chantilly &amp; Confiture de Framboise au Cava<\/a><\/p>\n<p>\u2026 3 ans: <a href=\"https:\/\/comeconmigo.net\/bundtcake-marmolado-al-estilo-red-velvet\/\">BundtCake Marbr\u00e9 fa\u00e7on Red Velvet<\/a><\/p>\n<p>\u2026 4 ans: <a href=\"https:\/\/comeconmigo.net\/blueberry-and-lemon-bundtcake-bundtcake-de-arandanos-y-limon\/\">BundtCake aux Myrtilles &amp; au Citron<\/a><\/p>\n<p>\u2026 5 ans: <a href=\"https:\/\/comeconmigo.net\/?p=644\">Tarte Poisson Framboise &amp; Chocolat<\/a><\/p>\n<p>\u2026 6 ans: <a href=\"https:\/\/comeconmigo.net\/?p=778\">Paella \u00e0 la fa\u00e7on d\u2019un Tajine Marocain<\/a><\/p>\n<p>\u2026 7 ans: <a href=\"https:\/\/comeconmigo.net\/?p=851\">Confiture d\u2019Oranges Douces<\/a><\/p>\n<p>\u2026 8<span lang=\"EN-US\">\u00a0ans:\u00a0<a href=\"https:\/\/comeconmigo.net\/?p=70\">Whipped Cream &amp; Vanilla Bundtcake (Bundtcake \u00e0 la Cr\u00e8me Fouett\u00e9e)<\/a><\/span><\/p>\n<p>\u2026 9 ans: <a href=\"https:\/\/comeconmigo.net\/?p=187\">Cake Ispahan Framboises &amp; Roses de Pierre Herm\u00e9<\/a><\/p>\n<p>\u2026 10 ans: <a href=\"https:\/\/comeconmigo.net\/?p=318\">M\u00eblange Aphrodisiaque de Fruits Secs \u00c9pic\u00e9s<\/a><\/p>\n<p>\u2026 11 ans: <a href=\"https:\/\/comeconmigo.net\/?p=410\">Turbot Sauce Safran &amp; Cava<\/a>[\/vc_column_text][\/vc_column][\/vc_row][vc_row][vc_column width=\u00a0\u00bb1\/4&Prime; css=\u00a0\u00bb.vc_custom_1502280835828{background-color: #fff0dd !important;}\u00a0\u00bb][vc_column_text]<\/p>\n<h3 style=\"text-align: center;\">Pour 6 mini bundtcakes soit 6 cups<\/h3>\n<p style=\"text-align: center;\">50g de farine de ch\u00e2taigne<\/p>\n<p style=\"text-align: center;\">75g de farine de bl\u00e9<\/p>\n<p style=\"text-align: center;\">75g de poudre de noisette<\/p>\n<p style=\"text-align: center;\">3 oeufs<\/p>\n<p style=\"text-align: center;\">125g de sucre roux<\/p>\n<p style=\"text-align: center;\">50g de beurre fondu<\/p>\n<p style=\"text-align: center;\">1 \u00bd cc* de levure chimique<\/p>\n<p style=\"text-align: center;\">1 pinc\u00e9e de sel<\/p>\n<p style=\"text-align: center;\">80g de myrtilles (fra\u00eeches ou surgel\u00e9es \u00e7a marche aussi \u00e7a colore juste diff\u00e9remment la p\u00e2te)<\/p>\n<p>[\/vc_column_text][\/vc_column][vc_column width=\u00a0\u00bb3\/4&Prime; css=\u00a0\u00bb.vc_custom_1502280820239{padding-top: 10px !important;padding-right: 10px !important;padding-bottom: 10px !important;padding-left: 10px !important;}\u00a0\u00bb][vc_column_text]<\/p>\n<p style=\"text-align: center;\">M\u00e9langer la farine de ch\u00e2tagine avec celle de bl\u00e9 et la poudre de noisette, la levure et le sel.<\/p>\n<p style=\"text-align: center;\">Fouetter les oeufs entiers avec le sucre roux jusqu\u2019\u00e0 obtenir une pr\u00e9paration mousseuse et cr\u00e9meuse, de couleur p\u00e2le.<\/p>\n<p style=\"text-align: center;\">Ajouter alors progressivement le beurre fondu en m\u00e9langeant bien.<\/p>\n<p style=\"text-align: center;\">Enfin ajouter \u00e0 vitesse minimum le m\u00e9lange de farines puis \u00e0 la maryse ajouter d\u00e9licatement les myrtilles rinc\u00e9es et s\u00e9ch\u00e9es \u00e0 la p\u00e2te.<\/p>\n<p style=\"text-align: center;\">Graisser des moules (au spray d\u00e9moulant chez nous) et y r\u00e9partir la p\u00e2te. Tapoter d\u00e9licatement le moule pour bien r\u00e9partir la p\u00e2te dans les empreintes et enfourner \u00e0 150\u00ba chaleur tournante pendant 30\/35 minutes selon la taille de vos moules et votre four.<\/p>\n<p style=\"text-align: center;\">V\u00e9rifier la cuisson \u00e0 coeur en piquant avec une brochette et laisser reposer 10 minutes sur une grille avant de d\u00e9mouler pour laisser refroidir\u2026 ou pas!<\/p>\n<p style=\"text-align: center;\">Saupoudrer \u00e9ventuellement de sucre glace avant de se r\u00e9galer!<\/p>\n<p>[\/vc_column_text][vc_column_text]<\/p>\n<p style=\"text-align: center;\"><i>Bon profit!<\/i><\/p>\n<p><em>Quelques informations plus ou moins utiles<\/em><\/p>\n<p>*cc: cuill\u00e8re \u00e0 caf\u00e9<\/p>\n<p>&nbsp;[\/vc_column_text][vc_single_image image=\u00a0\u00bb11028&Prime; alignment=\u00a0\u00bbcenter\u00a0\u00bb][\/vc_column][\/vc_row][vc_row][vc_column][vc_column_text]<\/p>\n<h3>Encore un petit creux\u2026<\/h3>\n<p>[\/vc_column_text][vc_basic_grid post_type=\u00a0\u00bbpost\u00a0\u00bb max_items=\u00a0\u00bb6&Prime; element_width=\u00a0\u00bb2&Prime; gap=\u00a0\u00bb0&Prime; orderby=\u00a0\u00bbrand\u00a0\u00bb item=\u00a0\u00bbbasicGrid_VerticalFlip\u00a0\u00bb grid_id=\u00a0\u00bbvc_gid:1612872060301-ffe29a20-ef1e-8&Prime; taxonomies=\u00a0\u00bb334&Prime;][\/vc_column][\/vc_row]<\/p>\n<p><\/p>","protected":false},"excerpt":{"rendered":"<p>Joyeux Anniversaire ma Petite Princesse!<\/p>\n","protected":false},"author":2,"featured_media":28603,"comment_status":"open","ping_status":"closed","sticky":false,"template":"","format":"standard","meta":[],"categories":[494,399,396,1],"tags":[],"jetpack_featured_media_url":"https:\/\/comeconmigo.net\/wp-content\/uploads\/2021\/02\/Mini-BundtCakes-de-Harina-de-Casta\u00f1a-Ar\u00e1ndanos-5.jpg","_links":{"self":[{"href":"https:\/\/comeconmigo.net\/fr\/wp-json\/wp\/v2\/posts\/28441"}],"collection":[{"href":"https:\/\/comeconmigo.net\/fr\/wp-json\/wp\/v2\/posts"}],"about":[{"href":"https:\/\/comeconmigo.net\/fr\/wp-json\/wp\/v2\/types\/post"}],"author":[{"embeddable":true,"href":"https:\/\/comeconmigo.net\/fr\/wp-json\/wp\/v2\/users\/2"}],"replies":[{"embeddable":true,"href":"https:\/\/comeconmigo.net\/fr\/wp-json\/wp\/v2\/comments?post=28441"}],"version-history":[{"count":0,"href":"https:\/\/comeconmigo.net\/fr\/wp-json\/wp\/v2\/posts\/28441\/revisions"}],"wp:featuredmedia":[{"embeddable":true,"href":"https:\/\/comeconmigo.net\/fr\/wp-json\/wp\/v2\/media\/28603"}],"wp:attachment":[{"href":"https:\/\/comeconmigo.net\/fr\/wp-json\/wp\/v2\/media?parent=28441"}],"wp:term":[{"taxonomy":"category","embeddable":true,"href":"https:\/\/comeconmigo.net\/fr\/wp-json\/wp\/v2\/categories?post=28441"},{"taxonomy":"post_tag","embeddable":true,"href":"https:\/\/comeconmigo.net\/fr\/wp-json\/wp\/v2\/tags?post=28441"}],"curies":[{"name":"wp","href":"https:\/\/api.w.org\/{rel}","templated":true}]}}