{"id":28410,"date":"2021-01-08T08:00:56","date_gmt":"2021-01-08T07:00:56","guid":{"rendered":"http:\/\/comeconmigo.net\/?p=28410"},"modified":"2021-01-07T14:37:07","modified_gmt":"2021-01-07T13:37:07","slug":"las-estrellas-de-enero-pulpo-sepia-calamar-co","status":"publish","type":"post","link":"https:\/\/comeconmigo.net\/fr\/las-estrellas-de-enero-pulpo-sepia-calamar-co\/","title":{"rendered":"LES STARS DU MOIS DE JANVIER: POULPE, SEICHE,CALAMARS &#038; Co"},"content":{"rendered":"<p>[vc_row][vc_column][vc_column_text]Ce mois-ci, apr\u00e8s avoir pas mal r\u00e9fl\u00e9chi, j\u2019ai d\u00e9cid\u00e9 de partager avec vous plut\u00f4t qu\u2019un seul ingr\u00e9dient une famille d\u2019ingr\u00e9dients. Je veux parler de la<a href=\"https:\/\/comeconmigo.net\/fr\/category\/calamar-sipia-pulpo\/\"> famille des poulpes, seiches, calamars et leurs mille variantes<\/a>.<\/p>\n<p>M\u00eame si on a souvent tendance \u00e0 l\u2019oublier, les produits de la mer ont aussi une saison et c\u2019est le cas de cette famille.<\/p>\n<p>J\u2019ai eu du mal \u00e0 faire mon choix parmi les recettes du blog mais finalement j\u2019ai choisi de mettre en avant 2 salades, <a href=\"https:\/\/comeconmigo.net\/ha-llegado-el-calor-tiempo-de-ensaladas-ensalada-de-pulpo-hinojo-y-zanahorias\/\">la premi\u00e8re avec carotte, fenouil et poulpe<\/a> et <a href=\"https:\/\/comeconmigo.net\/aunque-sigamos-con-lluvia-y-todavia-mas-lluvia-es-tiempo-de-ponunaensalada2016-ensalada-de-calamares-y-langostinos-de-mi-amiga-joelle\/\">la deuxi\u00e8me avec jeunes pousses, crevettes et calamars<\/a>.<\/p>\n<p>Pour les accompagner, comment r\u00e9sister \u00e0 de merveilleux et parfum\u00e9s <a href=\"https:\/\/comeconmigo.net\/proyecto-roca-calamares-de-la-romana\/\">calamars \u00e0 la romaine<\/a> (la meilleure des recettes du monde pour cette famille selon Polyanna lol) ou \u00e0 <a href=\"https:\/\/comeconmigo.net\/hamburguesa-casera-de-tinta-con-pulpo-en-salsa-barbacoa\/\">un burger de poulpe sauce barbecue dans un bun \u00e0 l\u2019encre de seiche<\/a>.<\/p>\n<p>Enfin la s\u00e9lection comprend des<a href=\"https:\/\/comeconmigo.net\/escondiendo-verduras-calamares-rellenos-de-verduritas-salteadas-con-jamon-serrano\/\"> calamars farcis aux petits l\u00e9gumes saut\u00e9s au jambon<\/a> (ma farce pr\u00e9f\u00e9r\u00e9e) et le <a href=\"https:\/\/comeconmigo.net\/pulpitos-con-guisantes-chorizo-en-olla-rapida\/\">rago\u00fbt de petits pois aux supions et chorizo \u00e0 la cocotte minute<\/a> parfait les soirs speed.<\/p>\n<p>Alors, comment trouvez-vous la s\u00e9lection du mois de Janvier? Si vous cherchez d\u2019<a href=\"https:\/\/comeconmigo.net\/fr\/category\/calamar-sipia-pulpo\/\">autres recettes avec du poulpe, des calamars et de la seiche c\u2019est par ici<\/a>.<\/p>\n<p>Vous avez l\u2019habitude de consommer ces produits de la mer? Quelles recettes pr\u00e9parez-vous avec?<\/p>\n<p>Bon week-end \u00e0 tous!<\/p>\n<p>[\/vc_column_text][vc_single_image image=\u00a0\u00bb28473&Prime; img_size=\u00a0\u00bb400X600&Prime; alignment=\u00a0\u00bbcenter\u00a0\u00bb][\/vc_column][\/vc_row][vc_row][vc_column width=\u00a0\u00bb7\/12&Prime;][vc_text_separator title=\u00a0\u00bbAujourd&rsquo;hui&#8230;\u00a0\u00bb color=\u00a0\u00bbblack\u00a0\u00bb]\n\t\t\t<section class=\"image-edge\">\n\t\t\t    <div class=\"col-md-6 col-sm-4 p0 col-md-push-6 col-sm-push-8\">\n\t\t\t        <img width=\"1200\" height=\"1200\" src=\"https:\/\/comeconmigo.net\/wp-content\/uploads\/2021\/01\/Calamar-Sepia-Pulpo.jpg\" class=\"mb-xs-24\" alt=\"\" loading=\"lazy\" srcset=\"https:\/\/comeconmigo.net\/wp-content\/uploads\/2021\/01\/Calamar-Sepia-Pulpo.jpg 1200w, https:\/\/comeconmigo.net\/wp-content\/uploads\/2021\/01\/Calamar-Sepia-Pulpo-300x300.jpg 300w, https:\/\/comeconmigo.net\/wp-content\/uploads\/2021\/01\/Calamar-Sepia-Pulpo-1024x1024.jpg 1024w, https:\/\/comeconmigo.net\/wp-content\/uploads\/2021\/01\/Calamar-Sepia-Pulpo-150x150.jpg 150w, https:\/\/comeconmigo.net\/wp-content\/uploads\/2021\/01\/Calamar-Sepia-Pulpo-768x768.jpg 768w, https:\/\/comeconmigo.net\/wp-content\/uploads\/2021\/01\/Calamar-Sepia-Pulpo-60x60.jpg 60w, https:\/\/comeconmigo.net\/wp-content\/uploads\/2021\/01\/Calamar-Sepia-Pulpo-500x500.jpg 500w\" sizes=\"(max-width: 1200px) 100vw, 1200px\" \/>\n\t\t\t    <\/div>\n\t\t\t    <div class=\"container\">\n\t\t\t        <div class=\"col-md-5 col-md-pull-0 col-sm-7 col-sm-pull-4 v-align-transform\">\n\t\t\t            [vc_column_text]<\/p>\n<h3 style=\"text-align: left;\">POULPE, SEICHE,CALAMARS &amp; Co<\/h3>\n<p>[\/vc_column_text]\n\t\t\t        <\/div>\n\t\t\t    <\/div>\n\t\t\t<\/section>\n\t\t[\/vc_column][vc_column width=\u00a0\u00bb5\/12&Prime;][vc_text_separator title=\u00a0\u00bbUn jour comme aujourd&rsquo;hui, il y a\u2026\u00a0\u00bb color=\u00a0\u00bbblack\u00a0\u00bb][vc_column_text]\u2026 1 an: <a href=\"https:\/\/comeconmigo.net\/ensalada-de-col-zanahoria-al-estilo-tailandes\/\">Salade de Chou &amp; Carotte \u00e0 la Tha\u00efe<\/a><\/p>\n<p>\u2026 2 ans: <a href=\"https:\/\/comeconmigo.net\/ensalada-asiatica-de-lombarda-mango\/\">Salade asiatique Chou Rouge &amp; Mangue<\/a><\/p>\n<p>\u2026 3 ans: <a href=\"https:\/\/comeconmigo.net\/galette-de-reyes-con-arandanos-frescos\/\">Galette des Rois aux Myrtilles Fra\u00eeches<\/a><\/p>\n<p>\u2026 4 ans: <a href=\"https:\/\/comeconmigo.net\/fin-oficial-de-las-fiestas-navidenas-y-brujitas-galleteras-infusion-detox\/\">Tisane Detox<\/a><\/p>\n<p>\u2026 5 ans: <a href=\"https:\/\/comeconmigo.net\/?p=659\">Tarte \u00e0 l\u2019Oignon incroyablement d\u00e9licieuse<\/a><\/p>\n<p>\u2026 6 ans: <a href=\"https:\/\/comeconmigo.net\/?p=793\">Galette (sal\u00e9e) Pomme &amp; Potiron<\/a><\/p>\n<p>\u2026 7 ans: <a href=\"https:\/\/comeconmigo.net\/mis-mejores-deseos-para-el-ano-nuevo-y-un-poco-de-fruta-pina-fresca-marinada-con-lima-y-cilantro\/\">Ananas marin\u00e9 au Citron Vert &amp; \u00e0 la Coriandre<\/a><\/p>\n<p>\u2026 8 ans: <a href=\"https:\/\/comeconmigo.net\/?p=85\">Homard Sauce am\u00e9ricaine de ma Maman<\/a><\/p>\n<p>\u2026 9 ans: <a href=\"https:\/\/comeconmigo.net\/retomando-la-rutina-despues-de-las-fiestas-crema-de-lentejas-y-nueces-tostadas\/\">Velout\u00e9 de Lentilles &amp; Noix torr\u00e9fi\u00e9es<\/a><\/p>\n<p>\u2026 10 ans: <a href=\"https:\/\/comeconmigo.net\/?p=329\">Velout\u00e9 de Patates Douces aux \u00c9pices<\/a><\/p>\n<p>\u2026 11 ans: <a href=\"https:\/\/comeconmigo.net\/?p=425\">\u00c6bleskyver ou\u00a0<\/a><a href=\"https:\/\/comeconmigo.net\/empezando-el-ano-con-una-receta-a-la-que-le-tengo-mucho-carino-aebleskyver-o-bolitas-de-manzana-una-especialidad-navidena-danesa\/\">Boulettes aux Pommes danoises<\/a>[\/vc_column_text][\/vc_column][\/vc_row][vc_row][vc_column][vc_basic_grid post_type=\u00a0\u00bbids\u00a0\u00bb element_width=\u00a0\u00bb2&Prime; gap=\u00a0\u00bb0&Prime; item=\u00a0\u00bbmediaGrid_Default\u00a0\u00bb grid_id=\u00a0\u00bbvc_gid:1610026615121-b31414a1-cdfd-1&Prime; include=\u00a0\u00bb454, 752, 731, 597, 24688, 22243&Prime;][vc_basic_grid post_type=\u00a0\u00bbids\u00a0\u00bb gap=\u00a0\u00bb0&Prime; item=\u00a0\u00bbbasicGrid_TextFirst\u00a0\u00bb grid_id=\u00a0\u00bbvc_gid:1610026615122-526dd269-c1c1-2&Prime; include=\u00a0\u00bb454, 752, 731, 597, 24688, 22243&Prime;][vc_basic_grid post_type=\u00a0\u00bbids\u00a0\u00bb gap=\u00a0\u00bb0&Prime; item=\u00a0\u00bbbasicGrid_TextFirst\u00a0\u00bb grid_id=\u00a0\u00bbvc_gid:1610026615123-fb8e178f-a746-0&Prime;][\/vc_column][\/vc_row][vc_row][vc_column][vc_single_image image=\u00a0\u00bb12034&Prime; alignment=\u00a0\u00bbcenter\u00a0\u00bb][vc_column_text]<\/p>\n<h3>Encore un petit creux\u2026<\/h3>\n<p>[\/vc_column_text][vc_basic_grid post_type=\u00a0\u00bbpost\u00a0\u00bb max_items=\u00a0\u00bb6&Prime; element_width=\u00a0\u00bb2&Prime; gap=\u00a0\u00bb0&Prime; orderby=\u00a0\u00bbrand\u00a0\u00bb item=\u00a0\u00bbbasicGrid_VerticalFlip\u00a0\u00bb grid_id=\u00a0\u00bbvc_gid:1610026615124-ce59bcf7-b53c-0&Prime; taxonomies=\u00a0\u00bb336&Prime;][\/vc_column][\/vc_row]<\/p>","protected":false},"excerpt":{"rendered":"<p>D\u00e9licieux, l\u00e9gers et pleins de ressources.<\/p>\n","protected":false},"author":2,"featured_media":28471,"comment_status":"open","ping_status":"closed","sticky":false,"template":"","format":"standard","meta":[],"categories":[336,1,383],"tags":[],"jetpack_featured_media_url":"https:\/\/comeconmigo.net\/wp-content\/uploads\/2021\/01\/Calamar-Sepia-Pulpo.jpg","_links":{"self":[{"href":"https:\/\/comeconmigo.net\/fr\/wp-json\/wp\/v2\/posts\/28410"}],"collection":[{"href":"https:\/\/comeconmigo.net\/fr\/wp-json\/wp\/v2\/posts"}],"about":[{"href":"https:\/\/comeconmigo.net\/fr\/wp-json\/wp\/v2\/types\/post"}],"author":[{"embeddable":true,"href":"https:\/\/comeconmigo.net\/fr\/wp-json\/wp\/v2\/users\/2"}],"replies":[{"embeddable":true,"href":"https:\/\/comeconmigo.net\/fr\/wp-json\/wp\/v2\/comments?post=28410"}],"version-history":[{"count":0,"href":"https:\/\/comeconmigo.net\/fr\/wp-json\/wp\/v2\/posts\/28410\/revisions"}],"wp:featuredmedia":[{"embeddable":true,"href":"https:\/\/comeconmigo.net\/fr\/wp-json\/wp\/v2\/media\/28471"}],"wp:attachment":[{"href":"https:\/\/comeconmigo.net\/fr\/wp-json\/wp\/v2\/media?parent=28410"}],"wp:term":[{"taxonomy":"category","embeddable":true,"href":"https:\/\/comeconmigo.net\/fr\/wp-json\/wp\/v2\/categories?post=28410"},{"taxonomy":"post_tag","embeddable":true,"href":"https:\/\/comeconmigo.net\/fr\/wp-json\/wp\/v2\/tags?post=28410"}],"curies":[{"name":"wp","href":"https:\/\/api.w.org\/{rel}","templated":true}]}}