{"id":27864,"date":"2020-10-05T08:00:11","date_gmt":"2020-10-05T07:00:11","guid":{"rendered":"http:\/\/comeconmigo.net\/?p=27864"},"modified":"2020-10-02T09:37:34","modified_gmt":"2020-10-02T08:37:34","slug":"apagallums-en-salsa-de-almendras","status":"publish","type":"post","link":"https:\/\/comeconmigo.net\/fr\/apagallums-en-salsa-de-almendras\/","title":{"rendered":"COULEMELLES SAUCE AUX AMANDES"},"content":{"rendered":"<p><\/p>\n<p>[vc_row][vc_column][vc_column_text]<a href=\"https:\/\/comeconmigo.net\/el-ingrediente-estrella-del-mes-de-octubre-setas\/\">Je vous en touchais deux mots vendredi dernier<\/a>, l\u2019automne \u00e7a sent bon les <a href=\"https:\/\/comeconmigo.net\/fr\/category\/ceps-setas\/\">champignons<\/a>! Surtout pour ceux qui aiment aller \u00e0 leur poursuite dans les bois. Nous ne sommes pas dans la meilleure r\u00e9gion pour la cueillette mais parfois nous avons de bonnes surprises.<\/p>\n<p>Aujourd\u2019hui par exemple je vous propose une recette de coulemelles qui \u00e9taient particuli\u00e8rement abondantes l\u2019an dernier. Nous ne les connaissions pas mais on a appr\u00e9ci\u00e9 de les d\u00e9couvrir et on compte bien en trouver d\u2019autres cette ann\u00e9e.<\/p>\n<p><a href=\"https:\/\/comeconmigo.net\/wp-content\/uploads\/2020\/10\/Resized_20191012_113107003.jpg\"><img loading=\"lazy\" class=\"size-medium wp-image-28011 aligncenter\" src=\"https:\/\/comeconmigo.net\/wp-content\/uploads\/2020\/10\/Resized_20191012_113107003-225x300.jpg\" alt=\"\" width=\"225\" height=\"300\" srcset=\"https:\/\/comeconmigo.net\/wp-content\/uploads\/2020\/10\/Resized_20191012_113107003-225x300.jpg 225w, https:\/\/comeconmigo.net\/wp-content\/uploads\/2020\/10\/Resized_20191012_113107003.jpg 600w\" sizes=\"(max-width: 225px) 100vw, 225px\" \/><\/a>A leur place, des shiitak\u00e9s ou des champignons de Paris feront l\u2019affaire. Polyanna a r\u00e9sum\u00e9 les choses en une phrase: avec la sauce aux amandes, tout est d\u00e9licieux ;o)<\/p>\n<p>Nous les avons servies avec du riz vapeur et c\u2019\u00e9tait parfait.<\/p>\n<p>Et vous, vous aimez aller aux champignons?\u00a0 Lesquels pr\u00e9f\u00e9rez-vous?<\/p>\n<p>Bonne semaine \u00e0 vous![\/vc_column_text][vc_single_image image=\u00a0\u00bb28010&Prime; img_size=\u00a0\u00bb400&#215;600&Prime; alignment=\u00a0\u00bbcenter\u00a0\u00bb][\/vc_column][\/vc_row][vc_row][vc_column width=\u00a0\u00bb7\/12&Prime;][vc_text_separator title=\u00a0\u00bbAujourd&rsquo;hui&#8230;\u00a0\u00bb color=\u00a0\u00bbblack\u00a0\u00bb]\n\t\t\t<section class=\"image-edge\">\n\t\t\t    <div class=\"col-md-6 col-sm-4 p0 col-md-push-6 col-sm-push-8\">\n\t\t\t        <img width=\"896\" height=\"600\" src=\"https:\/\/comeconmigo.net\/wp-content\/uploads\/2020\/10\/Apagallums-en-Salsa-de-Almendras-13.jpg\" class=\"mb-xs-24\" alt=\"\" loading=\"lazy\" srcset=\"https:\/\/comeconmigo.net\/wp-content\/uploads\/2020\/10\/Apagallums-en-Salsa-de-Almendras-13.jpg 896w, https:\/\/comeconmigo.net\/wp-content\/uploads\/2020\/10\/Apagallums-en-Salsa-de-Almendras-13-300x201.jpg 300w, https:\/\/comeconmigo.net\/wp-content\/uploads\/2020\/10\/Apagallums-en-Salsa-de-Almendras-13-768x514.jpg 768w\" sizes=\"(max-width: 896px) 100vw, 896px\" \/>\n\t\t\t    <\/div>\n\t\t\t    <div class=\"container\">\n\t\t\t        <div class=\"col-md-5 col-md-pull-0 col-sm-7 col-sm-pull-4 v-align-transform\">\n\t\t\t            [vc_column_text]<\/p>\n<h3 style=\"text-align: left;\">COULEMELLES SAUCE AUX AMANDES<\/h3>\n<p>[\/vc_column_text]\n\t\t\t        <\/div>\n\t\t\t    <\/div>\n\t\t\t<\/section>\n\t\t[\/vc_column][vc_column width=\u00a0\u00bb5\/12&Prime;][vc_text_separator title=\u00a0\u00bbUn jour comme aujourd&rsquo;hui, il y a\u2026\u00a0\u00bb color=\u00a0\u00bbblack\u00a0\u00bb][vc_column_text]\u2026 1 an: <a href=\"https:\/\/comeconmigo.net\/mis-recetas-favoritas-para-el-mes-de-octubre-2\/\">Mes recettes pr\u00e9f\u00e9r\u00e9es en Octobre 2<\/a><\/p>\n<p>\u2026 2 ans: <a href=\"https:\/\/comeconmigo.net\/mis-recetas-favoritas-para-el-mes-de-octubre\/\">Mes recettes pr\u00e9f\u00e9r\u00e9es en Octobre<\/a><\/p>\n<p>\u2026 3 ans: <a href=\"https:\/\/comeconmigo.net\/?p=12515\">Meringue aux P\u00e9pites de Chocolat &amp; Gru\u00e9 de Cacao\u00a0<\/a><\/p>\n<p>\u2026 4 ans: <a href=\"https:\/\/comeconmigo.net\/?p=787\">Boulettes de Merluchon &amp; Crevettes aux Pommes de Terre<\/a><\/p>\n<p>\u2026 5 ans: <a href=\"https:\/\/comeconmigo.net\/?p=694\">Tartelettes Pomme Congnac<\/a><\/p>\n<p>\u2026 6 ans: <a href=\"https:\/\/comeconmigo.net\/?p=823\">Tarte Roses aux Pommes<\/a><\/p>\n<p>\u2026 7 ans: <a href=\"https:\/\/comeconmigo.net\/?p=900\">Tarte aux Pommes et \u00e0 l\u2019Huile d\u2019Olive fa\u00e7on Ottolenghi<\/a><\/p>\n<p>\u2026 8 ans: <a href=\"https:\/\/comeconmigo.net\/?p=110\">Yahourt fa\u00e7on Tarte au Citron<\/a><\/p>\n<p>\u2026 9 ans: <a href=\"https:\/\/comeconmigo.net\/?p=236\">Roul\u00e9 de Filet Mignon de Porc \u00e0 l\u2019Emmental &amp; \u00e0 la Sauge<\/a><\/p>\n<p>\u2026 10 ans: <a href=\"https:\/\/comeconmigo.net\/?p=351\">Blettes au Crumble de Jambon<\/a><\/p>\n<p>\u2026 11 ans: <a href=\"https:\/\/comeconmigo.net\/?p=469\">Curry de Crevettes au Yahourt<\/a>[\/vc_column_text][\/vc_column][\/vc_row][vc_row][vc_column width=\u00a0\u00bb1\/4&Prime; css=\u00a0\u00bb.vc_custom_1502280835828{background-color: #fff0dd !important;}\u00a0\u00bb][vc_column_text]<\/p>\n<h3 style=\"text-align: center;\">Pour 4 personnes<\/h3>\n<p style=\"text-align: center;\">6 coulemelles d\u2019environ 15 cm de diam\u00e8tre<\/p>\n<p style=\"text-align: center;\">500ml de bouillon de volaille ou de l\u00e9gumes<\/p>\n<p style=\"text-align: center;\">1 oignon moyen<\/p>\n<p style=\"text-align: center;\">1cc* + 1 cc* d\u2019huile d\u2019olive<\/p>\n<p style=\"text-align: center;\">100ml de vin rance ou de vin blanc sec<\/p>\n<p style=\"text-align: center;\">100g d\u2019amandes grill\u00e9es non sal\u00e9es sans la peau<\/p>\n<p style=\"text-align: center;\">4 petits gressins ou un peu de pain sec<\/p>\n<p style=\"text-align: center;\">5 petites branches de persil<\/p>\n<p style=\"text-align: center;\">Sel, poivre<\/p>\n<p style=\"text-align: center;\">\n<p>[\/vc_column_text][\/vc_column][vc_column width=\u00a0\u00bb3\/4&Prime; css=\u00a0\u00bb.vc_custom_1502280820239{padding-top: 10px !important;padding-right: 10px !important;padding-bottom: 10px !important;padding-left: 10px !important;}\u00a0\u00bb][vc_column_text]<\/p>\n<p style=\"text-align: center;\">Chauffer l\u2019huile d\u2019olive et y faire dorer \u00e0 feu doux l\u2019oignon \u00e9pluch\u00e9 et d\u00e9coup\u00e9e finement avec une pinc\u00e9e de sel. R\u00e9server.<\/p>\n<p style=\"text-align: center;\">Dans une po\u00eale chauffer le reste d\u2019huile \u00e0 feu vif et y ajouter les coulemelles d\u00e9coup\u00e9es en larges lamelles. Cuire \u00e0 feu vif afin de se d\u00e9barrasser de toute l\u2019eau de v\u00e9g\u00e9tation. Quand les coulemelles commencent \u00e0 attacher l\u00e9g\u00e8rement au fond de la po\u00eale, d\u00e9glacer avec le vin rance et laisser \u00e9vaporer.<\/p>\n<p style=\"text-align: center;\">Rassembler les coulemelles d\u00e9glac\u00e9es \u00e0 l\u2019oignon et couvrir avec le bouillon de volaille.<\/p>\n<p style=\"text-align: center;\">Pendant ce temps, \u00e9craser dans un mortier les amandes avec le persil et les minis gressins pour obtenir une p\u00e2te bien fine. Diluer avec un peu de bouillon de cuisson et rajouter dans la cocotte en remuant d\u00e9licatement.<\/p>\n<p style=\"text-align: center;\">Ajuster en sel et poivre et laisser \u00e9paissir la sauce 15\/20 minutes, \u00e0 feu doux et \u00e0 moiti\u00e9 couvert.<\/p>\n<p style=\"text-align: center;\">Laisser reposer 5 minutes hors du feu et servir avec un riz vapeur ou du bon pain pour pouvoir saucer!<\/p>\n<p>[\/vc_column_text][vc_column_text]<\/p>\n<p style=\"text-align: center;\"><i>Bon profit!<\/i><\/p>\n<p><em>Quelques informations plus ou moins utiles<\/em><\/p>\n<p>*cc: cuill\u00e8re \u00e0 caf\u00e9[\/vc_column_text][vc_single_image image=\u00a0\u00bb11028&Prime; alignment=\u00a0\u00bbcenter\u00a0\u00bb][\/vc_column][\/vc_row][vc_row][vc_column][vc_column_text]<\/p>\n<h3>Encore un petit creux\u2026<\/h3>\n<p>[\/vc_column_text][vc_basic_grid post_type=\u00a0\u00bbpost\u00a0\u00bb max_items=\u00a0\u00bb6&Prime; element_width=\u00a0\u00bb2&Prime; gap=\u00a0\u00bb0&Prime; orderby=\u00a0\u00bbrand\u00a0\u00bb item=\u00a0\u00bbbasicGrid_VerticalFlip\u00a0\u00bb grid_id=\u00a0\u00bbvc_gid:1601627617893-01847335-95c8-3&Prime; taxonomies=\u00a0\u00bb245&Prime;][\/vc_column][\/vc_row]<\/p>\n<p><\/p>","protected":false},"excerpt":{"rendered":"<p>C&rsquo;est la saison de la cueillette dans les bois!<\/p>\n","protected":false},"author":2,"featured_media":28008,"comment_status":"open","ping_status":"closed","sticky":false,"template":"","format":"standard","meta":[],"categories":[457,245,1],"tags":[],"jetpack_featured_media_url":"https:\/\/comeconmigo.net\/wp-content\/uploads\/2020\/10\/Apagallums-en-Salsa-de-Almendras-11.jpg","_links":{"self":[{"href":"https:\/\/comeconmigo.net\/fr\/wp-json\/wp\/v2\/posts\/27864"}],"collection":[{"href":"https:\/\/comeconmigo.net\/fr\/wp-json\/wp\/v2\/posts"}],"about":[{"href":"https:\/\/comeconmigo.net\/fr\/wp-json\/wp\/v2\/types\/post"}],"author":[{"embeddable":true,"href":"https:\/\/comeconmigo.net\/fr\/wp-json\/wp\/v2\/users\/2"}],"replies":[{"embeddable":true,"href":"https:\/\/comeconmigo.net\/fr\/wp-json\/wp\/v2\/comments?post=27864"}],"version-history":[{"count":0,"href":"https:\/\/comeconmigo.net\/fr\/wp-json\/wp\/v2\/posts\/27864\/revisions"}],"wp:featuredmedia":[{"embeddable":true,"href":"https:\/\/comeconmigo.net\/fr\/wp-json\/wp\/v2\/media\/28008"}],"wp:attachment":[{"href":"https:\/\/comeconmigo.net\/fr\/wp-json\/wp\/v2\/media?parent=27864"}],"wp:term":[{"taxonomy":"category","embeddable":true,"href":"https:\/\/comeconmigo.net\/fr\/wp-json\/wp\/v2\/categories?post=27864"},{"taxonomy":"post_tag","embeddable":true,"href":"https:\/\/comeconmigo.net\/fr\/wp-json\/wp\/v2\/tags?post=27864"}],"curies":[{"name":"wp","href":"https:\/\/api.w.org\/{rel}","templated":true}]}}