{"id":26479,"date":"2020-03-06T08:00:45","date_gmt":"2020-03-06T07:00:45","guid":{"rendered":"http:\/\/comeconmigo.net\/?p=26479"},"modified":"2020-03-03T15:36:56","modified_gmt":"2020-03-03T14:36:56","slug":"el-ingrediente-estrella-del-mes-de-marzo-frutas-exoticas","status":"publish","type":"post","link":"https:\/\/comeconmigo.net\/fr\/el-ingrediente-estrella-del-mes-de-marzo-frutas-exoticas\/","title":{"rendered":"L\u2019INGR\u00c9DIENT STAR DU MOIS DE MARS: LES FRUITS EXOTIQUES"},"content":{"rendered":"<p><\/p>\n<p>[vc_row][vc_column][vc_column_text]Mais comment est-ce possible? Le printemps est presque l\u00e0\u2026 Peu \u00e0 peu adieu pommes et agrumes et il faudra encore faire preuve de patience pour les premi\u00e8res fraises. Mais dans l\u2019entre-deux, c\u2019est le bon moment pour se r\u00e9galer de fruits exotiques!<\/p>\n<p>Kiwis, mangues, ananas et fruits de la passion sont en pleine saison et leur prix est plus abordable que le reste de l\u2019ann\u00e9e. Alors profitons-en avant de devoir attendre l\u2019hiver prochain.<\/p>\n<p>Bien s\u00fbr, les fruits exotiques sont d\u00e9licieux tels quels, mais ils sont parfaits aussi en cuisine autant en version sucr\u00e9e que sal\u00e9e.<\/p>\n<p>Du coup je vous propose de d\u00e9marrer par une <a href=\"https:\/\/comeconmigo.net\/ensalada-asiatica-de-lombarda-mango\/\">salade de chou rouge et mangue aux accents asiatiques<\/a> puis de continuer avec un <a href=\"https:\/\/comeconmigo.net\/tartar-de-vieiras-fruta-de-la-pasion\/\">tartare de Saint Jacques aux fruits de la passion<\/a>. Ensuite je ne peux que vous recommander une des toutes premi\u00e8res recettes du blog qui continue de faire son petit effet 10 ans plus tard, le <a href=\"https:\/\/comeconmigo.net\/solomillo-de-cerdo-con-pimientos-morrones-confitados-y-pina\/\">filet mignon de porc sur son lit de poivrons confits et ananas<\/a>.<\/p>\n<p>Pour les becs sucr\u00e9s, la <a href=\"https:\/\/comeconmigo.net\/mermelada-de-kiwi-fruta-de-la-pasion\/\">confiture de kiwi et fruit de la passion<\/a> a un bon petit go\u00fbt de vacances, les <a href=\"https:\/\/comeconmigo.net\/islas-flotantes-de-mango-fruta-de-la-pasion\/\">\u00eeles flottantes revisit\u00e9es<\/a> sont un succ\u00e8s garanti et si vous me demandez quel est mon dessert l\u00e9ger et gourmand pr\u00e9f\u00e9r\u00e9 je vous r\u00e9pondrai sans h\u00e9siter <a href=\"https:\/\/comeconmigo.net\/pina-asada-con-ron-sirope-de-arce\/\">l\u2019ananas r\u00f4ti au sirop d\u2019\u00e9rable et \u00e0 la vanille<\/a>.<\/p>\n<p>Et vous, aimez-vous les fruits exotiques? Comment les cuisinez-vous?<\/p>\n<p>Bon mois de Mars \u00e0 tous![\/vc_column_text][vc_single_image image=\u00a0\u00bb26589&Prime; img_size=\u00a0\u00bb400X600&Prime; alignment=\u00a0\u00bbcenter\u00a0\u00bb][\/vc_column][\/vc_row][vc_row][vc_column width=\u00a0\u00bb7\/12&Prime;][vc_text_separator title=\u00a0\u00bbAujourd&rsquo;hui&#8230;\u00a0\u00bb color=\u00a0\u00bbblack\u00a0\u00bb]\n\t\t\t<section class=\"image-edge\">\n\t\t\t    <div class=\"col-md-6 col-sm-4 p0 col-md-push-6 col-sm-push-8\">\n\t\t\t        <img width=\"1200\" height=\"1200\" src=\"https:\/\/comeconmigo.net\/wp-content\/uploads\/2020\/03\/Favoritas-Marzo-2020.jpg\" class=\"mb-xs-24\" alt=\"\" loading=\"lazy\" srcset=\"https:\/\/comeconmigo.net\/wp-content\/uploads\/2020\/03\/Favoritas-Marzo-2020.jpg 1200w, https:\/\/comeconmigo.net\/wp-content\/uploads\/2020\/03\/Favoritas-Marzo-2020-300x300.jpg 300w, https:\/\/comeconmigo.net\/wp-content\/uploads\/2020\/03\/Favoritas-Marzo-2020-1024x1024.jpg 1024w, https:\/\/comeconmigo.net\/wp-content\/uploads\/2020\/03\/Favoritas-Marzo-2020-150x150.jpg 150w, https:\/\/comeconmigo.net\/wp-content\/uploads\/2020\/03\/Favoritas-Marzo-2020-768x768.jpg 768w, https:\/\/comeconmigo.net\/wp-content\/uploads\/2020\/03\/Favoritas-Marzo-2020-60x60.jpg 60w, https:\/\/comeconmigo.net\/wp-content\/uploads\/2020\/03\/Favoritas-Marzo-2020-500x500.jpg 500w\" sizes=\"(max-width: 1200px) 100vw, 1200px\" \/>\n\t\t\t    <\/div>\n\t\t\t    <div class=\"container\">\n\t\t\t        <div class=\"col-md-5 col-md-pull-0 col-sm-7 col-sm-pull-4 v-align-transform\">\n\t\t\t            [vc_column_text]<\/p>\n<h3 style=\"text-align: left;\">FRUITS EXOTIQUES<\/h3>\n<p>[\/vc_column_text]\n\t\t\t        <\/div>\n\t\t\t    <\/div>\n\t\t\t<\/section>\n\t\t[\/vc_column][vc_column width=\u00a0\u00bb5\/12&Prime;][vc_text_separator title=\u00a0\u00bbUn jour comme aujourd&rsquo;hui, il y a\u2026\u00a0\u00bb color=\u00a0\u00bbblack\u00a0\u00bb][vc_column_text]\u2026 1 an: <a href=\"https:\/\/comeconmigo.net\/pan-pita-expres-sin-levadura-sin-reposo-en-sarten\/\">Pain pita express sans levure, sans lev\u00e9e, \u00e0 la po\u00eale<\/a><\/p>\n<p>\u2026 2 ans: <a href=\"https:\/\/comeconmigo.net\/coliflor-con-salsa-alla-puttanesca\/\">Chou-Fleur \u00e0 la Sauce Puttanesca<\/a><\/p>\n<p>\u2026 3 ans: <a href=\"https:\/\/wp.me\/p9bheG-2yf\">Velout\u00e9 de L\u00e9gumes Verts<\/a><\/p>\n<p>\u2026 4 ans: <a href=\"https:\/\/comeconmigo.net\/?p=633\">Endives gratin\u00e9es au Jambon sec fa\u00e7on Ottolenghi<\/a><\/p>\n<p>\u2026 5 ans: <a href=\"https:\/\/comeconmigo.net\/?p=768\">Velout\u00e9 de Fenouil &amp; Brocoli<\/a><\/p>\n<p>\u2026 6 ans: <a href=\"https:\/\/comeconmigo.net\/?p=842\">Tarte sal\u00e9e Potiron, Ricotta &amp; Pistou<\/a><\/p>\n<p>\u2026 7 ans: <a href=\"https:\/\/comeconmigo.net\/?p=62\">La Tarte au Citron (presque) glac\u00e9e de ma Grand-M\u00e8re<\/a><\/p>\n<p>\u2026 8 ans: <a href=\"https:\/\/comeconmigo.net\/?p=180\">Betterave en Cro\u00fbte de Sel<\/a><\/p>\n<p>\u2026 9 ans: <a href=\"https:\/\/comeconmigo.net\/?p=307\">Flan Pudding aux Pommes &amp; au Sirop d\u2019Erable<\/a><\/p>\n<p>\u2026 10 ans: <a href=\"https:\/\/comeconmigo.net\/?p=399\">Yahourt Verveine &amp; Miel<\/a>[\/vc_column_text][\/vc_column][\/vc_row][vc_row][vc_column][vc_basic_grid post_type=\u00a0\u00bbids\u00a0\u00bb element_width=\u00a0\u00bb2&Prime; gap=\u00a0\u00bb0&Prime; item=\u00a0\u00bbmediaGrid_Default\u00a0\u00bb grid_id=\u00a0\u00bbvc_gid:1583246021301-da3447fc-7e2c-4&Prime; include=\u00a0\u00bb409, 25471, 22165, 22234, 25822, 13413&Prime;][vc_basic_grid post_type=\u00a0\u00bbids\u00a0\u00bb gap=\u00a0\u00bb0&Prime; item=\u00a0\u00bbbasicGrid_TextFirst\u00a0\u00bb grid_id=\u00a0\u00bbvc_gid:1583246021302-219decc3-0206-8&Prime; include=\u00a0\u00bb409, 25471, 22165, 22234, 25822, 13413&Prime;][\/vc_column][\/vc_row][vc_row][vc_column][vc_single_image image=\u00a0\u00bb12034&Prime; alignment=\u00a0\u00bbcenter\u00a0\u00bb][vc_column_text]<\/p>\n<h3>Encore un petit creux\u2026<\/h3>\n<p>[\/vc_column_text][vc_basic_grid post_type=\u00a0\u00bbpost\u00a0\u00bb max_items=\u00a0\u00bb6&Prime; element_width=\u00a0\u00bb2&Prime; gap=\u00a0\u00bb0&Prime; orderby=\u00a0\u00bbrand\u00a0\u00bb item=\u00a0\u00bbbasicGrid_VerticalFlip\u00a0\u00bb grid_id=\u00a0\u00bbvc_gid:1583246021305-6c7ab2ae-fa12-4&Prime; taxonomies=\u00a0\u00bb383&Prime;][\/vc_column][\/vc_row]<\/p>\n<p><\/p>","protected":false},"excerpt":{"rendered":"<p>D\u00e9licieux et color\u00e9s.<\/p>\n","protected":false},"author":2,"featured_media":26587,"comment_status":"open","ping_status":"closed","sticky":false,"template":"","format":"standard","meta":[],"categories":[493,1,492,452,362,383],"tags":[],"jetpack_featured_media_url":"https:\/\/comeconmigo.net\/wp-content\/uploads\/2020\/03\/Favoritas-Marzo-2020.jpg","_links":{"self":[{"href":"https:\/\/comeconmigo.net\/fr\/wp-json\/wp\/v2\/posts\/26479"}],"collection":[{"href":"https:\/\/comeconmigo.net\/fr\/wp-json\/wp\/v2\/posts"}],"about":[{"href":"https:\/\/comeconmigo.net\/fr\/wp-json\/wp\/v2\/types\/post"}],"author":[{"embeddable":true,"href":"https:\/\/comeconmigo.net\/fr\/wp-json\/wp\/v2\/users\/2"}],"replies":[{"embeddable":true,"href":"https:\/\/comeconmigo.net\/fr\/wp-json\/wp\/v2\/comments?post=26479"}],"version-history":[{"count":0,"href":"https:\/\/comeconmigo.net\/fr\/wp-json\/wp\/v2\/posts\/26479\/revisions"}],"wp:featuredmedia":[{"embeddable":true,"href":"https:\/\/comeconmigo.net\/fr\/wp-json\/wp\/v2\/media\/26587"}],"wp:attachment":[{"href":"https:\/\/comeconmigo.net\/fr\/wp-json\/wp\/v2\/media?parent=26479"}],"wp:term":[{"taxonomy":"category","embeddable":true,"href":"https:\/\/comeconmigo.net\/fr\/wp-json\/wp\/v2\/categories?post=26479"},{"taxonomy":"post_tag","embeddable":true,"href":"https:\/\/comeconmigo.net\/fr\/wp-json\/wp\/v2\/tags?post=26479"}],"curies":[{"name":"wp","href":"https:\/\/api.w.org\/{rel}","templated":true}]}}