{"id":25480,"date":"2020-01-29T08:00:13","date_gmt":"2020-01-29T07:00:13","guid":{"rendered":"http:\/\/comeconmigo.net\/?p=25480"},"modified":"2020-01-28T14:43:41","modified_gmt":"2020-01-28T13:43:41","slug":"bocaditos-tiernos-de-atun","status":"publish","type":"post","link":"https:\/\/comeconmigo.net\/fr\/bocaditos-tiernos-de-atun\/","title":{"rendered":"PETITES BOUCH\u00c9ES FONDANTES AU THON"},"content":{"rendered":"<p>[vc_row][vc_column][vc_column_text]Aujourd\u2019hui je vous propose une recette on ne peut plus simple et d\u00e9licieuse. Elle peut tout autant \u00eatre au centre d\u2019un d\u00eener l\u00e9ger avec <a href=\"https:\/\/comeconmigo.net\/ensalada-de-invierno-colorida-con-naranjas\/\">une belle salade de saison comme celle-l\u00e0<\/a> que s\u2019inviter \u00e0 un ap\u00e9ro d\u00e9coup\u00e9e en bouch\u00e9es. Au printemps, c\u2019est un classique de nos pique-niques car les enfants adorent et n\u2019en laissent pas une miette.<\/p>\n<p>Pour parfumer nos petites bouch\u00e9es, \u00a0j\u2019ai utilis\u00e9 de la pebrella (thymus piperella), une vari\u00e9t\u00e9 de thym propre \u00e0 la region d\u2019Alicante que nous adorons, cadeau de Lola et Jorge (comme les pommes perellons de <a href=\"https:\/\/comeconmigo.net\/mermelada-de-perellons-cognac\/\">cette confiture<\/a>).<\/p>\n<p>Mais pas de panique, du thym classique ou de l\u2019origan feront tr\u00e8s bien l\u2019affaire ;o)<\/p>\n<p>\u00c7a vous tente, une petite bouch\u00e9e?<\/p>\n<p>Bon mercredi![\/vc_column_text][vc_single_image image=\u00a0\u00bb25794&Prime; img_size=\u00a0\u00bb400&#215;600&Prime; alignment=\u00a0\u00bbcenter\u00a0\u00bb][\/vc_column][\/vc_row][vc_row][vc_column width=\u00a0\u00bb7\/12&Prime;][vc_text_separator title=\u00a0\u00bbAujourd&rsquo;hui&#8230;\u00a0\u00bb color=\u00a0\u00bbblack\u00a0\u00bb]\n\t\t\t<section class=\"image-edge\">\n\t\t\t    <div class=\"col-md-6 col-sm-4 p0 col-md-push-6 col-sm-push-8\">\n\t\t\t        <img width=\"896\" height=\"600\" src=\"https:\/\/comeconmigo.net\/wp-content\/uploads\/2020\/01\/Bocaditos-tiernos-de-At\u00fan-14.jpg\" class=\"mb-xs-24\" alt=\"\" loading=\"lazy\" srcset=\"https:\/\/comeconmigo.net\/wp-content\/uploads\/2020\/01\/Bocaditos-tiernos-de-At\u00fan-14.jpg 896w, https:\/\/comeconmigo.net\/wp-content\/uploads\/2020\/01\/Bocaditos-tiernos-de-At\u00fan-14-300x201.jpg 300w, https:\/\/comeconmigo.net\/wp-content\/uploads\/2020\/01\/Bocaditos-tiernos-de-At\u00fan-14-768x514.jpg 768w\" sizes=\"(max-width: 896px) 100vw, 896px\" \/>\n\t\t\t    <\/div>\n\t\t\t    <div class=\"container\">\n\t\t\t        <div class=\"col-md-5 col-md-pull-0 col-sm-7 col-sm-pull-4 v-align-transform\">\n\t\t\t            [vc_column_text]<\/p>\n<h3 style=\"text-align: left;\">PETITES BOUCH\u00c9ES FONDANTES AU THON<\/h3>\n<p>[\/vc_column_text]\n\t\t\t        <\/div>\n\t\t\t    <\/div>\n\t\t\t<\/section>\n\t\t[\/vc_column][vc_column width=\u00a0\u00bb5\/12&Prime;][vc_text_separator title=\u00a0\u00bbUn jour comme aujourd&rsquo;hui, il y a\u2026\u00a0\u00bb color=\u00a0\u00bbblack\u00a0\u00bb][vc_column_text]\u2026 1 an: <a href=\"https:\/\/comeconmigo.net\/mermelada-de-kiwi-fruta-de-la-pasion\/\">Confiture Kiwi &amp; Fruits de la Passion<\/a><\/p>\n<p>\u2026 2 ans: <a href=\"https:\/\/comeconmigo.net\/tarta-de-acelgas-jamon\/\">Tarte aux Blettes &amp; au Jambon Sec<\/a><\/p>\n<p>\u2026 3 ans: <a href=\"https:\/\/comeconmigo.net\/?p=515\">Cr\u00eapes au Sarrasin &amp; Epinards, garniture Pois Chiches &amp; Pommes<\/a><\/p>\n<p>\u2026 4 ans: <a href=\"https:\/\/comeconmigo.net\/?p=650\">Layer Cake ou G\u00e2teau de Cr\u00eapes \u00e0 la Confiture d\u2019Abricots, Romarin et Ganache Chocolat<\/a><\/p>\n<p>\u2026 5 ans: <a href=\"https:\/\/comeconmigo.net\/?p=784\">Galette au Sarracin farcie aux Champignons (sans gluten)<\/a><\/p>\n<p>\u2026 6 ans: <a href=\"https:\/\/comeconmigo.net\/?p=856\">Terrine de Cr\u00eapes &amp; Pommes \u00e0 la Chantilly Caramel Sal\u00e9<\/a><\/p>\n<p>\u2026 7 ans: <a href=\"https:\/\/comeconmigo.net\/?p=76\">Yahourt au Turr\u00f3n Mou<\/a><\/p>\n<p>\u2026 8 ans: <a href=\"https:\/\/comeconmigo.net\/?p=192\">Cr\u00eapes au Cacao<\/a><\/p>\n<p>\u2026 9 ans: <a href=\"https:\/\/comeconmigo.net\/?p=322\">Galette Bretonne Compl\u00e8te au Sarrasin (sans gluten)<\/a><\/p>\n<p>\u2026 10 ans: <a href=\"https:\/\/comeconmigo.net\/?p=416\">Notre Pain Quotidien aux Deux Farines d\u2019\u00c9peautre<\/a>[\/vc_column_text][\/vc_column][\/vc_row][vc_row][vc_column width=\u00a0\u00bb1\/4&Prime; css=\u00a0\u00bb.vc_custom_1502280835828{background-color: #fff0dd !important;}\u00a0\u00bb][vc_column_text]<\/p>\n<h3 style=\"text-align: center;\">Pour 4\/8 personnes<\/h3>\n<p style=\"text-align: center;\">210g de thon en bo\u00eete bien \u00e9goutt\u00e9 (moiti\u00e9 \u00e0 l\u2019huile et moiti\u00e9 au naturel pour nous)<\/p>\n<p style=\"text-align: center;\">150g de fromage frais l\u00e9ger type Philadelphia<\/p>\n<p style=\"text-align: center;\">3 oeufs<\/p>\n<p style=\"text-align: center;\">45g de fromage r\u00e2p\u00e9 genre Emmental<\/p>\n<p style=\"text-align: center;\">\u00bc cc* de pebrella (ou de thym ou d\u2019origan)<\/p>\n<p style=\"text-align: center;\">Sel, poivre<\/p>\n<p>[\/vc_column_text][\/vc_column][vc_column width=\u00a0\u00bb3\/4&Prime; css=\u00a0\u00bb.vc_custom_1502280820239{padding-top: 10px !important;padding-right: 10px !important;padding-bottom: 10px !important;padding-left: 10px !important;}\u00a0\u00bb][vc_column_text]<\/p>\n<p style=\"text-align: center;\">Fouetter les oeufs avec le sel, le poivre et la pebrella. Ajouter le fromage frais et bien fouetter. Terminer en ajoutant le fromage r\u00e2p\u00e9 et le thon \u00e9miett\u00e9. Bien m\u00e9langer et verser dans un moule \u00e0 cake (ou dans des cakes individuels) pr\u00e9alablement graiss\u00e9.<\/p>\n<p style=\"text-align: center;\">Enfourner \u00e0 180\u00ba chaleur tournante entre 20 et 30 minutes selon la taille de vos moules. V\u00e9rifier la cuisson en piquant avec une brochette qui doit ressortir juste humide.<\/p>\n<p style=\"text-align: center;\">Laisser ti\u00e9dir hors du four et d\u00e9mouler.<\/p>\n<p style=\"text-align: center;\">Ces petites bouch\u00e9es sont tout aussi d\u00e9licieuses ti\u00e8des que bien froides \u00e0 l\u2019ap\u00e9ro.<\/p>\n<p style=\"text-align: center;\">En tranches comme entr\u00e9e c\u2019est top avec une salade de saison.<\/p>\n<p>[\/vc_column_text][vc_column_text]<\/p>\n<p style=\"text-align: center;\"><i>Bon profit!<\/i><\/p>\n<p><em>Quelques informations plus ou moins utiles<\/em><\/p>\n<p>*cc: cuill\u00e8re \u00e0 caf\u00e9[\/vc_column_text][vc_single_image image=\u00a0\u00bb11028&Prime; alignment=\u00a0\u00bbcenter\u00a0\u00bb][\/vc_column][\/vc_row][vc_row][vc_column][vc_column_text]<\/p>\n<h3>Encore un petit creux\u2026<\/h3>\n<p>[\/vc_column_text][vc_basic_grid post_type=\u00a0\u00bbpost\u00a0\u00bb max_items=\u00a0\u00bb6&Prime; element_width=\u00a0\u00bb2&Prime; gap=\u00a0\u00bb0&Prime; orderby=\u00a0\u00bbrand\u00a0\u00bb item=\u00a0\u00bbbasicGrid_VerticalFlip\u00a0\u00bb grid_id=\u00a0\u00bbvc_gid:1580218745529-7b974dcf-bd83-1&Prime; taxonomies=\u00a0\u00bb329&Prime;][\/vc_column][\/vc_row]<\/p>","protected":false},"excerpt":{"rendered":"<p>Simple et tr\u00e8\u00e8\u00e8\u00e8s bon ;o)<\/p>\n","protected":false},"author":2,"featured_media":25791,"comment_status":"open","ping_status":"closed","sticky":false,"template":"","format":"standard","meta":[],"categories":[329,1,271],"tags":[],"jetpack_featured_media_url":"https:\/\/comeconmigo.net\/wp-content\/uploads\/2020\/01\/Bocaditos-tiernos-de-At\u00fan-7.jpg","_links":{"self":[{"href":"https:\/\/comeconmigo.net\/fr\/wp-json\/wp\/v2\/posts\/25480"}],"collection":[{"href":"https:\/\/comeconmigo.net\/fr\/wp-json\/wp\/v2\/posts"}],"about":[{"href":"https:\/\/comeconmigo.net\/fr\/wp-json\/wp\/v2\/types\/post"}],"author":[{"embeddable":true,"href":"https:\/\/comeconmigo.net\/fr\/wp-json\/wp\/v2\/users\/2"}],"replies":[{"embeddable":true,"href":"https:\/\/comeconmigo.net\/fr\/wp-json\/wp\/v2\/comments?post=25480"}],"version-history":[{"count":0,"href":"https:\/\/comeconmigo.net\/fr\/wp-json\/wp\/v2\/posts\/25480\/revisions"}],"wp:featuredmedia":[{"embeddable":true,"href":"https:\/\/comeconmigo.net\/fr\/wp-json\/wp\/v2\/media\/25791"}],"wp:attachment":[{"href":"https:\/\/comeconmigo.net\/fr\/wp-json\/wp\/v2\/media?parent=25480"}],"wp:term":[{"taxonomy":"category","embeddable":true,"href":"https:\/\/comeconmigo.net\/fr\/wp-json\/wp\/v2\/categories?post=25480"},{"taxonomy":"post_tag","embeddable":true,"href":"https:\/\/comeconmigo.net\/fr\/wp-json\/wp\/v2\/tags?post=25480"}],"curies":[{"name":"wp","href":"https:\/\/api.w.org\/{rel}","templated":true}]}}