{"id":25463,"date":"2020-01-10T08:00:53","date_gmt":"2020-01-10T07:00:53","guid":{"rendered":"http:\/\/comeconmigo.net\/?p=25463"},"modified":"2020-01-07T13:17:35","modified_gmt":"2020-01-07T12:17:35","slug":"el-ingrediente-estrella-del-mes-de-enero-citricos","status":"publish","type":"post","link":"https:\/\/comeconmigo.net\/fr\/el-ingrediente-estrella-del-mes-de-enero-citricos\/","title":{"rendered":"L\u2019INGR\u00c9DIENT STAR DU MOIS DE JANVIER: LES AGRUMES"},"content":{"rendered":"<p>[vc_row][vc_column][vc_column_text]Apr\u00e8s les f\u00eates, nous voulions mettre \u00e0 l\u2019honneur un ingr\u00e9dient bien de saison m\u00eame si on a tendance \u00e0 l\u2019oublier du fait de sa pr\u00e9sence permanente sur les \u00e9tals de nos march\u00e9s. Je veux bien s\u00fbr parler des agrumes! Oranges, citrons, pamplemousses, mandarines,\u2026 On les adore!<\/p>\n<p>A la maison on les mange tels quels mais on en profite aussi largement en cuisine autant dans des plats sal\u00e9s que dans des desserts. Du coup j\u2019ai eu beaucoup de mal \u00e0 n\u2019en retenir que 6, 3 sal\u00e9s et 3 sucr\u00e9s.<\/p>\n<p>Qui n\u2019a jamais go\u00fbt\u00e9 des <a href=\"https:\/\/comeconmigo.net\/limones-rellenos-de-mozzarella-y-tomates-secos-y-pasta-al-limon\/\">citrons farcis \u00e0 la mozzarella<\/a> dans le plus pur style italien ne sait pas ce qu\u2019il perd. Et qui veut garder la ligne en se faisant plaisir doit absolument go\u00fbter au <a href=\"https:\/\/comeconmigo.net\/caballa-marinada-con-citricos\/\">maquereau marin\u00e9 aux agrumes<\/a>. D\u2019ailleurs il serait dommage de passer \u00e0 c\u00f4t\u00e9 de la <a href=\"https:\/\/comeconmigo.net\/descubriendo-sabores-ensalada-de-naranja-con-vinagreta-de-cafe-salmon-marinado-con-cafe\/\">salade d\u2019orange et saumon marin\u00e9 au caf\u00e9<\/a> qui r\u00e9jouit bien des d\u00eeners d\u2019hiver ;o)<\/p>\n<p>Si on part c\u00f4t\u00e9 sucr\u00e9, je ne peux bien s\u00fbr pas ne pas vous reparler encore du <a href=\"https:\/\/comeconmigo.net\/souffle-helado-de-naranja-y-grand-marnier\/\">souffl\u00e9 \u00e0 l\u2019orange<\/a> auquel je suis accro depuis plus de 10 ans et de la <a href=\"https:\/\/comeconmigo.net\/tarta-de-limon-lenotre-con-merengue-italiano\/\">tarte au citron &amp; meringue italienne<\/a> qui est un de mes premiers essais en p\u00e2tisserie il y a plus de 20 ans et qui fait encore aujourd\u2019hui partie de mes best of! Et comme les f\u00eates ne sont pas loin, je me suis dit qu\u2019une <a href=\"https:\/\/comeconmigo.net\/un-postre-ligero-y-refrescante-antes-de-que-se-acaben-las-mandarinas-macedonia-de-mandarinas-y-albahaca\/\">petite salade de mandarines au basilic<\/a> ne nous ferait pas de mal non plus, tout en fra\u00eecheur et en l\u00e9g\u00e8ret\u00e9.<\/p>\n<p>Alors, elle vous pla\u00eet notre s\u00e9lection autour des produits star du mois? Quelle est votre recette star avec des agrumes?<\/p>\n<p>Et bien s\u00fbr, si vous les aimez les agrumes, vous trouverez <a href=\"https:\/\/comeconmigo.net\/fr\/category\/citricos\/\">ici toutes les recettes du blog avec des agrumes<\/a> :o)<\/p>\n<p>Bon mois de Janvier \u00e0 tous![\/vc_column_text][vc_single_image image=\u00a0\u00bb25554&Prime; img_size=\u00a0\u00bb400X600&Prime; alignment=\u00a0\u00bbcenter\u00a0\u00bb][\/vc_column][\/vc_row][vc_row][vc_column width=\u00a0\u00bb7\/12&Prime;][vc_text_separator title=\u00a0\u00bbAujourd&rsquo;hui&#8230;\u00a0\u00bb color=\u00a0\u00bbblack\u00a0\u00bb]\n\t\t\t<section class=\"image-edge\">\n\t\t\t    <div class=\"col-md-6 col-sm-4 p0 col-md-push-6 col-sm-push-8\">\n\t\t\t        <img width=\"1200\" height=\"1200\" src=\"https:\/\/comeconmigo.net\/wp-content\/uploads\/2020\/01\/Estrella-C\u00edtricos.jpg\" class=\"mb-xs-24\" alt=\"\" loading=\"lazy\" srcset=\"https:\/\/comeconmigo.net\/wp-content\/uploads\/2020\/01\/Estrella-C\u00edtricos.jpg 1200w, https:\/\/comeconmigo.net\/wp-content\/uploads\/2020\/01\/Estrella-C\u00edtricos-150x150.jpg 150w, https:\/\/comeconmigo.net\/wp-content\/uploads\/2020\/01\/Estrella-C\u00edtricos-300x300.jpg 300w, https:\/\/comeconmigo.net\/wp-content\/uploads\/2020\/01\/Estrella-C\u00edtricos-768x768.jpg 768w, https:\/\/comeconmigo.net\/wp-content\/uploads\/2020\/01\/Estrella-C\u00edtricos-1024x1024.jpg 1024w, https:\/\/comeconmigo.net\/wp-content\/uploads\/2020\/01\/Estrella-C\u00edtricos-60x60.jpg 60w, https:\/\/comeconmigo.net\/wp-content\/uploads\/2020\/01\/Estrella-C\u00edtricos-500x500.jpg 500w\" sizes=\"(max-width: 1200px) 100vw, 1200px\" \/>\n\t\t\t    <\/div>\n\t\t\t    <div class=\"container\">\n\t\t\t        <div class=\"col-md-5 col-md-pull-0 col-sm-7 col-sm-pull-4 v-align-transform\">\n\t\t\t            [vc_column_text]<\/p>\n<h3 style=\"text-align: left;\">AGRUMES<\/h3>\n<p>[\/vc_column_text]\n\t\t\t        <\/div>\n\t\t\t    <\/div>\n\t\t\t<\/section>\n\t\t[\/vc_column][vc_column width=\u00a0\u00bb5\/12&Prime;][vc_text_separator title=\u00a0\u00bbUn jour comme aujourd&rsquo;hui, il y a\u2026\u00a0\u00bb color=\u00a0\u00bbblack\u00a0\u00bb][vc_column_text]\u2026 1 an: <a href=\"https:\/\/comeconmigo.net\/mis-recetas-favoritas-para-el-mes-de-enero\/\">Mes recettes pr\u00e9f\u00e9r\u00e9es en Janvier<\/a><\/p>\n<p>\u2026 2 ans: <a href=\"https:\/\/comeconmigo.net\/top6-mis-recetas-favoritas-para-empezar-el-ano\/\">TOP6 Mes Recettes pr\u00e9f\u00e9r\u00e9es pour D\u00e9marrer l\u2019ann\u00e9e<\/a><\/p>\n<p>\u2026 3 ans: <a href=\"https:\/\/comeconmigo.net\/?p=522\">Muffins fa\u00e7on pain d\u2019\u00e9pices aux Farines de Ch\u00e2taigne &amp; de Seigle<\/a><\/p>\n<p>\u2026 4 ans: <a href=\"https:\/\/comeconmigo.net\/?p=657\">Confiture d\u2019Orange &amp; Grand Marnier<\/a><\/p>\n<p>\u2026 5 ans: <a href=\"https:\/\/comeconmigo.net\/?p=791\">Pastasotto au bouillon de No\u00ebl<\/a><\/p>\n<p>\u2026 6 ans: <a href=\"https:\/\/comeconmigo.net\/?p=864\">Pappa al pomodoro<\/a><\/p>\n<p>\u2026 7 ans: <a href=\"https:\/\/comeconmigo.net\/?p=83\">Saint Jacques pan\u00e9es au poivre d\u2019agrumes<\/a><\/p>\n<p>\u2026 8 ans: <a href=\"https:\/\/comeconmigo.net\/?p=199\">Quiche au Jambon &amp; aux Asperges Vertes<\/a><\/p>\n<p>\u2026 9 ans: <a href=\"https:\/\/comeconmigo.net\/?p=328\">Sorbet Orange &amp; Basilic<\/a><\/p>\n<p>\u2026 10 ans: <a href=\"https:\/\/comeconmigo.net\/?p=423\">Petits roul\u00e9s de Poulet aux Fruits Secs<\/a>[\/vc_column_text][\/vc_column][\/vc_row][vc_row][vc_column][vc_basic_grid post_type=\u00a0\u00bbids\u00a0\u00bb element_width=\u00a0\u00bb2&Prime; gap=\u00a0\u00bb0&Prime; item=\u00a0\u00bbmediaGrid_Default\u00a0\u00bb grid_id=\u00a0\u00bbvc_gid:1578399325850-1e806555-76bd-3&Prime; include=\u00a0\u00bb11146, 22251, 836, 674, 176, 9971&Prime;][vc_basic_grid post_type=\u00a0\u00bbids\u00a0\u00bb gap=\u00a0\u00bb0&Prime; item=\u00a0\u00bbbasicGrid_TextFirst\u00a0\u00bb grid_id=\u00a0\u00bbvc_gid:1578399325852-68d27375-5cd8-1&Prime; include=\u00a0\u00bb11146, 22251, 836, 674, 176, 9971&Prime;][\/vc_column][\/vc_row][vc_row][vc_column][vc_single_image image=\u00a0\u00bb12034&Prime; alignment=\u00a0\u00bbcenter\u00a0\u00bb][vc_column_text]<\/p>\n<h3>Encore un petit creux\u2026<\/h3>\n<p>[\/vc_column_text][vc_basic_grid post_type=\u00a0\u00bbpost\u00a0\u00bb max_items=\u00a0\u00bb6&Prime; element_width=\u00a0\u00bb2&Prime; gap=\u00a0\u00bb0&Prime; orderby=\u00a0\u00bbrand\u00a0\u00bb item=\u00a0\u00bbbasicGrid_VerticalFlip\u00a0\u00bb grid_id=\u00a0\u00bbvc_gid:1578399325855-d1899929-a3bc-7&Prime; taxonomies=\u00a0\u00bb367&Prime;][\/vc_column][\/vc_row]<\/p>","protected":false},"excerpt":{"rendered":"<p>A fond les agrumes!<\/p>\n","protected":false},"author":2,"featured_media":25552,"comment_status":"open","ping_status":"closed","sticky":false,"template":"","format":"standard","meta":[],"categories":[367,1,383],"tags":[],"jetpack_featured_media_url":"https:\/\/comeconmigo.net\/wp-content\/uploads\/2020\/01\/Estrella-C\u00edtricos.jpg","_links":{"self":[{"href":"https:\/\/comeconmigo.net\/fr\/wp-json\/wp\/v2\/posts\/25463"}],"collection":[{"href":"https:\/\/comeconmigo.net\/fr\/wp-json\/wp\/v2\/posts"}],"about":[{"href":"https:\/\/comeconmigo.net\/fr\/wp-json\/wp\/v2\/types\/post"}],"author":[{"embeddable":true,"href":"https:\/\/comeconmigo.net\/fr\/wp-json\/wp\/v2\/users\/2"}],"replies":[{"embeddable":true,"href":"https:\/\/comeconmigo.net\/fr\/wp-json\/wp\/v2\/comments?post=25463"}],"version-history":[{"count":0,"href":"https:\/\/comeconmigo.net\/fr\/wp-json\/wp\/v2\/posts\/25463\/revisions"}],"wp:featuredmedia":[{"embeddable":true,"href":"https:\/\/comeconmigo.net\/fr\/wp-json\/wp\/v2\/media\/25552"}],"wp:attachment":[{"href":"https:\/\/comeconmigo.net\/fr\/wp-json\/wp\/v2\/media?parent=25463"}],"wp:term":[{"taxonomy":"category","embeddable":true,"href":"https:\/\/comeconmigo.net\/fr\/wp-json\/wp\/v2\/categories?post=25463"},{"taxonomy":"post_tag","embeddable":true,"href":"https:\/\/comeconmigo.net\/fr\/wp-json\/wp\/v2\/tags?post=25463"}],"curies":[{"name":"wp","href":"https:\/\/api.w.org\/{rel}","templated":true}]}}