{"id":25193,"date":"2019-12-11T08:00:55","date_gmt":"2019-12-11T07:00:55","guid":{"rendered":"http:\/\/comeconmigo.net\/?p=25193"},"modified":"2019-12-04T10:58:12","modified_gmt":"2019-12-04T09:58:12","slug":"pan-de-especias-de-philippe-conticini","status":"publish","type":"post","link":"https:\/\/comeconmigo.net\/fr\/pan-de-especias-de-philippe-conticini\/","title":{"rendered":"LE PAIN D&rsquo;\u00c9PICES DE PHILIPPE CONTICINI"},"content":{"rendered":"<p><\/p>\n<p>[vc_row][vc_column][vc_column_text]D\u00e8s le debut du mois de D\u00e9cembre, j\u2019ai des env\u00edes de pain d\u2019\u00e9pices. Pourtant j\u2019aime \u00e7a toute l\u2019ann\u00e9e, mais que voulez-vous, tous les ar\u00f4mes qui sortent du four et parfument la maison, c\u2019est tout simplement magique!<\/p>\n<p>Du coup ce mercredi, pas de biscuits mais du pain d\u2019\u00e9pices pour remplir<a href=\"https:\/\/comeconmigo.net\/fr\/category\/cestas-para-regalar\/\"> vos paniers gourmands<\/a>.<\/p>\n<p>Sur le blog, il y a d\u00e9j\u00e0 plusieurs recettes de pain d\u2019\u00e9pices, de la <a href=\"https:\/\/comeconmigo.net\/pan-de-especias-ligero\/\">version l\u00e9g\u00e8re<\/a> en passant par la <a href=\"https:\/\/comeconmigo.net\/pan-de-especias-vegano\/\">version vegan<\/a> ou ma pr\u00e9f\u00e9r\u00e9e, <a href=\"https:\/\/comeconmigo.net\/pan-de-especias-con-mermelada-de-naranjas-amargas-en-conserva\/\">celle \u00e0 la confiture d\u2019orange que l\u2019on peut longuement conserver en la cuisant directement en bocal<\/a>.<\/p>\n<p>Cette ann\u00e9e, j\u2019avais envie de tenter quelquechose de nouveau et j\u2019ai choisi de tester le pain d\u2019\u00e9pices du grand Philippe Conticini. Ses cr\u00e9ations ne me d\u00e9\u00e7oivent jamais (<a href=\"https:\/\/comeconmigo.net\/la-tarta-de-chocolate-sencilla-de-philippe-conticini\/\">vous vous souvenez de la tarte au chocolat toute simple de Philippe Conticini<\/a>?).<\/p>\n<p>Je vous attends pour le go\u00fbter?<\/p>\n<p>Bon mercredi![\/vc_column_text][vc_single_image image=\u00a0\u00bb25314&Prime; img_size=\u00a0\u00bb400&#215;600&Prime; alignment=\u00a0\u00bbcenter\u00a0\u00bb][\/vc_column][\/vc_row][vc_row][vc_column width=\u00a0\u00bb7\/12&Prime;][vc_text_separator title=\u00a0\u00bbAujourd&rsquo;hui&#8230;\u00a0\u00bb color=\u00a0\u00bbblack\u00a0\u00bb]\n\t\t\t<section class=\"image-edge\">\n\t\t\t    <div class=\"col-md-6 col-sm-4 p0 col-md-push-6 col-sm-push-8\">\n\t\t\t        <img width=\"817\" height=\"600\" src=\"https:\/\/comeconmigo.net\/wp-content\/uploads\/2019\/12\/Pan-de-Especias-Conticini-4.jpg\" class=\"mb-xs-24\" alt=\"\" loading=\"lazy\" srcset=\"https:\/\/comeconmigo.net\/wp-content\/uploads\/2019\/12\/Pan-de-Especias-Conticini-4.jpg 817w, https:\/\/comeconmigo.net\/wp-content\/uploads\/2019\/12\/Pan-de-Especias-Conticini-4-300x220.jpg 300w, https:\/\/comeconmigo.net\/wp-content\/uploads\/2019\/12\/Pan-de-Especias-Conticini-4-768x564.jpg 768w\" sizes=\"(max-width: 817px) 100vw, 817px\" \/>\n\t\t\t    <\/div>\n\t\t\t    <div class=\"container\">\n\t\t\t        <div class=\"col-md-5 col-md-pull-0 col-sm-7 col-sm-pull-4 v-align-transform\">\n\t\t\t            [vc_column_text]<\/p>\n<h3 style=\"text-align: left;\">LE PAIN D&rsquo;\u00c9PICES DE PHILIPPE CONTICINI*<\/h3>\n<p>[\/vc_column_text]\n\t\t\t        <\/div>\n\t\t\t    <\/div>\n\t\t\t<\/section>\n\t\t[\/vc_column][vc_column width=\u00a0\u00bb5\/12&Prime;][vc_text_separator title=\u00a0\u00bbUn jour comme aujourd&rsquo;hui, il y a\u2026\u00a0\u00bb color=\u00a0\u00bbblack\u00a0\u00bb][vc_column_text]\u2026 1 an: <a href=\"https:\/\/comeconmigo.net\/los-mantecaos-de-la-senora-ballester\/\">Les Mantecaos de Mme Ballester<\/a><\/p>\n<p>\u2026 2 ans: <a href=\"https:\/\/comeconmigo.net\/aig-2017-lunas-de-avellana-chocolate\/\">Lunes Noisettes &amp; Chocolat<\/a><\/p>\n<p>\u2026 3 ans: <a href=\"https:\/\/comeconmigo.net\/bocados-aperitivos-de-merengue-con-salsa-de-soja-y-anacardos\/\">Petites Meringues ap\u00e9ritives sal\u00e9es \u00e0 la Sauce Soja &amp; Noix de Cajou<\/a><\/p>\n<p>\u2026 4 ans: <a href=\"https:\/\/comeconmigo.net\/?p=667\">Apple Caramel Cheesecake<\/a><\/p>\n<p>\u2026 5 ans: <a href=\"https:\/\/comeconmigo.net\/?p=799\">Tarte aux Pommes &amp; au\u2026 Foie Gras!<\/a><\/p>\n<p>\u2026 6 ans: <a href=\"https:\/\/comeconmigo.net\/?p=872\">Gambas croustillantes \u00e0 la Noix de Coco<\/a><\/p>\n<p>\u2026 7 ans: <a href=\"https:\/\/comeconmigo.net\/?p=92\">Tarte aux Pommes Polenta &amp; Ricotta<\/a><\/p>\n<p>\u2026 8 ans: <a href=\"https:\/\/comeconmigo.net\/?p=208\">Parmentier de Confit de Canard aux Pommes de Terre Vitelotte<\/a><\/p>\n<p>\u2026 9 ans: <a href=\"https:\/\/comeconmigo.net\/?p=335\">Foie gras mi-cuit maison, \u00e9tape par \u00e9tape<\/a><\/p>\n<p>\u2026 10 ans: <a href=\"https:\/\/comeconmigo.net\/?p=432\">Daudade en papillote au Citron Confit au Sel<\/a>[\/vc_column_text][\/vc_column][\/vc_row][vc_row][vc_column width=\u00a0\u00bb1\/4&Prime; css=\u00a0\u00bb.vc_custom_1502280835828{background-color: #fff0dd !important;}\u00a0\u00bb][vc_column_text]<\/p>\n<h3 style=\"text-align: center;\">Pour un moule de 6 cups<\/h3>\n<p style=\"text-align: center;\"><em><u>Les ingr\u00e9dients liquides<\/u><\/em><\/p>\n<p style=\"text-align: center;\">135g de lait entier chaud<\/p>\n<p style=\"text-align: center;\">90g de beurre doux<\/p>\n<p style=\"text-align: center;\">80g de v<em>ergeoise brune<\/em><\/p>\n<p style=\"text-align: center;\">110 g de<a href=\"http:\/\/www.undejeunerdesoleil.com\/2014\/09\/miel-cuisine-conseils-recettes.html\">\u00a0miel<\/a>\u00a0parfum\u00e9 (de thym et romarin pour moi)<\/p>\n<p style=\"text-align: center;\">2 petits oeufs (70g)<\/p>\n<p style=\"text-align: center;\">Le zeste tr\u00e8s finement r\u00e2p\u00e9 d\u2019un petit citron bio<\/p>\n<p style=\"text-align: center;\">Le zeste tr\u00e8s finement r\u00e2p\u00e9 d\u2019une petite orange bio<\/p>\n<p style=\"text-align: center;\"><em><u>Pour les ingr\u00e9dients secs<\/u><\/em><\/p>\n<p style=\"text-align: center;\">105 g de farine de bl\u00e9<\/p>\n<p style=\"text-align: center;\">60 g de farine de sarrasin<\/p>\n<p style=\"text-align: center;\">1 belle pinc\u00e9e de fleur de sel<\/p>\n<p style=\"text-align: center;\">1 cc** de bicarbonate<\/p>\n<p style=\"text-align: center;\">1cc** de gingembre en poudre<\/p>\n<p style=\"text-align: center;\">2cc** de cannelle en poudre<\/p>\n<p style=\"text-align: center;\">1CS*** d\u2019\u00e9pices \u00e0 pain d\u2019\u00e9pices<\/p>\n<p style=\"text-align: center;\">1CS*** de vergeoise ou de sucre muscovado<\/p>\n<p>[\/vc_column_text][\/vc_column][vc_column width=\u00a0\u00bb3\/4&Prime; css=\u00a0\u00bb.vc_custom_1502280820239{padding-top: 10px !important;padding-right: 10px !important;padding-bottom: 10px !important;padding-left: 10px !important;}\u00a0\u00bb][vc_column_text]<\/p>\n<p style=\"text-align: center;\">Pr\u00e9chauffer le four \u00e0 170\u00ba chaleur tournante avec une grille dans la partie la plus basse du four. Graisser les moules de votre choix \u00e0 l\u2019aide d\u2019un spray graissant et r\u00e9server au frais.<\/p>\n<p style=\"text-align: center;\">Faire fondre \u00e0 feu doux le miel avec le beurre et la vergeoise jusqu\u2019\u00e0 ce que le m\u00e9lange soit bien homog\u00e8ne.<\/p>\n<p style=\"text-align: center;\">Laisset ti\u00e9dir et y ajouter les oeufs battus.<\/p>\n<p style=\"text-align: center;\">Ajouter alors les ingr\u00e9dients secs au m\u00e9lange beurre\/miel\/sucre. M\u00e9langer et ajouter le lait chaud progressivement en m\u00e9langeant. M\u00e9langer 2 minutes pour obtenir une p\u00e2te lisse et homog\u00e8ne. Laisser reposer 10 minutes.<\/p>\n<p style=\"text-align: center;\">Verser dans les moules, et tapoter d\u00e9licatement le moule sur des torchons pour limiter la pr\u00e9sence de bulles d\u2019air dans les motifs.<\/p>\n<p style=\"text-align: center;\">Enfourner pour environ 30 minutes, mais le temps d\u00e9pendra beaucoup de la taille de vos moules et de votre four. Donc il faut v\u00e9rifier en piquant avecune brochette pour s\u2019assurer que la pr\u00e9paration est cuite \u00e0 coeur.<\/p>\n<p style=\"text-align: center;\">Ensuite il n\u2019y a plus qu\u2019\u00e0 suivre les \u00e9tapes pour un d\u00e9moulage parfait: laisser refroidir notre moule sur une grille \u00e0 p\u00e2tisserie 10 minutes exactement.<\/p>\n<p style=\"text-align: center;\">Ensuite secouer bien le moule pour entendre et v\u00e9rifier que tout est bien d\u00e9coll\u00e9 puis retourner sur une grille \u00e0 p\u00e2tisserie pour laisser refroidir.<\/p>\n<p style=\"text-align: center;\">Si vous consommez le pain d\u2019\u00e9pices le jour m\u00eame (ou encore mieux le lendemain pour que tous les go\u00fbts aient le temps de bien se fondre entre eux), ne pas h\u00e9siter \u00e0 le badigeonner de confiture d\u2019orange pr\u00e9alablement ti\u00e9die.<\/p>\n<p style=\"text-align: center;\">Si vous souhaitez le conserver plusieurs jours, envelopper bien serr\u00e9 dans du papier film.<\/p>\n<p style=\"text-align: center;\">Ils se conservent plusieurs jours mais si vous voulez une encore plus longue conservation, n\u2019h\u00e9sitez pas \u00e0 tester le <a href=\"https:\/\/comeconmigo.net\/pan-de-especias-con-mermelada-de-naranjas-amargas-en-conserva\/\">pain d\u2019\u00e9pices \u00e0 la confiture d\u2019orange en bocal<\/a>.<\/p>\n<p>[\/vc_column_text][vc_column_text]<\/p>\n<p style=\"text-align: center;\"><i>Bon profit!<\/i><\/p>\n<p><em>Quelques informations plus ou moins utiles<\/em><\/p>\n<p>* Adapt\u00e9e du livre <em>Sensations<\/em> de Philippe Conticini, sans amandes effil\u00e9es ou fruits secs que personne n\u2019aime vraiment \u00e0 la maison.<\/p>\n<p>**cc: cuill\u00e8re \u00e0 caf\u00e9<\/p>\n<p>***CS: Cuill\u00e8re \u00e0 Soupe[\/vc_column_text][vc_single_image image=\u00a0\u00bb11028&Prime; alignment=\u00a0\u00bbcenter\u00a0\u00bb][\/vc_column][\/vc_row][vc_row][vc_column][vc_column_text]<\/p>\n<h3>Encore un petit creux\u2026<\/h3>\n<p>[\/vc_column_text][vc_basic_grid post_type=\u00a0\u00bbpost\u00a0\u00bb max_items=\u00a0\u00bb6&Prime; element_width=\u00a0\u00bb2&Prime; gap=\u00a0\u00bb0&Prime; orderby=\u00a0\u00bbrand\u00a0\u00bb item=\u00a0\u00bbbasicGrid_VerticalFlip\u00a0\u00bb grid_id=\u00a0\u00bbvc_gid:1575453188437-00d66208-58f9-8&Prime; taxonomies=\u00a0\u00bb341&Prime;][\/vc_column][\/vc_row]<\/p>\n<p><\/p>","protected":false},"excerpt":{"rendered":"<p>Un grand classique de No\u00ebl.<\/p>\n","protected":false},"author":2,"featured_media":25316,"comment_status":"open","ping_status":"closed","sticky":false,"template":"","format":"standard","meta":[],"categories":[341,349,1],"tags":[],"jetpack_featured_media_url":"https:\/\/comeconmigo.net\/wp-content\/uploads\/2019\/12\/Pan-de-Especias-Conticini-16.jpg","_links":{"self":[{"href":"https:\/\/comeconmigo.net\/fr\/wp-json\/wp\/v2\/posts\/25193"}],"collection":[{"href":"https:\/\/comeconmigo.net\/fr\/wp-json\/wp\/v2\/posts"}],"about":[{"href":"https:\/\/comeconmigo.net\/fr\/wp-json\/wp\/v2\/types\/post"}],"author":[{"embeddable":true,"href":"https:\/\/comeconmigo.net\/fr\/wp-json\/wp\/v2\/users\/2"}],"replies":[{"embeddable":true,"href":"https:\/\/comeconmigo.net\/fr\/wp-json\/wp\/v2\/comments?post=25193"}],"version-history":[{"count":0,"href":"https:\/\/comeconmigo.net\/fr\/wp-json\/wp\/v2\/posts\/25193\/revisions"}],"wp:featuredmedia":[{"embeddable":true,"href":"https:\/\/comeconmigo.net\/fr\/wp-json\/wp\/v2\/media\/25316"}],"wp:attachment":[{"href":"https:\/\/comeconmigo.net\/fr\/wp-json\/wp\/v2\/media?parent=25193"}],"wp:term":[{"taxonomy":"category","embeddable":true,"href":"https:\/\/comeconmigo.net\/fr\/wp-json\/wp\/v2\/categories?post=25193"},{"taxonomy":"post_tag","embeddable":true,"href":"https:\/\/comeconmigo.net\/fr\/wp-json\/wp\/v2\/tags?post=25193"}],"curies":[{"name":"wp","href":"https:\/\/api.w.org\/{rel}","templated":true}]}}