{"id":251,"date":"2011-08-15T08:00:00","date_gmt":"2011-08-15T07:00:00","guid":{"rendered":"http:\/\/comeconmigo.net\/2011\/08\/15\/seguimos-de-vacaciones-pero-el-melocoton-es-mi-fruta-favorita-melocotones-asados-con-azafran-sin-horno\/"},"modified":"2020-06-24T09:48:57","modified_gmt":"2020-06-24T08:48:57","slug":"melocotones-asados-con-azafran-sin-horno","status":"publish","type":"post","link":"https:\/\/comeconmigo.net\/fr\/melocotones-asados-con-azafran-sin-horno\/","title":{"rendered":"P\u00caCHES R\u00d4TIES AU SAFRAN (\u00c0 LA PO\u00caLE)"},"content":{"rendered":"<p>[vc_row][vc_column][vc_column_text]<em>Cette recette a \u00e9t\u00e9 publi\u00e9e originellement sur Come Conmigo le 15\/08\/2011.<\/em>[\/vc_column_text][vc_separator style=\u00a0\u00bbdashed\u00a0\u00bb][vc_column_text]Aujourd\u2019hui je partage avec vous un de mes desserts d\u2019\u00e9t\u00e9 pr\u00e9f\u00e9r\u00e9\u00a0: des p\u00eaches r\u00f4ties \u00e0 la po\u00eale (il fait souvent trop chaud pour allumer le four\u00a0!) avec du safran. Car je suis une inconditionnelle des desserts au safran depuis que j\u2019ai d\u00e9couvert la <a href=\"https:\/\/comeconmigo.net\/?p=354\">confiture de p\u00eaches au safran<\/a>.<\/p>\n<p>C\u2019est un dessert simple et savoureux, l\u00e9ger mais si vous vous sentez gourmands, vous pouvez l\u2019accompagner d\u2019une boule de glace vanille cr\u00e9meuse ou de <a href=\"https:\/\/comeconmigo.net\/?p=590\">glace au safran<\/a>\u2026<\/p>\n<p>Et vous, comment aimez-vous d\u00e9guster les p\u00eaches\u00a0? Connaissez-vous les p\u00eaches au safran\u00a0?[\/vc_column_text][vc_single_image image=\u00a0\u00bb24086&Prime; img_size=\u00a0\u00bb400&#215;600&Prime; alignment=\u00a0\u00bbcenter\u00a0\u00bb][\/vc_column][\/vc_row][vc_row][vc_column][vc_text_separator title=\u00a0\u00bbAujourd&rsquo;hui&#8230;\u00a0\u00bb color=\u00a0\u00bbblack\u00a0\u00bb]\n\t\t\t<section class=\"image-edge\">\n\t\t\t    <div class=\"col-md-6 col-sm-4 p0 col-md-push-6 col-sm-push-8\">\n\t\t\t        <img width=\"379\" height=\"567\" src=\"https:\/\/comeconmigo.net\/wp-content\/uploads\/2011\/08\/Melocotones-asados-con-azafran-sin-horno-7-1-1.jpg\" class=\"mb-xs-24\" alt=\"\" loading=\"lazy\" srcset=\"https:\/\/comeconmigo.net\/wp-content\/uploads\/2011\/08\/Melocotones-asados-con-azafran-sin-horno-7-1-1.jpg 379w, https:\/\/comeconmigo.net\/wp-content\/uploads\/2011\/08\/Melocotones-asados-con-azafran-sin-horno-7-1-1-201x300.jpg 201w\" sizes=\"(max-width: 379px) 100vw, 379px\" \/>\n\t\t\t    <\/div>\n\t\t\t    <div class=\"container\">\n\t\t\t        <div class=\"col-md-5 col-md-pull-0 col-sm-7 col-sm-pull-4 v-align-transform\">\n\t\t\t            [vc_column_text]<\/p>\n<h3>P\u00caCHES R\u00d4TIES AU SAFRAN (\u00c0 LA PO\u00caLE)<\/h3>\n<p>[\/vc_column_text]\n\t\t\t        <\/div>\n\t\t\t    <\/div>\n\t\t\t<\/section>\n\t\t[\/vc_column][\/vc_row][vc_row][vc_column width=\u00a0\u00bb1\/4&Prime; css=\u00a0\u00bb.vc_custom_1502280835828{background-color: #fff0dd !important;}\u00a0\u00bb][vc_column_text]<\/p>\n<h3 style=\"text-align: center;\">Pour 4 personnes<\/h3>\n<p style=\"text-align: center;\">4 belles p\u00eaches, m\u00fbres mais assez fermes<\/p>\n<p style=\"text-align: center;\">1 citron<\/p>\n<p style=\"text-align: center;\">10g de beurre<\/p>\n<p style=\"text-align: center;\">1cc* d\u2019huile d\u2019olive<\/p>\n<p style=\"text-align: center;\">2CS** de miel<\/p>\n<p style=\"text-align: center;\">1 pinc\u00e9e de pistils de safran<\/p>\n<p>[\/vc_column_text][\/vc_column][vc_column width=\u00a0\u00bb3\/4&Prime; css=\u00a0\u00bb.vc_custom_1502280820239{padding-top: 10px !important;padding-right: 10px !important;padding-bottom: 10px !important;padding-left: 10px !important;}\u00a0\u00bb][vc_column_text]<\/p>\n<p style=\"text-align: center;\">Eplucher les p\u00eaches, \u00f4ter le noyau et les d\u00e9couper en 6 quartiers.<\/p>\n<p style=\"text-align: center;\">Laver le citron et r\u00e2per finement son zeste.<\/p>\n<p style=\"text-align: center;\">Peler le citron \u00e0 vif et en retirer 6 supr\u00eames puis les d\u00e9couper en petits d\u00e9s.<\/p>\n<p style=\"text-align: center;\">Dans une grande po\u00eale, chauffer le beurre avec l\u2019huile d\u2019olive et le zeste de citron. D\u00e9poser dessus les quartiers de p\u00eache en une seule couche. R\u00e9partir par-dessus les petits morceaux de citron, le miel et les pistils de safran mis \u00e0 tremper dans 2CS** d\u2019eau.<\/p>\n<p style=\"text-align: center;\">Laisser r\u00f4tir \u00e0 feu tr\u00e8s doux sans couvrir et sans m\u00e9langer pendant 20\/25 minutes. Les p\u00eaches doivent \u00eatre tendres mais sans se d\u00e9faire.<\/p>\n<p style=\"text-align: center;\">R\u00e9server \u00e0 temp\u00e9rature ambiante environ 2 heures avant de servir les p\u00eaches arros\u00e9es de leur sirop de cuisson.<\/p>\n<p>[\/vc_column_text][vc_column_text]<\/p>\n<p style=\"text-align: center;\"><i>Bon profit!<\/i><\/p>\n<p><em>Quelques petits details qui comptent\u2026<\/em><\/p>\n<p>*cc: cuill\u00e8re \u00e0 caf\u00e9<\/p>\n<p>**CS: Cuill\u00e8re \u00e0 Soupe[\/vc_column_text][\/vc_column][\/vc_row][vc_row][vc_column][vc_single_image image=\u00a0\u00bb11028&Prime; alignment=\u00a0\u00bbcenter\u00a0\u00bb][vc_column_text]<\/p>\n<h3>Encore un petit creux<\/h3>\n<p>[\/vc_column_text][vc_basic_grid post_type=\u00a0\u00bbpost\u00a0\u00bb max_items=\u00a0\u00bb6&Prime; element_width=\u00a0\u00bb2&Prime; gap=\u00a0\u00bb0&Prime; orderby=\u00a0\u00bbrand\u00a0\u00bb item=\u00a0\u00bbbasicGrid_VerticalFlip\u00a0\u00bb grid_id=\u00a0\u00bbvc_gid:1562318217856-9a6a62db-e6af-0&Prime; taxonomies=\u00a0\u00bb358&Prime;][\/vc_column][\/vc_row]<\/p>","protected":false},"excerpt":{"rendered":"<p>Un de mes desserts d\u2019\u00e9t\u00e9 pr\u00e9f\u00e9r\u00e9\u00a0!<\/p>\n","protected":false},"author":2,"featured_media":7676,"comment_status":"open","ping_status":"closed","sticky":false,"template":"","format":"standard","meta":[],"categories":[479,1,358],"tags":[],"jetpack_featured_media_url":"https:\/\/comeconmigo.net\/wp-content\/uploads\/2011\/08\/Melocotones-asados-con-azafran-sin-horno-7-.jpg","_links":{"self":[{"href":"https:\/\/comeconmigo.net\/fr\/wp-json\/wp\/v2\/posts\/251"}],"collection":[{"href":"https:\/\/comeconmigo.net\/fr\/wp-json\/wp\/v2\/posts"}],"about":[{"href":"https:\/\/comeconmigo.net\/fr\/wp-json\/wp\/v2\/types\/post"}],"author":[{"embeddable":true,"href":"https:\/\/comeconmigo.net\/fr\/wp-json\/wp\/v2\/users\/2"}],"replies":[{"embeddable":true,"href":"https:\/\/comeconmigo.net\/fr\/wp-json\/wp\/v2\/comments?post=251"}],"version-history":[{"count":0,"href":"https:\/\/comeconmigo.net\/fr\/wp-json\/wp\/v2\/posts\/251\/revisions"}],"wp:featuredmedia":[{"embeddable":true,"href":"https:\/\/comeconmigo.net\/fr\/wp-json\/wp\/v2\/media\/7676"}],"wp:attachment":[{"href":"https:\/\/comeconmigo.net\/fr\/wp-json\/wp\/v2\/media?parent=251"}],"wp:term":[{"taxonomy":"category","embeddable":true,"href":"https:\/\/comeconmigo.net\/fr\/wp-json\/wp\/v2\/categories?post=251"},{"taxonomy":"post_tag","embeddable":true,"href":"https:\/\/comeconmigo.net\/fr\/wp-json\/wp\/v2\/tags?post=251"}],"curies":[{"name":"wp","href":"https:\/\/api.w.org\/{rel}","templated":true}]}}