{"id":24383,"date":"2019-10-04T08:00:28","date_gmt":"2019-10-04T07:00:28","guid":{"rendered":"http:\/\/comeconmigo.net\/?p=24383"},"modified":"2019-11-23T20:45:30","modified_gmt":"2019-11-23T19:45:30","slug":"mis-recetas-favoritas-para-el-mes-de-octubre-2","status":"publish","type":"post","link":"https:\/\/comeconmigo.net\/fr\/mis-recetas-favoritas-para-el-mes-de-octubre-2\/","title":{"rendered":"MES RECETTES PR\u00c9F\u00c9R\u00c9ES EN OCTOBRE"},"content":{"rendered":"<p>[vc_row][vc_column][vc_column_text]Comme chaque premier vendredi du mois, voici ma s\u00e9lection des 6 recettes sucr\u00e9es et sal\u00e9es qui nous accompagnent tout au long du mois de Juin.<\/p>\n<p>C\u2019est sans aucun doute le grand mois des <a href=\"https:\/\/comeconmigo.net\/fr\/category\/ceps-setas\/\">champignons<\/a> et des <a href=\"https:\/\/comeconmigo.net\/fr\/category\/calabaza\/\">courges<\/a> en tout genre! Bon, les champignons \u00e7a d\u00e9pend un peu des ann\u00e9es ;o)<\/p>\n<p>A la maison on adore la<a href=\"https:\/\/comeconmigo.net\/tarta-salada-de-ceps-y-avellanas\/\"> tarte aux c\u00e8pes et aux noisettes<\/a>. Quoique la <a href=\"https:\/\/comeconmigo.net\/tarta-de-calabaza-jamon-con-masa-de-ceps\/\">tarte de potiron au jambon<\/a> est pas mal non plus avec sa p\u00e2te au bon go\u00fbt de c\u00e8pes. Les courges ne manquent pas non plus, <a href=\"https:\/\/comeconmigo.net\/calabaza-potimarron-asada-con-sus-pipas-y-sirope-de-arce\/\">r\u00f4ties avec du sirop d\u2019\u00e9rable<\/a> c\u2019est juste magique. Et pour saluer l\u2019arriv\u00e9e des toutes premi\u00e8res grenades, on se fait plaisir avec une<a href=\"https:\/\/comeconmigo.net\/ensalada-de-lentejas-con-remolacha-granada\/\"> salade aux lentilles, betteraves et grenade<\/a>.<\/p>\n<p>Pour la touche sucr\u00e9e, on dit d\u00e9finitivement au revoir \u00e0 l\u2019\u00e9t\u00e9 avec les toutes derni\u00e8res<a href=\"https:\/\/comeconmigo.net\/postre-de-temporada-con-el-papillote-magico-higos-asados-con-miel\/\"> figues r\u00f4ties<\/a> et on attaque la saison des <a href=\"https:\/\/comeconmigo.net\/fr\/top6-dulces-con-calabaza\/\">douceurs au potiron<\/a> avec l\u2019incroyable <a href=\"https:\/\/comeconmigo.net\/bundtcake-de-calabaza-asada-chips-de-chocolate\/\">bundtcake au potimarron et aux p\u00e9pites de chocolat<\/a> qui a toujours un succ\u00e8s fou.<\/p>\n<p>Comme d\u2019habitude, pour acc\u00e9der aux recettes, il suffit de cliquer sur leur titre.<\/p>\n<p>Alors, la s\u00e9lection pour le mois de Juin vous pla\u00eet-elle ? Et vous, qu\u2019y a-t-il au menu du Mois d&rsquo;Octobre chez vous ?<\/p>\n<p>Au fait, si ce n\u2019est pas encore fait, vous avez encore le temps de vous inscrire pour\u00a0<a href=\"https:\/\/wp.me\/p9bheG-6he\"><strong>participer au tirage au sort des 10 ans du blog<\/strong><\/a>\u00a0;o)<\/p>\n<p>Bon week-end![\/vc_column_text][vc_single_image image=\u00a0\u00bb24583&Prime; img_size=\u00a0\u00bb400X600&Prime; alignment=\u00a0\u00bbcenter\u00a0\u00bb][\/vc_column][\/vc_row][vc_row][vc_column width=\u00a0\u00bb7\/12&Prime;][vc_text_separator title=\u00a0\u00bbAujourd&rsquo;hui&#8230;\u00a0\u00bb color=\u00a0\u00bbblack\u00a0\u00bb]\n\t\t\t<section class=\"image-edge\">\n\t\t\t    <div class=\"col-md-6 col-sm-4 p0 col-md-push-6 col-sm-push-8\">\n\t\t\t        <img width=\"1200\" height=\"1200\" src=\"https:\/\/comeconmigo.net\/wp-content\/uploads\/2019\/10\/Favoritas-de-Octubre.jpg\" class=\"mb-xs-24\" alt=\"\" loading=\"lazy\" srcset=\"https:\/\/comeconmigo.net\/wp-content\/uploads\/2019\/10\/Favoritas-de-Octubre.jpg 1200w, https:\/\/comeconmigo.net\/wp-content\/uploads\/2019\/10\/Favoritas-de-Octubre-150x150.jpg 150w, https:\/\/comeconmigo.net\/wp-content\/uploads\/2019\/10\/Favoritas-de-Octubre-300x300.jpg 300w, https:\/\/comeconmigo.net\/wp-content\/uploads\/2019\/10\/Favoritas-de-Octubre-768x768.jpg 768w, https:\/\/comeconmigo.net\/wp-content\/uploads\/2019\/10\/Favoritas-de-Octubre-1024x1024.jpg 1024w, https:\/\/comeconmigo.net\/wp-content\/uploads\/2019\/10\/Favoritas-de-Octubre-60x60.jpg 60w, https:\/\/comeconmigo.net\/wp-content\/uploads\/2019\/10\/Favoritas-de-Octubre-500x500.jpg 500w\" sizes=\"(max-width: 1200px) 100vw, 1200px\" \/>\n\t\t\t    <\/div>\n\t\t\t    <div class=\"container\">\n\t\t\t        <div class=\"col-md-5 col-md-pull-0 col-sm-7 col-sm-pull-4 v-align-transform\">\n\t\t\t            [vc_column_text]<\/p>\n<h3 style=\"text-align: left;\">MES RECETTES PR\u00c9F\u00c9R\u00c9ES EN OCTOBRE<\/h3>\n<p>[\/vc_column_text]\n\t\t\t        <\/div>\n\t\t\t    <\/div>\n\t\t\t<\/section>\n\t\t[\/vc_column][vc_column width=\u00a0\u00bb5\/12&Prime;][vc_text_separator title=\u00a0\u00bbUn jour comme aujourd&rsquo;hui, il y a\u2026\u00a0\u00bb color=\u00a0\u00bbblack\u00a0\u00bb][vc_column_text]\u2026 1 an: <a href=\"https:\/\/comeconmigo.net\/mis-recetas-favoritas-para-el-mes-de-octubre\/\">Mes recettes pr\u00e9f\u00e9r\u00e9es en Octobre<\/a><\/p>\n<p>\u2026 2 ans: <a href=\"https:\/\/comeconmigo.net\/?p=12515\">Meringue aux P\u00e9pites de Chocolat &amp; Gru\u00e9 de Cacao\u00a0<\/a><\/p>\n<p>\u2026 3 ans: <a href=\"https:\/\/comeconmigo.net\/?p=787\">Boulettes de Merluchon &amp; Crevettes aux Pommes de Terre<\/a><\/p>\n<p>\u2026 4 ans: <a href=\"https:\/\/comeconmigo.net\/?p=694\">Tartelettes Pomme Congnac<\/a><\/p>\n<p>\u2026 5 ans: <a href=\"https:\/\/comeconmigo.net\/?p=823\">Tarte Roses aux Pommes<\/a><\/p>\n<p>\u2026 6 ans: <a href=\"https:\/\/comeconmigo.net\/?p=900\">Tarte aux Pommes et \u00e0 l\u2019Huile d\u2019Olive fa\u00e7on Ottolenghi<\/a><\/p>\n<p>\u2026 7 ans: <a href=\"https:\/\/comeconmigo.net\/?p=110\">Yahourt fa\u00e7on Tarte au Citron<\/a><\/p>\n<p>\u2026 8 ans: <a href=\"https:\/\/comeconmigo.net\/?p=236\">Roul\u00e9 de Filet Mignon de Porc \u00e0 l\u2019Emmental &amp; \u00e0 la Sauge<\/a><\/p>\n<p>\u2026 9 ans: <a href=\"https:\/\/comeconmigo.net\/?p=351\">Blettes au Crumble de Jambon<\/a><\/p>\n<p>\u2026 10 ans: <a href=\"https:\/\/comeconmigo.net\/?p=469\">Curry de Crevettes au Yahourt<\/a>[\/vc_column_text][\/vc_column][\/vc_row][vc_row][vc_column][vc_basic_grid post_type=\u00a0\u00bbids\u00a0\u00bb element_width=\u00a0\u00bb2&Prime; gap=\u00a0\u00bb0&Prime; item=\u00a0\u00bbmediaGrid_Default\u00a0\u00bb grid_id=\u00a0\u00bbvc_gid:1574538305167-011126f7-4852-0&Prime; include=\u00a0\u00bb11769, 111, 22227, 21815, 13615, 475&Prime;][vc_basic_grid post_type=\u00a0\u00bbids\u00a0\u00bb gap=\u00a0\u00bb0&Prime; item=\u00a0\u00bbbasicGrid_TextFirst\u00a0\u00bb grid_id=\u00a0\u00bbvc_gid:1574538305168-42b0ec9c-c3c2-5&Prime; include=\u00a0\u00bb11769, 111, 22227, 21815, 13615, 475&Prime;][\/vc_column][\/vc_row][vc_row][vc_column][vc_single_image image=\u00a0\u00bb12034&Prime; alignment=\u00a0\u00bbcenter\u00a0\u00bb][vc_column_text]<\/p>\n<h3>Encore un petit creux\u2026<\/h3>\n<p>[\/vc_column_text][vc_basic_grid post_type=\u00a0\u00bbpost\u00a0\u00bb max_items=\u00a0\u00bb6&Prime; element_width=\u00a0\u00bb2&Prime; gap=\u00a0\u00bb0&Prime; orderby=\u00a0\u00bbrand\u00a0\u00bb item=\u00a0\u00bbbasicGrid_VerticalFlip\u00a0\u00bb grid_id=\u00a0\u00bbvc_gid:1574538305170-94f765f0-c9a3-3&Prime; taxonomies=\u00a0\u00bb383&Prime;][\/vc_column][\/vc_row]<\/p>","protected":false},"excerpt":{"rendered":"<p>Mes recettes pr\u00e9f\u00e9r\u00e9es en Octobre.<\/p>\n","protected":false},"author":2,"featured_media":24582,"comment_status":"open","ping_status":"closed","sticky":false,"template":"","format":"standard","meta":[],"categories":[1,383],"tags":[],"jetpack_featured_media_url":"https:\/\/comeconmigo.net\/wp-content\/uploads\/2019\/10\/Favoritas-de-Octubre.jpg","_links":{"self":[{"href":"https:\/\/comeconmigo.net\/fr\/wp-json\/wp\/v2\/posts\/24383"}],"collection":[{"href":"https:\/\/comeconmigo.net\/fr\/wp-json\/wp\/v2\/posts"}],"about":[{"href":"https:\/\/comeconmigo.net\/fr\/wp-json\/wp\/v2\/types\/post"}],"author":[{"embeddable":true,"href":"https:\/\/comeconmigo.net\/fr\/wp-json\/wp\/v2\/users\/2"}],"replies":[{"embeddable":true,"href":"https:\/\/comeconmigo.net\/fr\/wp-json\/wp\/v2\/comments?post=24383"}],"version-history":[{"count":0,"href":"https:\/\/comeconmigo.net\/fr\/wp-json\/wp\/v2\/posts\/24383\/revisions"}],"wp:featuredmedia":[{"embeddable":true,"href":"https:\/\/comeconmigo.net\/fr\/wp-json\/wp\/v2\/media\/24582"}],"wp:attachment":[{"href":"https:\/\/comeconmigo.net\/fr\/wp-json\/wp\/v2\/media?parent=24383"}],"wp:term":[{"taxonomy":"category","embeddable":true,"href":"https:\/\/comeconmigo.net\/fr\/wp-json\/wp\/v2\/categories?post=24383"},{"taxonomy":"post_tag","embeddable":true,"href":"https:\/\/comeconmigo.net\/fr\/wp-json\/wp\/v2\/tags?post=24383"}],"curies":[{"name":"wp","href":"https:\/\/api.w.org\/{rel}","templated":true}]}}