{"id":24122,"date":"2019-09-13T08:00:57","date_gmt":"2019-09-13T07:00:57","guid":{"rendered":"http:\/\/comeconmigo.net\/?p=24122"},"modified":"2019-09-16T14:01:03","modified_gmt":"2019-09-16T13:01:03","slug":"descubriendo-sabores-bundtcake-de-pera-con-glaseado-de-chocolate","status":"publish","type":"post","link":"https:\/\/comeconmigo.net\/fr\/descubriendo-sabores-bundtcake-de-pera-con-glaseado-de-chocolate\/","title":{"rendered":"#ALADECOUVERTEDESSAVEURS:BUNDTCAKE POIRE &#038; GLA\u00c7AGE CHOCOLAT"},"content":{"rendered":"<p>[vc_row][vc_column][vc_column_text]Oui, je sais, ce n\u2019est pas le 3<sup>\u00e8me<\/sup> lundi du mois, mais voici une nouvelle recette pour le\u00a0<a href=\"https:\/\/comeconmigo.net\/fr\/category\/tematicas\/descubriendo-sabores\/\"><strong>Projet #A la D\u00e9couverte des Saveurs<\/strong><\/a>\u00a0que nous partageons avec Cristina\u00a0<a href=\"https:\/\/comemosalas3.wordpress.com\/\"><strong>Comemos a las 3<\/strong><\/a>, Dolors\u00a0<a href=\"http:\/\/bruixesalacuina.blogspot.fr\/\"><strong>Hi ha bruixes a la Cuina\u00a0<\/strong><\/a>et Rosa\u00a0<a href=\"http:\/\/rosaculinaire.over-blog.com\/\"><strong>Un toque de canela<\/strong><\/a>.<\/p>\n<p><a href=\"https:\/\/comeconmigo.net\/fr\/category\/descubriendo-sabores\/\"><img loading=\"lazy\" class=\"aligncenter wp-image-15392 size-full\" src=\"https:\/\/comeconmigo.net\/wp-content\/uploads\/2017\/03\/logo-\u00e0-la-d\u00e9couverte-des-saveurs-200x200.png\" alt=\"\" width=\"200\" height=\"200\" srcset=\"https:\/\/comeconmigo.net\/wp-content\/uploads\/2017\/03\/logo-\u00e0-la-d\u00e9couverte-des-saveurs-200x200.png 200w, https:\/\/comeconmigo.net\/wp-content\/uploads\/2017\/03\/logo-\u00e0-la-d\u00e9couverte-des-saveurs-200x200-150x150.png 150w, https:\/\/comeconmigo.net\/wp-content\/uploads\/2017\/03\/logo-\u00e0-la-d\u00e9couverte-des-saveurs-200x200-60x60.png 60w\" sizes=\"(max-width: 200px) 100vw, 200px\" \/><\/a>Ce mois-ci, Cristina \u00e9tait en charge du choix et nous a propos\u00e9 d\u2019avancer nos publications de quelques jours afin de participer nous aussi \u00e0 la Journ\u00e9e Internationale du Chocolat. Du coup, je crois que c\u2019est clair, notre ingr\u00e9dient commun pour le mois de Septembre est\u2026 LE CHOCOLAT\u00a0!!! Mon ingr\u00e9dient personnel \u00e9tait \u00e0 choisir parmi les fruit\u00e9s frais et j\u2019ai retenu la poire vu que j\u2019avais d\u00e9j\u00e0 associ\u00e9 past\u00e8que et chocolat l\u2019\u00e9t\u00e9 dernier\u00a0:o)<\/p>\n<p>Comme avec la rentr\u00e9e et la mise en route du nouveau rythme je manque cruellement de temps, j\u2019ai profit\u00e9 d\u2019un go\u00fbter entre amis pour pr\u00e9parer un bundtcake \u00e0 la poire recouvert d\u2019un gla\u00e7age chocolat.<\/p>\n<p>Non seulement c\u2019est un d\u00e9licieux g\u00e2teau mais en plus il me rappelle plein de bons souvenirs car c\u2019est le 1<sup>er<\/sup> vrai g\u00e2teau un peu \u00e9l\u00e9gant que j\u2019ai pr\u00e9par\u00e9. J\u2019avais 20 ans et c\u2019\u00e9tait la recette de la maman d\u2019une amie qui l\u2019avait d\u00e9coup\u00e9 dans un magazine.<\/p>\n<p>Bon, \u00e0 l\u2019\u00e9poque je le cuisais dans un moule \u00e0 cake, mon gla\u00e7age \u00e9tait parfois plein de grumeaux ou ne tenait pas car il \u00e9tait trop liquide, je ne savais jamais quelle vari\u00e9t\u00e9 de poires choisir. M\u00eame si les ann\u00e9es donnent de la bouteille, d\u00e8s la premi\u00e8re bouch\u00e9e mon mari a reconnu le g\u00e2teau que je lui avais pr\u00e9par\u00e9 il y a 20 ans jour pour jour\u2026 Du coup je n\u2019imaginais pas meilleure recette pour la Journ\u00e9e Internationale du Chocolat\u00a0:o)<\/p>\n<p>Alors, comment trouvez-vous ma proposition pour le mois de Septembre?<\/p>\n<p>Et maintenant, je vous laisse d\u00e9couvrir les propositions de mes amies du Projet\u00a0#<a href=\"https:\/\/comeconmigo.net\/fr\/category\/descubriendo-sabores\/\"><strong>\u00c0 La D\u00e9couverte des Saveurs<\/strong><\/a>:<\/p>\n<p>Cris\u00a0<a href=\"https:\/\/comemosalas3.wordpress.com\/\"><strong>Comemos a las 3<\/strong><\/a>\u00a0a eu\u00a0<strong> Chocolat &amp; P\u00eaches <\/strong>et a pr\u00e9par\u00e9 un <a href=\"https:\/\/comemosalas3.wordpress.com\/2019\/09\/13\/cheescake-de-chocolate-y-melocoton\/?fbclid=IwAR3qx4XiW14B2GGueCbfsFjtYYKhzVPhMLl8YqKv-uiBWwh4ikK7bkGNchQ\">Cheesecake P\u00eaches &amp; Chocolat<\/a>.<\/p>\n<p>Rosa\u00a0<a href=\"http:\/\/rosaculinaire.over-blog.com\/\"><strong>Un Toque de Canela<\/strong><\/a>\u00a0a eu\u00a0<strong>Chocolat &amp; Fruits Secs <\/strong>et a pr\u00e9par\u00e9 des\u00a0<a href=\"http:\/\/rosaculinaire.over-blog.com\/2019\/09\/rocas-de-chocolate-especiado-con-cereales-y-pasas-descubriendo-sabores.html?fbclid=IwAR1T-qkiY6Z94vvTDnCkemJtqymKwbZTVBbn1TfKjRHdZAyyAwJI4NOIyrA\">Rochers au Chocolat Epic\u00e9, C\u00e9r\u00e9ales et Raisins secs<\/a>.<\/p>\n<p>Dolors Hi ha bruixes a la Cuina a eu\u00a0<strong>Chocolat &amp; Carottes <\/strong>et a pr\u00e9par\u00e9 des <a href=\"https:\/\/bruixesalacuina.blogspot.com\/2019\/09\/galetes-de-pastanaga-amb-xocolata.html?fbclid=IwAR1w1MEg5GledGK9UZwGWIJ8awDgh4Afiwsp3pnGNw81VHr97MgG8w4xox8\">petits biscuits Carotte &amp; Chocolat<\/a>.<\/p>\n<p>Avez-vous d\u00e9j\u00e0 go\u00fbt\u00e9 \u00e0 l\u2019une de ces associations\u00a0? Vous les partagez avec nous\u00a0?<\/p>\n<p>Bon week end![\/vc_column_text][vc_single_image image=\u00a0\u00bb24174&Prime; img_size=\u00a0\u00bb400&#215;600&Prime; alignment=\u00a0\u00bbcenter\u00a0\u00bb][\/vc_column][\/vc_row][vc_row][vc_column width=\u00a0\u00bb7\/12&Prime;][vc_text_separator title=\u00a0\u00bbAujourd&rsquo;hui&#8230;\u00a0\u00bb color=\u00a0\u00bbblack\u00a0\u00bb]\n\t\t\t<section class=\"image-edge\">\n\t\t\t    <div class=\"col-md-6 col-sm-4 p0 col-md-push-6 col-sm-push-8\">\n\t\t\t        <img width=\"800\" height=\"645\" src=\"https:\/\/comeconmigo.net\/wp-content\/uploads\/2019\/09\/BundtCake-de-Pera-con-Glaseado-de-Chocolate-3.jpg\" class=\"mb-xs-24\" alt=\"\" loading=\"lazy\" srcset=\"https:\/\/comeconmigo.net\/wp-content\/uploads\/2019\/09\/BundtCake-de-Pera-con-Glaseado-de-Chocolate-3.jpg 800w, https:\/\/comeconmigo.net\/wp-content\/uploads\/2019\/09\/BundtCake-de-Pera-con-Glaseado-de-Chocolate-3-300x242.jpg 300w, https:\/\/comeconmigo.net\/wp-content\/uploads\/2019\/09\/BundtCake-de-Pera-con-Glaseado-de-Chocolate-3-768x619.jpg 768w\" sizes=\"(max-width: 800px) 100vw, 800px\" \/>\n\t\t\t    <\/div>\n\t\t\t    <div class=\"container\">\n\t\t\t        <div class=\"col-md-5 col-md-pull-0 col-sm-7 col-sm-pull-4 v-align-transform\">\n\t\t\t            [vc_column_text]<\/p>\n<h3 style=\"text-align: left;\">BUNDTCAKE POIRE &amp; GLA\u00c7AGE CHOCOLAT<\/h3>\n<p>[\/vc_column_text]\n\t\t\t        <\/div>\n\t\t\t    <\/div>\n\t\t\t<\/section>\n\t\t[\/vc_column][vc_column width=\u00a0\u00bb5\/12&Prime;][vc_text_separator title=\u00a0\u00bbUn jour comme aujourd&rsquo;hui, il y a\u2026\u00a0\u00bb color=\u00a0\u00bbblack\u00a0\u00bb][vc_column_text]\u2026 1 an: <a href=\"https:\/\/comeconmigo.net\/top6-granolas-caseros-dulces-uno-salado\/\">TOP6 Granolas Maison Sucr\u00e9s &amp; Un Sal\u00e9<\/a><\/p>\n<p>\u2026 2 ans: <a href=\"https:\/\/comeconmigo.net\/?p=11566\">Cakes Citron &amp; Pavot au Levain<\/a><\/p>\n<p>\u2026 3 ans: <a href=\"https:\/\/comeconmigo.net\/?p=568\">Prunes r\u00f4ties fa\u00e7on cobbler sans gluten<\/a><\/p>\n<p>\u2026 4 ans: <a href=\"https:\/\/comeconmigo.net\/?p=705\">Seiche aux pommes de Terre de la famille Roca<\/a><\/p>\n<p>\u2026 5 ans: <a href=\"https:\/\/comeconmigo.net\/?p=831\">Tarte Tomate Ricotta<\/a><\/p>\n<p>\u2026 6 ans: <a href=\"https:\/\/comeconmigo.net\/?p=911\">Pommes de Terre en Cro\u00fbte d\u2019Algues<\/a><\/p>\n<p>\u2026 7 ans: <a href=\"https:\/\/comeconmigo.net\/?p=120\">Cake au Chocolat, Epices &amp; Gingembre Confit<\/a><\/p>\n<p>\u2026 8 ans: <a href=\"https:\/\/comeconmigo.net\/?p=243\">Escab\u00e8che de Courgettes<\/a><\/p>\n<p>\u2026 9 ans: <a href=\"https:\/\/comeconmigo.net\/?p=356\">Pain au Levain et aux Graines de Lin<\/a><\/p>\n<p>\u2026 10 ans: <a href=\"https:\/\/comeconmigo.net\/?p=476\">Le Yahourt Nature<\/a>[\/vc_column_text][\/vc_column][\/vc_row][vc_row][vc_column width=\u00a0\u00bb1\/4&Prime; css=\u00a0\u00bb.vc_custom_1502280835828{background-color: #fff0dd !important;}\u00a0\u00bb][vc_column_text]<\/p>\n<h3 style=\"text-align: center;\">Pour un moule de 10 cups<\/h3>\n<p style=\"text-align: center;\"><em><u>Pour le bundtcake (tous les ingr\u00e9dients doivent \u00eatre \u00e0 temp\u00e9rature ambiante)<\/u><\/em><\/p>\n<p style=\"text-align: center;\">3 belles poires m\u00fbres mais fermes (Williams)<\/p>\n<p style=\"text-align: center;\">1 citron<\/p>\n<p style=\"text-align: center;\">5 oeufs<\/p>\n<p style=\"text-align: center;\">200g de farine<\/p>\n<p style=\"text-align: center;\">100g de f\u00e9cule de pommes de terre<\/p>\n<p style=\"text-align: center;\">300g de beurre \u00e0 temp\u00e9rature ambiante<\/p>\n<p style=\"text-align: center;\">250g de sucre<\/p>\n<p style=\"text-align: center;\">1 CS* d\u2019extrait de vanille liquide<\/p>\n<p style=\"text-align: center;\">10g de levure chimique<\/p>\n<p style=\"text-align: center;\"><em><u>Pour le gla\u00e7age<\/u><\/em><\/p>\n<p style=\"text-align: center;\">200g de chocolatn54%<\/p>\n<p style=\"text-align: center;\">250g de cr\u00e8me fleurette (31%MG)<\/p>\n<p style=\"text-align: center;\">1CS* de miel<\/p>\n<p>[\/vc_column_text][\/vc_column][vc_column width=\u00a0\u00bb3\/4&Prime; css=\u00a0\u00bb.vc_custom_1502280820239{padding-top: 10px !important;padding-right: 10px !important;padding-bottom: 10px !important;padding-left: 10px !important;}\u00a0\u00bb][vc_column_text]<\/p>\n<p style=\"text-align: center;\"><em><u>Pour le bundtcake (tous les ingr\u00e9dients doivent \u00eatre \u00e0 temp\u00e9rature ambiante)<\/u><\/em><\/p>\n<p style=\"text-align: center;\">Graisser avec un spray adapt\u00e9 votre moule et r\u00e9server au frais.<\/p>\n<p style=\"text-align: center;\">Eplucher les poires, \u00f4ter les p\u00e9pins et d\u00e9couper en cubes moyens. Enrober de jus de citron au fur et \u00e0 mesure et r\u00e9server.<\/p>\n<p style=\"text-align: center;\">Fouetter le beurre avec le sucre et l\u2019extrait de vanille jusqu\u2019\u00e0 ce que le m\u00e9lange blanchisse et prenne du volume, environ 5 minutes \u00e0 vitesse moyenne haute.<\/p>\n<p style=\"text-align: center;\">Ajouter les oeufs un par un en attendant que le premier soit parfaitement int\u00e9gr\u00e9 \u00e0 la p\u00e2te avant de rajouter le suivant.<\/p>\n<p style=\"text-align: center;\">Ajouter \u00e0 l\u2019aide d\u2019une maryse les poires dans la p\u00e2te et m\u00e9langer d\u00e9licatement. Terminer par la farine tamis\u00e9e et m\u00e9lang\u00e9e \u00e0 la f\u00e9cule de pomme de terre et \u00e0 la levure. M\u00e9langer juste ce qu\u2019il faut pour que tous les ingr\u00e9dients soient m\u00e9langer mais sans exc\u00e8s pour que le g\u00e2teau reste bien mo\u00eblleux.<\/p>\n<p style=\"text-align: center;\">Pr\u00e9chauffer le four \u00e0 175\u00ba chaleur tournante.<\/p>\n<p style=\"text-align: center;\">Verser la p\u00e2te dans le moule et tapoter doucement le moule sur des torchons pour que la p\u00e2te se r\u00e9partisse bien et \u00e9viter les bulles disgracieuses dans le motif.<\/p>\n<p style=\"text-align: center;\">Enfourner pour 45mn (\u00e0 surveiller d\u00e8s 40 minutes car chaque four est unique) et v\u00e9rifier la cuisson avec une pique en bois.<\/p>\n<p style=\"text-align: center;\">Ensuite il n\u2019y a plus qu\u2019\u00e0 suivre les \u00e9tapes pour un d\u00e9moulage parfait: laisser refroidir notre moule sur une grille \u00e0 p\u00e2tisserie 10 minutes exactement.<\/p>\n<p style=\"text-align: center;\">Ensuite secouer bien le moule pour entendre et v\u00e9rifier que tout est bien d\u00e9coll\u00e9 puis retourner sur une grille \u00e0 p\u00e2tisserie pour laisser refroidir avant de passer au gla\u00e7age.<\/p>\n<p style=\"text-align: center;\"><em><u>Pour le gla\u00e7age au chocolat<\/u><\/em><\/p>\n<p style=\"text-align: center;\">Quand le bundtcake est bien froid, passer \u00e0 la pr\u00e9paration du gla\u00e7age.<\/p>\n<p style=\"text-align: center;\">Faire fondre le chocolat au bain-marie et chauffer \u00e0 part la cr\u00e8me fleurette avec le miel jusqu\u2019\u00e0 \u00e9bullition.<\/p>\n<p style=\"text-align: center;\">Verser la cr\u00e8me chaude en 3 fois sur le chocolat fondu en \u00e9mulsionnant bien \u00e0 la maryse entre chaque ajout pour obtenir une belle ganache lisse et brillante.<\/p>\n<p style=\"text-align: center;\">Laisser l\u00e9g\u00e8rement ti\u00e9dir puis verser sur le bundtcake et laisser prendre \u00e0 l\u2019air libre pendant 2 heures.<\/p>\n<p style=\"text-align: center;\">Ce bundtcake se conserve parfaitement 2 jours dans une bo\u00eete \u00e0 g\u00e2teau ou au frigo, mais penser \u00e0 le servir \u00e0 temp\u00e9rature ambiante.<\/p>\n<p>[\/vc_column_text][vc_column_text]<\/p>\n<p style=\"text-align: center;\"><i>Bon profit!<\/i><\/p>\n<p><em>Quelques informations plus ou moins utiles<\/em><\/p>\n<p>*CS: Cuill\u00e8re \u00e0 Soupe[\/vc_column_text][vc_single_image image=\u00a0\u00bb11028&Prime; alignment=\u00a0\u00bbcenter\u00a0\u00bb][\/vc_column][\/vc_row][vc_row][vc_column][vc_column_text]<\/p>\n<h3>Encore un petit creux\u2026<\/h3>\n<p>[\/vc_column_text][vc_basic_grid post_type=\u00a0\u00bbpost\u00a0\u00bb max_items=\u00a0\u00bb6&Prime; element_width=\u00a0\u00bb2&Prime; gap=\u00a0\u00bb0&Prime; orderby=\u00a0\u00bbrand\u00a0\u00bb item=\u00a0\u00bbbasicGrid_VerticalFlip\u00a0\u00bb grid_id=\u00a0\u00bbvc_gid:1568638576408-6edc76df-2183-4&Prime; taxonomies=\u00a0\u00bb435&Prime;][\/vc_column][\/vc_row]<\/p>","protected":false},"excerpt":{"rendered":"<p>Comment se faire plaisir en visant haut!<\/p>\n","protected":false},"author":2,"featured_media":24176,"comment_status":"open","ping_status":"closed","sticky":false,"template":"","format":"standard","meta":[],"categories":[399,342,437,1,361],"tags":[],"jetpack_featured_media_url":"https:\/\/comeconmigo.net\/wp-content\/uploads\/2019\/09\/BundtCake-de-Pera-con-Glaseado-de-Chocolate-6.jpg","_links":{"self":[{"href":"https:\/\/comeconmigo.net\/fr\/wp-json\/wp\/v2\/posts\/24122"}],"collection":[{"href":"https:\/\/comeconmigo.net\/fr\/wp-json\/wp\/v2\/posts"}],"about":[{"href":"https:\/\/comeconmigo.net\/fr\/wp-json\/wp\/v2\/types\/post"}],"author":[{"embeddable":true,"href":"https:\/\/comeconmigo.net\/fr\/wp-json\/wp\/v2\/users\/2"}],"replies":[{"embeddable":true,"href":"https:\/\/comeconmigo.net\/fr\/wp-json\/wp\/v2\/comments?post=24122"}],"version-history":[{"count":0,"href":"https:\/\/comeconmigo.net\/fr\/wp-json\/wp\/v2\/posts\/24122\/revisions"}],"wp:featuredmedia":[{"embeddable":true,"href":"https:\/\/comeconmigo.net\/fr\/wp-json\/wp\/v2\/media\/24176"}],"wp:attachment":[{"href":"https:\/\/comeconmigo.net\/fr\/wp-json\/wp\/v2\/media?parent=24122"}],"wp:term":[{"taxonomy":"category","embeddable":true,"href":"https:\/\/comeconmigo.net\/fr\/wp-json\/wp\/v2\/categories?post=24122"},{"taxonomy":"post_tag","embeddable":true,"href":"https:\/\/comeconmigo.net\/fr\/wp-json\/wp\/v2\/tags?post=24122"}],"curies":[{"name":"wp","href":"https:\/\/api.w.org\/{rel}","templated":true}]}}