{"id":22871,"date":"2019-04-15T07:00:27","date_gmt":"2019-04-15T06:00:27","guid":{"rendered":"http:\/\/comeconmigo.net\/?p=22871"},"modified":"2019-04-15T07:26:48","modified_gmt":"2019-04-15T06:26:48","slug":"descubriendosabores-platanos-asados-con-helado-de-turron-de-jijona-almendras-garrapinyades-con-ron-lima","status":"publish","type":"post","link":"https:\/\/comeconmigo.net\/fr\/descubriendosabores-platanos-asados-con-helado-de-turron-de-jijona-almendras-garrapinyades-con-ron-lima\/","title":{"rendered":"#ALADECOUVERTEDESSAVEURS : BANANES R\u00d4TIES, GLACE AU TURR\u00d3N &#038; AMANDES SUCR\u00c9ES RHUM &#038; CITRON VERT"},"content":{"rendered":"<p>[vc_row][vc_column][vc_column_text]Comme chaque 3<sup>\u00e8me<\/sup>\u00a0lundi du mois, voici une nouvelle recette pour le\u00a0<a href=\"https:\/\/comeconmigo.net\/fr\/category\/tematicas\/descubriendo-sabores\/\"><strong>Projet #A la D\u00e9couverte des Saveurs<\/strong><\/a>\u00a0que nous partageons avec Cristina\u00a0<a href=\"https:\/\/comemosalas3.wordpress.com\/\"><strong>Comemos a las 3<\/strong><\/a>, Dolors\u00a0<a href=\"http:\/\/bruixesalacuina.blogspot.fr\/\"><strong>Hi ha bruixes a la Cuina\u00a0<\/strong><\/a>et Rosa\u00a0<a href=\"http:\/\/rosaculinaire.over-blog.com\/\"><strong>Un toque de canela<\/strong><\/a>.<\/p>\n<p><a href=\"https:\/\/comeconmigo.net\/fr\/category\/descubriendo-sabores\/\"><img loading=\"lazy\" class=\"aligncenter wp-image-15392 size-full\" src=\"https:\/\/comeconmigo.net\/wp-content\/uploads\/2017\/03\/logo-\u00e0-la-d\u00e9couverte-des-saveurs-200x200.png\" alt=\"\" width=\"200\" height=\"200\" srcset=\"https:\/\/comeconmigo.net\/wp-content\/uploads\/2017\/03\/logo-\u00e0-la-d\u00e9couverte-des-saveurs-200x200.png 200w, https:\/\/comeconmigo.net\/wp-content\/uploads\/2017\/03\/logo-\u00e0-la-d\u00e9couverte-des-saveurs-200x200-150x150.png 150w, https:\/\/comeconmigo.net\/wp-content\/uploads\/2017\/03\/logo-\u00e0-la-d\u00e9couverte-des-saveurs-200x200-60x60.png 60w\" sizes=\"(max-width: 200px) 100vw, 200px\" \/><\/a>Ce mois-ci, c\u2019\u00e9tait au tour de Dolors de choisir et elle a d\u00e9cid\u00e9 de nous faciliter la t\u00e2che en cette p\u00e9riode de P\u00e2ques et de vacances scolaires en choisissant comme ingr\u00e9dient principal LA BANANE !! Et comme ingr\u00e9dient secondaire, elle m\u2019a attribu\u00e9 les AMANDES.<\/p>\n<p><a href=\"https:\/\/comeconmigo.net\/wp-content\/uploads\/2019\/04\/Pl\u00e1tanos-asados-con-Helado-de-Turr\u00f3n-Garrapinyades-de-Ron-Lima-13.jpg\" rel=\"attachment wp-att-23153\"><img loading=\"lazy\" class=\"aligncenter size-medium wp-image-23153\" src=\"https:\/\/comeconmigo.net\/wp-content\/uploads\/2019\/04\/Pl\u00e1tanos-asados-con-Helado-de-Turr\u00f3n-Garrapinyades-de-Ron-Lima-13-300x201.jpg\" alt=\"\" width=\"300\" height=\"201\" srcset=\"https:\/\/comeconmigo.net\/wp-content\/uploads\/2019\/04\/Pl\u00e1tanos-asados-con-Helado-de-Turr\u00f3n-Garrapinyades-de-Ron-Lima-13-300x201.jpg 300w, https:\/\/comeconmigo.net\/wp-content\/uploads\/2019\/04\/Pl\u00e1tanos-asados-con-Helado-de-Turr\u00f3n-Garrapinyades-de-Ron-Lima-13-768x514.jpg 768w, https:\/\/comeconmigo.net\/wp-content\/uploads\/2019\/04\/Pl\u00e1tanos-asados-con-Helado-de-Turr\u00f3n-Garrapinyades-de-Ron-Lima-13-600x400.jpg 600w, https:\/\/comeconmigo.net\/wp-content\/uploads\/2019\/04\/Pl\u00e1tanos-asados-con-Helado-de-Turr\u00f3n-Garrapinyades-de-Ron-Lima-13.jpg 896w\" sizes=\"(max-width: 300px) 100vw, 300px\" \/><\/a>Tr\u00e8s sinc\u00e8rement, \u00e0 la maison, les bananes on les mange telles quelles, je crois que je peux compter sur les doigts d\u2019une main les fois o\u00f9 je les ai utilis\u00e9es comme ingr\u00e9dients dans une reette\u2026 Quant aux amandes, avec de la banane ce n\u2019\u00e9tait pas tr\u00e8s clair non plus. Et puis voil\u00e0 que ma Tante me demande si j\u2019ai ma recette de glace au turr\u00f3n sur le blog\u2026<\/p>\n<p>Du coup, l\u2019id\u00e9e que je partage aujourd\u2019hui est n\u00e9e\u00a0: banane + glace ;o) Une banane cuite au four servie avec une d\u00e9licieuse glace au turr\u00f3n (donc aux amandes), le tout relev\u00e9 par des amandes sucr\u00e9es au rhum et au citron vert\u2026 Je peux vous garantir qu\u2019elles sont \u00e0 elles seules un p\u00e9ch\u00e9 de gourmandise.<\/p>\n<p>Alors, que pensez-vous de ma proposition pour le mois d\u2019Avril?<\/p>\n<p>Et maintenant, je vous laisse d\u00e9couvrir les propositions de mes amies du Projet\u00a0#<a href=\"https:\/\/comeconmigo.net\/fr\/category\/descubriendo-sabores\/\"><strong>\u00c0 La D\u00e9couverte des Saveurs<\/strong><\/a>:<\/p>\n<p>Cris\u00a0<a href=\"https:\/\/comemosalas3.wordpress.com\/\"><strong>Comemos a las 3<\/strong><\/a>\u00a0a eu\u00a0<strong>\u00a0Banane &amp;\u00a0Noix <\/strong>et a pr\u00e9par\u00e9 une <a href=\"https:\/\/comemosalas3.wordpress.com\/2019\/04\/15\/tarta-tatin-de-platanos-fresas-y-nueces\/?fbclid=IwAR1Lx0L10iUdVcd--YbpY19lmuTpbmHFcrnGGVGvBoFmdaGKsjsGcJzAWF4\">Tarte Tatin aux Bananes &amp; aux Noix aux Fraises<\/a>.<\/p>\n<p>Dolors\u00a0<a href=\"http:\/\/bruixesalacuina.blogspot.fr\/\"><strong>Hi ha bruixes a la cuina<\/strong><\/a>\u00a0a eu\u00a0<strong>Banane &amp;\u00a0Cacahou\u00e8te <\/strong>et a pr\u00e9par\u00e9 des <a href=\"https:\/\/bruixesalacuina.blogspot.com\/2019\/04\/muffins-de-platan-amb-glacejat-de.html?fbclid=IwAR2_wcomT7IAL43S9luvmFzwBWHyDSf84NeHz0GadGzyetk6A-g77BA8XSk\">Muffins \u00e0 la Banane gla\u00e7age cacahou\u00e8te<\/a>.<\/p>\n<p>Rosa\u00a0<a href=\"http:\/\/rosaculinaire.over-blog.com\/\"><strong>Un Toque de Canela<\/strong><\/a>\u00a0a eu\u00a0<strong>Banane &amp; Noisettes\u00a0<\/strong>et a pr\u00e9par\u00e9 des <a href=\"http:\/\/rosaculinaire.over-blog.com\/2019\/04\/galletas-de-avena-platano-y-avellanas-descubriendo-sabores.html?fbclid=IwAR0BphXr6mryeI_Pa-W9DCYWs7Ohq5vn0NfQCOyRpj2Rfk_NCwUVPvP_W2g\">Biscuits \u00e0 l&rsquo;Avoine &amp; \u00e0 la Banane aux Noisettes<\/a>.<\/p>\n<p>Avez-vous d\u00e9j\u00e0 go\u00fbt\u00e9 \u00e0 l\u2019une de ces associations\u00a0? Vous les partagez avec nous\u00a0?<\/p>\n<p>Bonne semaine![\/vc_column_text][vc_single_image image=\u00a0\u00bb23151&Prime; img_size=\u00a0\u00bb400&#215;600&Prime; alignment=\u00a0\u00bbcenter\u00a0\u00bb][\/vc_column][\/vc_row][vc_row][vc_column width=\u00a0\u00bb7\/12&Prime;][vc_text_separator title=\u00a0\u00bbAujourd&rsquo;hui&#8230;\u00a0\u00bb color=\u00a0\u00bbblack\u00a0\u00bb]\n\t\t\t<section class=\"image-edge\">\n\t\t\t    <div class=\"col-md-6 col-sm-4 p0 col-md-push-6 col-sm-push-8\">\n\t\t\t        <img width=\"896\" height=\"600\" src=\"https:\/\/comeconmigo.net\/wp-content\/uploads\/2019\/04\/Pl\u00e1tanos-asados-con-Helado-de-Turr\u00f3n-Garrapinyades-de-Ron-Lima-9.jpg\" class=\"mb-xs-24\" alt=\"\" loading=\"lazy\" srcset=\"https:\/\/comeconmigo.net\/wp-content\/uploads\/2019\/04\/Pl\u00e1tanos-asados-con-Helado-de-Turr\u00f3n-Garrapinyades-de-Ron-Lima-9.jpg 896w, https:\/\/comeconmigo.net\/wp-content\/uploads\/2019\/04\/Pl\u00e1tanos-asados-con-Helado-de-Turr\u00f3n-Garrapinyades-de-Ron-Lima-9-300x201.jpg 300w, https:\/\/comeconmigo.net\/wp-content\/uploads\/2019\/04\/Pl\u00e1tanos-asados-con-Helado-de-Turr\u00f3n-Garrapinyades-de-Ron-Lima-9-768x514.jpg 768w\" sizes=\"(max-width: 896px) 100vw, 896px\" \/>\n\t\t\t    <\/div>\n\t\t\t    <div class=\"container\">\n\t\t\t        <div class=\"col-md-5 col-md-pull-0 col-sm-7 col-sm-pull-4 v-align-transform\">\n\t\t\t            [vc_column_text]<\/p>\n<h3 style=\"text-align: left;\">BANANES R\u00d4TIES, GLACE AU TURR\u00d3N &amp; AMANDES SUCR\u00c9ES RHUM &amp; CITRON VERT<\/h3>\n<p>[\/vc_column_text]\n\t\t\t        <\/div>\n\t\t\t    <\/div>\n\t\t\t<\/section>\n\t\t[\/vc_column][vc_column width=\u00a0\u00bb5\/12&Prime;][vc_text_separator title=\u00a0\u00bbUn jour comme aujourd&rsquo;hui, il y a\u2026\u00a0\u00bb color=\u00a0\u00bbblack\u00a0\u00bb][vc_column_text]\u2026 1 an: <a href=\"https:\/\/comeconmigo.net\/descubriendosabores-pastel-de-arroz-con-leche-de-coco-canela\/\">G\u00e2teau de riz au Lait de Coco &amp; Cannelle<\/a><\/p>\n<p>\u2026 2 ans:\u00a0<a href=\"https:\/\/wp.me\/p9bheG-2Bj\">Tarte Chocolat Framboise de Pierre Herm\u00e9<\/a><\/p>\n<p>\u2026 3 ans:\u00a0<a href=\"https:\/\/comeconmigo.net\/?p=616\">Chili con Carne \u00e0 ma Fa\u00e7on<\/a><\/p>\n<p>\u2026 4 ans:\u00a0<a href=\"https:\/\/comeconmigo.net\/?p=751\">Taboul\u00e9 au Mil &amp; aux Cacahou\u00e8tes<\/a><\/p>\n<p>\u2026 6 ans:\u00a0<a href=\"https:\/\/comeconmigo.net\/?p=48\">Farfalle aux Crevettes, Artichauts &amp; Algue Nori<\/a><\/p>\n<p>\u2026 7 ans:\u00a0<a href=\"https:\/\/comeconmigo.net\/?p=168\">Le Quatre-Quarts de Pierre Herm\u00e9<\/a><\/p>\n<p>\u2026 8 ans:\u00a0<a href=\"https:\/\/comeconmigo.net\/?p=291\">Salade ti\u00e8de d\u2019Haricots Verts &amp; Blancs aux G\u00e9siers de Canard Confits<\/a><\/p>\n<p>\u2026 9 ans:\u00a0<a href=\"https:\/\/comeconmigo.net\/?p=382\">Muffins de Son d\u2019Avoine au coeur Chocolat<\/a>[\/vc_column_text][\/vc_column][\/vc_row][vc_row][vc_column width=\u00a0\u00bb1\/4&Prime; css=\u00a0\u00bb.vc_custom_1502280835828{background-color: #fff0dd !important;}\u00a0\u00bb][vc_column_text]<\/p>\n<h3 style=\"text-align: center;\">Pour 4 personnes<\/h3>\n<p style=\"text-align: center;\"><em><u>Pour la glace au turr\u00f3n (la cr\u00e8me servant de base se pr\u00e9pare en avance)<\/u><\/em><\/p>\n<p style=\"text-align: center;\">185g de cr\u00e8me fleurette 30% + 100g<\/p>\n<p style=\"text-align: center;\">50g de lait demi-\u00e9cr\u00e9m\u00e9<\/p>\n<p style=\"text-align: center;\">30g de miel (si vous aimez les desserts tr\u00e8s sucr\u00e9s, vous pouvez doubler la quantit\u00e9 de miel ou ajouter du sucre)<\/p>\n<p style=\"text-align: center;\">100g de turr\u00f3n de Jijona (le mou)<\/p>\n<p style=\"text-align: center;\">1 jaune d\u2019oeuf L<\/p>\n<p style=\"text-align: center;\"><em><u>Pour les amandes sucr\u00e9es au rhum et au citron vert<\/u><\/em><\/p>\n<p style=\"text-align: center;\">85g d\u2019amandes<\/p>\n<p style=\"text-align: center;\">110g de sucre blanc<\/p>\n<p style=\"text-align: center;\">50g de rhum<\/p>\n<p style=\"text-align: center;\">Le zeste tr\u00e8s finement r\u00e2p\u00e9 d\u2019 \u00bd citron vert<\/p>\n<p style=\"text-align: center;\"><em><u>Pour les bananes r\u00f4ties<\/u><\/em><\/p>\n<p style=\"text-align: center;\">4 belles bananes<\/p>\n<p>[\/vc_column_text][\/vc_column][vc_column width=\u00a0\u00bb3\/4&Prime; css=\u00a0\u00bb.vc_custom_1502280820239{padding-top: 10px !important;padding-right: 10px !important;padding-bottom: 10px !important;padding-left: 10px !important;}\u00a0\u00bb][vc_column_text]<\/p>\n<p style=\"text-align: center;\"><em><u>Pour la glace au turr\u00f3n<\/u><\/em><\/p>\n<p style=\"text-align: center;\">Emietter le turr\u00f3n et le mettre \u00e0 chauffer avec le lait et les 185g de cr\u00e8me dans une casserole moyenne. Pendant ce temps, fouetter le miel et le jaune d\u2019\u0153uf pour le faire blanchir. Quand le turr\u00f3n a fondu et que le lait est presque \u00e0 \u00e9bullition, verser le lait sur l\u2019\u0153uf en fouettant sans arr\u00eat.<\/p>\n<p style=\"text-align: center;\">Reverser dans la casserole et cuire \u00e0 feu moyen sans cesser de m\u00e9langer jusqu\u2019\u00e0 ce que la pr\u00e9paration \u00e9paississe. Quand c\u2019est le cas, verser dans un saladier et filmer au contact. Laisser refroidir et r\u00e9server au frigo.<\/p>\n<p style=\"text-align: center;\">Quand le m\u00e9lange est bien froid et que c\u2019est le moment de lancer la sorbeti\u00e8re, monter en cr\u00e8me fouett\u00e9e l\u00e9g\u00e8re les 100g de cr\u00e8me fleurette restante puis l\u2019incorporer d\u00e9licatement \u00e0 la cr\u00e8me de turr\u00f3n \u00e0 la maryse.<\/p>\n<p style=\"text-align: center;\">Verser dans la sorbeti\u00e8re et turbines 15\/20 minutes selon votre mod\u00e8le puis r\u00e9server dans un bac au cong\u00e9lateur jusqu\u2019au moment de servir.<\/p>\n<p style=\"text-align: center;\">Cette glace est si cr\u00e9meuse que si vous n\u2019avez pas de sorbeti\u00e8re, mettre directement dans un bac au cong\u00e9lateur et juste penser \u00e0 la sortir un peu en avance pour former des boules.<\/p>\n<p style=\"text-align: center;\"><em><u>Pour les amandes sucr\u00e9es au rhum et au citron vert<\/u><\/em><\/p>\n<p style=\"text-align: center;\">Dans une grande po\u00eale, rassembler tous les ingr\u00e9dients (amandes, sucre, rhum et zeste de citron vert) et chauffer \u00e0 feu vif jusqu\u2019\u00e0 ce que le m\u00e9lange commence \u00e0 bouillir. Quand c\u2019est le cas, m\u00e9langer sans s\u2019arr\u00eater avec une spatule en bois, juste le temps que se forme une couche de sucre autour des amandes. Verser sur une feuille de silpat pour les laisser refroidir.<\/p>\n<p style=\"text-align: center;\">Attention \u00e0 ne pas trop prolonger la cuisson car sinon le sucre va fondre et les amandes vont caram\u00e9liser ce qui n\u2019est pas le but ici, o\u00f9 je les voulais comme celle de ma tante Rosita.<\/p>\n<p style=\"text-align: center;\">Conserver dans un endroit top secret \u00e0 l\u2019abri de l\u2019humidit\u00e9 et des petits (ou grandes) mains.<\/p>\n<p style=\"text-align: center;\"><em><u>Pour les bananes r\u00f4ties<\/u><\/em><\/p>\n<p style=\"text-align: center;\">Rincer les bananes\u00a0 AVEC LEUR PEAU sous l\u2019eau et les s\u00e9cher. Les placer enti\u00e8res dans un plat et enfourner pour 20 minutes \u00e0 200\u00ba chaleur tournante. Ajuster le temps en fonction de leur taille, piqu\u00e9es avec un couteau elles doivent \u00eatre fondantes.<\/p>\n<p style=\"text-align: center;\">Laisser ti\u00e9dir hors du four pendant 10 minutes avant de passer au dressage.<\/p>\n<p style=\"text-align: center;\"><em><u>Pour le dressage<\/u><\/em><\/p>\n<p style=\"text-align: center;\">Faire une profonde entaille tout le long de la banane et l\u2019ouvrir de fa\u00e7on \u00e0 former une sorte de barque . Placer dedans une belle boule de glace au turr\u00f3n et terminer en d\u00e9corant avec quelques amandes sucr\u00e9es.<\/p>\n<p style=\"text-align: center;\">Servir sans attendre car la banane chaude a tendance \u00e0 faire fondre la glace\u2026 et le croquant des amandes sucr\u00e9es aide le mouvement de d\u00e9vorage\u00a0;o)<\/p>\n<p>[\/vc_column_text][vc_column_text]<\/p>\n<p style=\"text-align: center;\"><i>Bon profit!<\/i><\/p>\n<p><em>Quelques informations plus ou moins utiles<\/em>[\/vc_column_text][vc_single_image image=\u00a0\u00bb11028&Prime; alignment=\u00a0\u00bbcenter\u00a0\u00bb][\/vc_column][\/vc_row][vc_row][vc_column][vc_column_text]<\/p>\n<h3>Encore un petit creux\u2026<\/h3>\n<p>[\/vc_column_text][vc_basic_grid post_type=\u00a0\u00bbpost\u00a0\u00bb max_items=\u00a0\u00bb6&Prime; element_width=\u00a0\u00bb2&Prime; gap=\u00a0\u00bb0&Prime; orderby=\u00a0\u00bbrand\u00a0\u00bb item=\u00a0\u00bbbasicGrid_VerticalFlip\u00a0\u00bb grid_id=\u00a0\u00bbvc_gid:1555309452525-f2053af9-13df-9&Prime; taxonomies=\u00a0\u00bb437&Prime;][\/vc_column][\/vc_row]<\/p>","protected":false},"excerpt":{"rendered":"<p>Pure tentation&#8230;<\/p>\n","protected":false},"author":2,"featured_media":23154,"comment_status":"open","ping_status":"closed","sticky":false,"template":"","format":"standard","meta":[],"categories":[457,437,1,268,363],"tags":[],"jetpack_featured_media_url":"https:\/\/comeconmigo.net\/wp-content\/uploads\/2019\/04\/Pl\u00e1tanos-asados-con-Helado-de-Turr\u00f3n-Garrapinyades-de-Ron-Lima-16.jpg","_links":{"self":[{"href":"https:\/\/comeconmigo.net\/fr\/wp-json\/wp\/v2\/posts\/22871"}],"collection":[{"href":"https:\/\/comeconmigo.net\/fr\/wp-json\/wp\/v2\/posts"}],"about":[{"href":"https:\/\/comeconmigo.net\/fr\/wp-json\/wp\/v2\/types\/post"}],"author":[{"embeddable":true,"href":"https:\/\/comeconmigo.net\/fr\/wp-json\/wp\/v2\/users\/2"}],"replies":[{"embeddable":true,"href":"https:\/\/comeconmigo.net\/fr\/wp-json\/wp\/v2\/comments?post=22871"}],"version-history":[{"count":0,"href":"https:\/\/comeconmigo.net\/fr\/wp-json\/wp\/v2\/posts\/22871\/revisions"}],"wp:featuredmedia":[{"embeddable":true,"href":"https:\/\/comeconmigo.net\/fr\/wp-json\/wp\/v2\/media\/23154"}],"wp:attachment":[{"href":"https:\/\/comeconmigo.net\/fr\/wp-json\/wp\/v2\/media?parent=22871"}],"wp:term":[{"taxonomy":"category","embeddable":true,"href":"https:\/\/comeconmigo.net\/fr\/wp-json\/wp\/v2\/categories?post=22871"},{"taxonomy":"post_tag","embeddable":true,"href":"https:\/\/comeconmigo.net\/fr\/wp-json\/wp\/v2\/tags?post=22871"}],"curies":[{"name":"wp","href":"https:\/\/api.w.org\/{rel}","templated":true}]}}