{"id":22451,"date":"2019-03-15T08:00:22","date_gmt":"2019-03-15T07:00:22","guid":{"rendered":"http:\/\/comeconmigo.net\/?p=22451"},"modified":"2019-03-14T15:20:44","modified_gmt":"2019-03-14T14:20:44","slug":"crema-catalana","status":"publish","type":"post","link":"https:\/\/comeconmigo.net\/fr\/crema-catalana\/","title":{"rendered":"CR\u00c8ME CATALANE"},"content":{"rendered":"<p>[vc_row][vc_column][vc_column_text]J\u2019\u00e9tais persuad\u00e9e que la recette de la cr\u00e8me catalane \u00e9tait post\u00e9e sur le blog depuis bien longtemps. Mais en la cherchant pour envoyer le lien \u00e0 une amie je me suis rendue compte que c\u2019\u00e9tait une grande absente\u2026<\/p>\n<p>Et pourtant, on en pr\u00e9pare bien souvent, autant pour faire plaisir aux copains que pour nous trois tout seuls. D\u2019autant que c\u2019est le dessert pr\u00e9f\u00e9r\u00e9 de mon Papa avec les <a href=\"https:\/\/comeconmigo.net\/carquinyolis\/\">carquinyolis<\/a>, des petits croquants catalans aux amandes\u00a0;o)<\/p>\n<p>Je vous laisse donc avec ce grand classique, simple et d\u00e9licieux.<\/p>\n<p>Bon week-end\u00a0![\/vc_column_text][vc_single_image image=\u00a0\u00bb22829&Prime; img_size=\u00a0\u00bb400&#215;600&Prime; alignment=\u00a0\u00bbcenter\u00a0\u00bb][\/vc_column][\/vc_row][vc_row][vc_column width=\u00a0\u00bb7\/12&Prime;][vc_text_separator title=\u00a0\u00bbAujourd&rsquo;hui&#8230;\u00a0\u00bb color=\u00a0\u00bbblack\u00a0\u00bb]\n\t\t\t<section class=\"image-edge\">\n\t\t\t    <div class=\"col-md-6 col-sm-4 p0 col-md-push-6 col-sm-push-8\">\n\t\t\t        <img width=\"896\" height=\"600\" src=\"https:\/\/comeconmigo.net\/wp-content\/uploads\/2019\/03\/Crema-Catalana-ROCA-6.jpg\" class=\"mb-xs-24\" alt=\"\" loading=\"lazy\" srcset=\"https:\/\/comeconmigo.net\/wp-content\/uploads\/2019\/03\/Crema-Catalana-ROCA-6.jpg 896w, https:\/\/comeconmigo.net\/wp-content\/uploads\/2019\/03\/Crema-Catalana-ROCA-6-300x201.jpg 300w, https:\/\/comeconmigo.net\/wp-content\/uploads\/2019\/03\/Crema-Catalana-ROCA-6-768x514.jpg 768w\" sizes=\"(max-width: 896px) 100vw, 896px\" \/>\n\t\t\t    <\/div>\n\t\t\t    <div class=\"container\">\n\t\t\t        <div class=\"col-md-5 col-md-pull-0 col-sm-7 col-sm-pull-4 v-align-transform\">\n\t\t\t            [vc_column_text]<\/p>\n<h3 style=\"text-align: left;\"><strong>CR\u00c8ME CATALANE*<\/strong><\/h3>\n<p>[\/vc_column_text]\n\t\t\t        <\/div>\n\t\t\t    <\/div>\n\t\t\t<\/section>\n\t\t[\/vc_column][vc_column width=\u00a0\u00bb5\/12&Prime;][vc_text_separator title=\u00a0\u00bbUn jour comme aujourd&rsquo;hui, il y a\u2026\u00a0\u00bb color=\u00a0\u00bbblack\u00a0\u00bb][vc_column_text]\u2026 1 an: <a href=\"https:\/\/comeconmigo.net\/top6-cenas-veganas-para-tods\/\">TOP6 D\u00eeners Veg@n en Famille<\/a><\/p>\n<p>\u2026 2 ans:\u00a0<a href=\"https:\/\/wp.me\/p9bheG-2yQ\">Carottes r\u00f4ties au Sirop d\u2019\u00c9rable &amp; Moutarde \u00e0 l\u2019Ancienne<\/a><\/p>\n<p>\u2026 3 ans:\u00a0<a href=\"https:\/\/comeconmigo.net\/?p=630\">Coeur de Sucrine grill\u00e9s, vinaigrette \u00e0 la Menthe<\/a><\/p>\n<p>\u2026 4 ans:\u00a0<a href=\"https:\/\/comeconmigo.net\/?p=764\">Flan Espagnol \u00e0 l\u2019Oeuf, recette classique<\/a><\/p>\n<p>\u2026 5 ans:\u00a0<a href=\"https:\/\/comeconmigo.net\/?p=838\">Poulet Teryaki<\/a><\/p>\n<p>\u2026 6 ans:\u00a0<a href=\"https:\/\/comeconmigo.net\/?p=59\">Biscuits Croustillants aux Algues &amp; au S\u00e9same<\/a><\/p>\n<p>\u2026 7 ans:\u00a0<a href=\"https:\/\/comeconmigo.net\/?p=176\">Mac\u00e9doine de Mandarines &amp; Basilic<\/a><\/p>\n<p>\u2026 8 ans:\u00a0<a href=\"https:\/\/comeconmigo.net\/?p=302\">Pissaladi\u00e8re de Nice \u00e0 ma fa\u00e7on<\/a><\/p>\n<p>\u2026 9 ans:\u00a0<a href=\"https:\/\/comeconmigo.net\/?p=394\">Paillasson de Pommes de Terre r\u00e2p\u00e9es<\/a>[\/vc_column_text][\/vc_column][\/vc_row][vc_row][vc_column width=\u00a0\u00bb1\/4&Prime; css=\u00a0\u00bb.vc_custom_1502280835828{background-color: #fff0dd !important;}\u00a0\u00bb][vc_column_text]<\/p>\n<h3 style=\"text-align: center;\">Pour 8 personnes<\/h3>\n<p style=\"text-align: center;\">100g de sucre** + un peu pour caram\u00e9liser le dessus<\/p>\n<p style=\"text-align: center;\">8 jaunes d\u2019oeufs<\/p>\n<p style=\"text-align: center;\">40g de f\u00e9cule de ma\u00efs<\/p>\n<p style=\"text-align: center;\">1 l de lait entier (frais)<\/p>\n<p style=\"text-align: center;\">1 b\u00e2ton de cannelle<\/p>\n<p style=\"text-align: center;\">Le zeste d\u2019un citron bio<\/p>\n<p>[\/vc_column_text][\/vc_column][vc_column width=\u00a0\u00bb3\/4&Prime; css=\u00a0\u00bb.vc_custom_1502280820239{padding-top: 10px !important;padding-right: 10px !important;padding-bottom: 10px !important;padding-left: 10px !important;}\u00a0\u00bb][vc_column_text]<\/p>\n<p style=\"text-align: center;\">Amener \u00e0 \u00e9bullition le lait avec la cannelle et le zeste de citron d\u00e9coup\u00e9 en long b\u00e2tonnet.<\/p>\n<p style=\"text-align: center;\">D\u00e8s \u00e9bullition, \u00f4ter du feu et laisser infuser quelques minutes.<\/p>\n<p style=\"text-align: center;\">Fouetter les jaunes avec le sucre et la f\u00e9cule de ma\u00efs jusqu\u2019\u00e0 obtention d\u2019un m\u00e9lange lisse et sans grumeaux.<\/p>\n<p style=\"text-align: center;\">Oter alors la cannelle et le zeste du lait, le ramener \u00e0 \u00e9bullition et verser les \u0153ufs sucr\u00e9s dans le lait en fouettant bien \u00e0 feu doux. Puis m\u00e9langer \u00e0 la cuill\u00e8re en bois sans arr\u00eat jusqu\u2019\u00e0 ce que la cr\u00e8me \u00e9paississe.<\/p>\n<p style=\"text-align: center;\">Verser dans des cassolettes adapt\u00e9es et laisser refroidir avant de r\u00e9server film\u00e9 au contact au frigo.<\/p>\n<p style=\"text-align: center;\">Au moment du service, saupoudrer de sucre et br\u00fbler au chalumeau ou avec l\u2019ustensile traditionnel.<\/p>\n<p>[\/vc_column_text][vc_column_text]<\/p>\n<p style=\"text-align: center;\"><i>Bon profit!<\/i><\/p>\n<p><em>Quelques informations plus ou moins utiles<\/em><\/p>\n<p>* Du livre <em>Las Mejores Recetas de mi Madre<\/em> de Joan Roca.<\/p>\n<p>** La recette du livre comporte 200g de sucre mais c\u2019est beaucoup trop \u00e0 mon go\u00fbt d\u2019autant qu\u2019avec la couche de sucre br\u00fbl\u00e9 on rajoute du sucre.<\/p>\n<p>[\/vc_column_text][vc_single_image image=\u00a0\u00bb11028&Prime; alignment=\u00a0\u00bbcenter\u00a0\u00bb][\/vc_column][\/vc_row][vc_row][vc_column][vc_column_text]<\/p>\n<h3>Encore un petit creux\u2026<\/h3>\n<p>[\/vc_column_text][vc_basic_grid post_type=\u00a0\u00bbpost\u00a0\u00bb max_items=\u00a0\u00bb6&Prime; element_width=\u00a0\u00bb2&Prime; gap=\u00a0\u00bb0&Prime; orderby=\u00a0\u00bbrand\u00a0\u00bb item=\u00a0\u00bbbasicGrid_VerticalFlip\u00a0\u00bb grid_id=\u00a0\u00bbvc_gid:1552573140874-ad63d02e-8734-4&Prime; taxonomies=\u00a0\u00bb347&Prime;][\/vc_column][\/vc_row]<\/p>","protected":false},"excerpt":{"rendered":"<p>Un classique \u00e9ternel et parfait.<\/p>\n","protected":false},"author":2,"featured_media":22826,"comment_status":"open","ping_status":"closed","sticky":false,"template":"","format":"standard","meta":[],"categories":[347,1,394],"tags":[],"jetpack_featured_media_url":"https:\/\/comeconmigo.net\/wp-content\/uploads\/2019\/03\/Crema-Catalana-ROCA-5.jpg","_links":{"self":[{"href":"https:\/\/comeconmigo.net\/fr\/wp-json\/wp\/v2\/posts\/22451"}],"collection":[{"href":"https:\/\/comeconmigo.net\/fr\/wp-json\/wp\/v2\/posts"}],"about":[{"href":"https:\/\/comeconmigo.net\/fr\/wp-json\/wp\/v2\/types\/post"}],"author":[{"embeddable":true,"href":"https:\/\/comeconmigo.net\/fr\/wp-json\/wp\/v2\/users\/2"}],"replies":[{"embeddable":true,"href":"https:\/\/comeconmigo.net\/fr\/wp-json\/wp\/v2\/comments?post=22451"}],"version-history":[{"count":0,"href":"https:\/\/comeconmigo.net\/fr\/wp-json\/wp\/v2\/posts\/22451\/revisions"}],"wp:featuredmedia":[{"embeddable":true,"href":"https:\/\/comeconmigo.net\/fr\/wp-json\/wp\/v2\/media\/22826"}],"wp:attachment":[{"href":"https:\/\/comeconmigo.net\/fr\/wp-json\/wp\/v2\/media?parent=22451"}],"wp:term":[{"taxonomy":"category","embeddable":true,"href":"https:\/\/comeconmigo.net\/fr\/wp-json\/wp\/v2\/categories?post=22451"},{"taxonomy":"post_tag","embeddable":true,"href":"https:\/\/comeconmigo.net\/fr\/wp-json\/wp\/v2\/tags?post=22451"}],"curies":[{"name":"wp","href":"https:\/\/api.w.org\/{rel}","templated":true}]}}