{"id":22268,"date":"2019-02-27T08:00:23","date_gmt":"2019-02-27T07:00:23","guid":{"rendered":"http:\/\/comeconmigo.net\/?p=22268"},"modified":"2019-02-15T10:18:47","modified_gmt":"2019-02-15T09:18:47","slug":"bizcocho-de-leche-condensada-de-patricia","status":"publish","type":"post","link":"https:\/\/comeconmigo.net\/fr\/bizcocho-de-leche-condensada-de-patricia\/","title":{"rendered":"G\u00c2TEAU AU LAIT CONCENTR\u00c9 SUCR\u00c9 DE PATRICIA"},"content":{"rendered":"<p><\/p>\n<p>[vc_row][vc_column][vc_column_text]Mercredi + Vacances = G\u00e2teau au go\u00fbter\u00a0!<\/p>\n<p>Aujourd\u2019hui je vous propose de d\u00e9couvrir une recette de <a href=\"http:\/\/thyellowkitchen.blogspot.com.es\">mon amie Patri<\/a> que j\u2019ai bien d\u00fb pr\u00e9parer 1000 fois mais que je n\u2019avais pas encore eu l\u2019occasion de partager avec vous.<\/p>\n<p>C\u2019est la base parfaite si vous souhaitez garnir des couches et\/ou d\u00e9corer avec du fondant car la texture se tient bien et le go\u00fbt est au rendez-vous.<\/p>\n<p><a href=\"https:\/\/comeconmigo.net\/wp-content\/uploads\/2019\/02\/Bizcocho-de-leche-condensada-19.jpg\" rel=\"attachment wp-att-22595\"><img loading=\"lazy\" class=\"aligncenter size-medium wp-image-22595\" src=\"https:\/\/comeconmigo.net\/wp-content\/uploads\/2019\/02\/Bizcocho-de-leche-condensada-19-300x231.jpg\" alt=\"\" width=\"300\" height=\"231\" srcset=\"https:\/\/comeconmigo.net\/wp-content\/uploads\/2019\/02\/Bizcocho-de-leche-condensada-19-300x231.jpg 300w, https:\/\/comeconmigo.net\/wp-content\/uploads\/2019\/02\/Bizcocho-de-leche-condensada-19-768x592.jpg 768w, https:\/\/comeconmigo.net\/wp-content\/uploads\/2019\/02\/Bizcocho-de-leche-condensada-19.jpg 800w\" sizes=\"(max-width: 300px) 100vw, 300px\" \/><\/a>Mais \u00e0 la maison, c\u2019est nature avec un verre de lait chaud ou froid, selon les go\u00fbts\u00a0:o)<\/p>\n<p>En un mot, parfait pour le go\u00fbter du mercredi entre rires et copines\u00a0!<\/p>\n<p>Joyeux Mercredi\u00a0![\/vc_column_text][vc_single_image image=\u00a0\u00bb22598&Prime; img_size=\u00a0\u00bb400&#215;600&Prime; alignment=\u00a0\u00bbcenter\u00a0\u00bb][\/vc_column][\/vc_row][vc_row][vc_column width=\u00a0\u00bb7\/12&Prime;][vc_text_separator title=\u00a0\u00bbAujourd&rsquo;hui&#8230;\u00a0\u00bb color=\u00a0\u00bbblack\u00a0\u00bb]\n\t\t\t<section class=\"image-edge\">\n\t\t\t    <div class=\"col-md-6 col-sm-4 p0 col-md-push-6 col-sm-push-8\">\n\t\t\t        <img width=\"749\" height=\"800\" src=\"https:\/\/comeconmigo.net\/wp-content\/uploads\/2019\/02\/Bizcocho-de-leche-condensada-3.jpg\" class=\"mb-xs-24\" alt=\"\" loading=\"lazy\" srcset=\"https:\/\/comeconmigo.net\/wp-content\/uploads\/2019\/02\/Bizcocho-de-leche-condensada-3.jpg 749w, https:\/\/comeconmigo.net\/wp-content\/uploads\/2019\/02\/Bizcocho-de-leche-condensada-3-281x300.jpg 281w\" sizes=\"(max-width: 749px) 100vw, 749px\" \/>\n\t\t\t    <\/div>\n\t\t\t    <div class=\"container\">\n\t\t\t        <div class=\"col-md-5 col-md-pull-0 col-sm-7 col-sm-pull-4 v-align-transform\">\n\t\t\t            [vc_column_text]<\/p>\n<h3 style=\"text-align: left;\">G\u00c2TEAU AU LAIT CONCENTR\u00c9 SUCR\u00c9 DE PATRICIA**<\/h3>\n<p>[\/vc_column_text]\n\t\t\t        <\/div>\n\t\t\t    <\/div>\n\t\t\t<\/section>\n\t\t[\/vc_column][vc_column width=\u00a0\u00bb5\/12&Prime;][vc_text_separator title=\u00a0\u00bbUn jour comme aujourd&rsquo;hui, il y a\u2026\u00a0\u00bb color=\u00a0\u00bbblack\u00a0\u00bb][vc_column_text]\u2026 1 an:\u00a0<a href=\"https:\/\/comeconmigo.net\/rollitos-de-zanahoria-asada\/\">Rouleaux de Printemps aux Carottes r\u00f4ties<\/a><\/p>\n<p>\u2026 2 ans:\u00a0<a href=\"https:\/\/comeconmigo.net\/crujientes-de-col-kale\/\">Croustillants de Chou Kale<\/a><\/p>\n<p>\u2026 3 ans:\u00a0<a href=\"https:\/\/comeconmigo.net\/?p=638\">G\u00e2teau Banane, Huille d\u2019Olive, Citron &amp; Chocolat<\/a><\/p>\n<p>\u2026 4 ans:\u00a0<a href=\"https:\/\/comeconmigo.net\/?p=772\">G\u00e2teau Cacao &amp; Ricotta de Benedetta<\/a><\/p>\n<p>\u2026 5 ans:\u00a0<a href=\"https:\/\/comeconmigo.net\/?p=846\">Scones de Wakam\u00e9 &amp; Amandes (sans beurre, vegan)<\/a><\/p>\n<p>\u2026 6 ans:\u00a0<a href=\"https:\/\/comeconmigo.net\/?p=64\">Confiture Banane &amp; Chocolat<\/a><\/p>\n<p>\u2026 7 ans:\u00a0<a href=\"https:\/\/comeconmigo.net\/?p=183\">Soupe aux Boulettes de Ch\u00e2taignes<\/a><\/p>\n<p>\u2026 8 ans:\u00a0<a href=\"https:\/\/comeconmigo.net\/?p=312\">Mini Cakes Sal\u00e9s aux G\u00e9siers de Canard Confits &amp; Pruneaux d\u2019Agen<\/a><\/p>\n<p>\u2026 9 ans:\u00a0<a href=\"https:\/\/comeconmigo.net\/?p=403\">Cheseecake l\u00e9ger au citron, miettes croustillantes<\/a>[\/vc_column_text][\/vc_column][\/vc_row][vc_row][vc_column width=\u00a0\u00bb1\/4&Prime; css=\u00a0\u00bb.vc_custom_1502280835828{background-color: #fff0dd !important;}\u00a0\u00bb][vc_column_text]<\/p>\n<h3 style=\"text-align: center;\">Pour un moule de 23 cm ou de bundtcake de 10 cups<\/h3>\n<p style=\"text-align: center;\">1 petite bo\u00eete de lait concentr\u00e9 sucr\u00e9 397g<\/p>\n<p style=\"text-align: center;\">200ml de cr\u00e8me fleurette 31% MG<\/p>\n<p style=\"text-align: center;\">85g de sucre blanc<\/p>\n<p style=\"text-align: center;\">3 gros oeufs<\/p>\n<p style=\"text-align: center;\">250g de farine<\/p>\n<p style=\"text-align: center;\">1CS* de levure chimique<\/p>\n<p style=\"text-align: center;\">1 pinc\u00e9e de sel<\/p>\n<p>[\/vc_column_text][\/vc_column][vc_column width=\u00a0\u00bb3\/4&Prime; css=\u00a0\u00bb.vc_custom_1502280820239{padding-top: 10px !important;padding-right: 10px !important;padding-bottom: 10px !important;padding-left: 10px !important;}\u00a0\u00bb][vc_column_text]<\/p>\n<p style=\"text-align: center;\">Pr\u00e9chauffer le four \u00e0 180\u00ba chaleur tournante et graisser le moule de votre choix. J\u2019ai un faible pour les sprays d\u00e9moulants surtout avec les moules \u00e0 bundtcakes o\u00f9 les r\u00e9sultats sont toujours parfaits.<\/p>\n<p style=\"text-align: center;\">M\u00e9langer dans le bol du mixeur le lait concentr\u00e9 et la cr\u00e8me fleurette \u00e0 vitesse haute.<\/p>\n<p style=\"text-align: center;\">Ajouter les \u0153ufs 1 par un en attendant que le premier soit bien m\u00e9lang\u00e9 avant d\u2019ajouter le suivant et ainsi de suite.<\/p>\n<p style=\"text-align: center;\">Ajouter ensuite le sucre\u00a0 et bien fouetter.<\/p>\n<p style=\"text-align: center;\">Terminer par l\u2019ajout \u00e0 la main \u00e0 la maryse de la farine tamis\u00e9e avec la levure et le sel en essayant de ne pas faire retomber la pr\u00e9paration.<\/p>\n<p style=\"text-align: center;\">Verser la p\u00e2te dans le moule et enfourner en pensant bien \u00e0 <strong><u>baisser la temp\u00e9rature \u00e0 160\u00ba<\/u><\/strong> pendant 40 minutes environ, \u00e0 surveiller car chaque four est un monde \u00e0 part enti\u00e8re\u00a0! V\u00e9rifier la cuisson avec une pique en bois.<\/p>\n<p style=\"text-align: center;\">Laisser refroidir hors du four 10 minutes sur une grille avant de d\u00e9mouler en secouant l\u00e9g\u00e8rement le moule pour s\u2019assurer que tout est bien d\u00e9tach\u00e9 avant de retourner sur la grille pour le laisser refroidir compl\u00e8tement.<\/p>\n<p>[\/vc_column_text][vc_column_text]<\/p>\n<p style=\"text-align: center;\"><i>Bon profit!<\/i><\/p>\n<p><em>Quelques informations plus ou moins utiles<\/em><\/p>\n<p>*CS: Cuill\u00e8re \u00e0 Soupe<\/p>\n<p>** Vous pouvez trouver la recette originale de Patri en cliquant <a href=\"http:\/\/thyellowkitchen.blogspot.com.es\/2012\/02\/bizcocho-de-leche-condensada.html\">ici<\/a>.[\/vc_column_text][vc_single_image image=\u00a0\u00bb11028&Prime; alignment=\u00a0\u00bbcenter\u00a0\u00bb][\/vc_column][\/vc_row][vc_row][vc_column][vc_column_text]<\/p>\n<h3>Encore un petit creux\u2026<\/h3>\n<p>[\/vc_column_text][vc_basic_grid post_type=\u00a0\u00bbpost\u00a0\u00bb max_items=\u00a0\u00bb6&Prime; element_width=\u00a0\u00bb2&Prime; gap=\u00a0\u00bb0&Prime; orderby=\u00a0\u00bbrand\u00a0\u00bb item=\u00a0\u00bbbasicGrid_VerticalFlip\u00a0\u00bb grid_id=\u00a0\u00bbvc_gid:1550222223666-ee16007b-a50e-3&Prime; taxonomies=\u00a0\u00bb331&Prime;][\/vc_column][\/vc_row]<\/p>\n<p><\/p>","protected":false},"excerpt":{"rendered":"<p>Un grand classique \u00e0 pr\u00e9parer avec les enfants.<\/p>\n","protected":false},"author":2,"featured_media":22596,"comment_status":"open","ping_status":"closed","sticky":false,"template":"","format":"standard","meta":[],"categories":[331,1],"tags":[],"jetpack_featured_media_url":"https:\/\/comeconmigo.net\/wp-content\/uploads\/2019\/02\/Bizcocho-de-leche-condensada-27.jpg","_links":{"self":[{"href":"https:\/\/comeconmigo.net\/fr\/wp-json\/wp\/v2\/posts\/22268"}],"collection":[{"href":"https:\/\/comeconmigo.net\/fr\/wp-json\/wp\/v2\/posts"}],"about":[{"href":"https:\/\/comeconmigo.net\/fr\/wp-json\/wp\/v2\/types\/post"}],"author":[{"embeddable":true,"href":"https:\/\/comeconmigo.net\/fr\/wp-json\/wp\/v2\/users\/2"}],"replies":[{"embeddable":true,"href":"https:\/\/comeconmigo.net\/fr\/wp-json\/wp\/v2\/comments?post=22268"}],"version-history":[{"count":0,"href":"https:\/\/comeconmigo.net\/fr\/wp-json\/wp\/v2\/posts\/22268\/revisions"}],"wp:featuredmedia":[{"embeddable":true,"href":"https:\/\/comeconmigo.net\/fr\/wp-json\/wp\/v2\/media\/22596"}],"wp:attachment":[{"href":"https:\/\/comeconmigo.net\/fr\/wp-json\/wp\/v2\/media?parent=22268"}],"wp:term":[{"taxonomy":"category","embeddable":true,"href":"https:\/\/comeconmigo.net\/fr\/wp-json\/wp\/v2\/categories?post=22268"},{"taxonomy":"post_tag","embeddable":true,"href":"https:\/\/comeconmigo.net\/fr\/wp-json\/wp\/v2\/tags?post=22268"}],"curies":[{"name":"wp","href":"https:\/\/api.w.org\/{rel}","templated":true}]}}