{"id":21817,"date":"2018-12-12T08:00:36","date_gmt":"2018-12-12T07:00:36","guid":{"rendered":"http:\/\/comeconmigo.net\/?p=21817"},"modified":"2018-12-10T14:47:16","modified_gmt":"2018-12-10T13:47:16","slug":"los-mantecaos-de-la-senora-ballester","status":"publish","type":"post","link":"https:\/\/comeconmigo.net\/fr\/los-mantecaos-de-la-senora-ballester\/","title":{"rendered":"LES MANTECAOS DE MME BALLESTER"},"content":{"rendered":"<p>[vc_row][vc_column][vc_column_text]Comme chaque mercredi depuis d\u00e9but Novembre, je partage une nouvelle recette de petits biscuits pour remplir\u00a0<a href=\"https:\/\/comeconmigo.net\/fr\/category\/cestas-para-regalar\/\"><strong>vos paniers gourmands<\/strong><\/a>\u00a0de fin d\u2019ann\u00e9e.<\/p>\n<p>Apr\u00e8s les\u00a0<a href=\"https:\/\/comeconmigo.net\/galletas-de-limon-semillas-de-amapola\/\"><strong>petits biscuits au citron et aux graines de pavot<\/strong><\/a>,\u00a0<a href=\"https:\/\/comeconmigo.net\/galletas-de-infusion-de-frutas\/\"><strong>ceux \u00e0 la tisane de fruits<\/strong><\/a>, les<a href=\"https:\/\/comeconmigo.net\/galletas-de-setas-o-babianas-de-sofia-2\/\"><strong>\u00a0tr\u00e8s surprenants petits biscuits \u00e0 la poudre de c\u00e8pes au saindoux<\/strong><\/a>, les\u00a0<a href=\"https:\/\/comeconmigo.net\/galletas-nevadas-de-limon\/\"><strong>petits biscuits au citron enneig\u00e9s<\/strong><\/a> et les <a href=\"https:\/\/comeconmigo.net\/speculoos-de-sarraceno\/\">speculoos \u00e0 la farine de sarrasin<\/a>, j\u2019ai eu envie de partager avec vous une recette au go\u00fbt de bons souvenirs.<\/p>\n<p><a href=\"https:\/\/comeconmigo.net\/wp-content\/uploads\/2018\/12\/Mantecaos-5.jpg\" rel=\"attachment wp-att-22123\"><img loading=\"lazy\" class=\"aligncenter size-medium wp-image-22123\" src=\"https:\/\/comeconmigo.net\/wp-content\/uploads\/2018\/12\/Mantecaos-5-235x300.jpg\" alt=\"\" width=\"235\" height=\"300\" srcset=\"https:\/\/comeconmigo.net\/wp-content\/uploads\/2018\/12\/Mantecaos-5-235x300.jpg 235w, https:\/\/comeconmigo.net\/wp-content\/uploads\/2018\/12\/Mantecaos-5.jpg 627w\" sizes=\"(max-width: 235px) 100vw, 235px\" \/><\/a>Ces mantecaos ne sont pas des mantecaos quelconques, Ce sont ceux que me pr\u00e9parait la m\u00e8re de ma Marraine, Mme Ballester, quand j\u2019allais lui rendre visite. Elle les cachait dans une bo\u00eete en fer dans l\u2019armoire du salon.<\/p>\n<p>Je pensais que sa recette avait disparu avec elle mais l\u2019\u00e9t\u00e9 dernier ma tante m\u2019a tendu le cahier de recettes de ma grand-m\u00e8re retrouv\u00e9 parmi ses affaires. Et dedans, il y avait la recette de son amie.<\/p>\n<p>Vous vous en doutez, je n\u2019ai pas tard\u00e9 longtemps pour v\u00e9rifier que c\u2019\u00e9tait la bonne recette\u00a0;o)<\/p>\n<p>J\u2019esp\u00e8re qu\u2019ils vous plairont autant qu\u2019\u00e0 nous, m\u00eame si pour moi ils auront toujours ce petit go\u00fbt en plus des souvenirs heureux.<\/p>\n<p>Bon mercredi\u00a0![\/vc_column_text][vc_single_image image=\u00a0\u00bb22126&Prime; img_size=\u00a0\u00bb400&#215;600&Prime; alignment=\u00a0\u00bbcenter\u00a0\u00bb][\/vc_column][\/vc_row][vc_row][vc_column width=\u00a0\u00bb7\/12&Prime;][vc_text_separator title=\u00a0\u00bbAujourd&rsquo;hui&#8230;\u00a0\u00bb color=\u00a0\u00bbblack\u00a0\u00bb]\n\t\t\t<section class=\"image-edge\">\n\t\t\t    <div class=\"col-md-6 col-sm-4 p0 col-md-push-6 col-sm-push-8\">\n\t\t\t        <img width=\"896\" height=\"600\" src=\"https:\/\/comeconmigo.net\/wp-content\/uploads\/2018\/12\/Mantecaos-11.jpg\" class=\"mb-xs-24\" alt=\"\" loading=\"lazy\" srcset=\"https:\/\/comeconmigo.net\/wp-content\/uploads\/2018\/12\/Mantecaos-11.jpg 896w, https:\/\/comeconmigo.net\/wp-content\/uploads\/2018\/12\/Mantecaos-11-300x201.jpg 300w, https:\/\/comeconmigo.net\/wp-content\/uploads\/2018\/12\/Mantecaos-11-768x514.jpg 768w\" sizes=\"(max-width: 896px) 100vw, 896px\" \/>\n\t\t\t    <\/div>\n\t\t\t    <div class=\"container\">\n\t\t\t        <div class=\"col-md-5 col-md-pull-0 col-sm-7 col-sm-pull-4 v-align-transform\">\n\t\t\t            [vc_column_text]<\/p>\n<h3 style=\"text-align: left;\"><strong>LES MANTECAOS DE MME BALLESTER<\/strong><\/h3>\n<p>[\/vc_column_text]\n\t\t\t        <\/div>\n\t\t\t    <\/div>\n\t\t\t<\/section>\n\t\t[\/vc_column][vc_column width=\u00a0\u00bb5\/12&Prime;][vc_text_separator title=\u00a0\u00bbUn jour comme aujourd&rsquo;hui, il y a\u2026\u00a0\u00bb color=\u00a0\u00bbblack\u00a0\u00bb][vc_column_text]\u2026 1 an: <a href=\"https:\/\/comeconmigo.net\/aig-2017-lunas-de-avellana-chocolate\/\">Lunes Noisettes &amp; Chocolat<\/a><\/p>\n<p>\u2026 2 ans: <a href=\"https:\/\/comeconmigo.net\/bocados-aperitivos-de-merengue-con-salsa-de-soja-y-anacardos\/\">Petites Meringues ap\u00e9ritives sal\u00e9es \u00e0 la Sauce Soja &amp; Noix de Cajou<\/a><\/p>\n<p>\u2026 3 ans:\u00a0<a href=\"https:\/\/comeconmigo.net\/?p=667\">Apple Caramel Cheesecake<\/a><\/p>\n<p>\u2026 4 ans:\u00a0<a href=\"https:\/\/comeconmigo.net\/?p=799\">Tarte aux Pommes &amp; au&#8230; Foie Gras!<\/a><\/p>\n<p>\u2026 5 ans:\u00a0<a href=\"https:\/\/comeconmigo.net\/?p=872\">Gambas croustillantes \u00e0 la Noix de Coco<\/a><\/p>\n<p>\u2026 6 ans:\u00a0<a href=\"https:\/\/comeconmigo.net\/?p=92\">Tarte aux Pommes Polenta &amp; Ricotta<\/a><\/p>\n<p>\u2026 7 ans:\u00a0<a href=\"https:\/\/comeconmigo.net\/?p=208\">Parmentier de Confit de Canard aux Pommes de Terre Vitelotte<\/a><\/p>\n<p>\u2026 8 ans:\u00a0<a href=\"https:\/\/comeconmigo.net\/?p=335\">Foie gras mi-cuit maison, \u00e9tape par \u00e9tape<\/a><\/p>\n<p>\u2026 9 ans:\u00a0<a href=\"https:\/\/comeconmigo.net\/?p=432\">Daudade en papillote au Citron Confit au Sel<\/a>[\/vc_column_text][\/vc_column][\/vc_row][vc_row][vc_column width=\u00a0\u00bb1\/4&Prime; css=\u00a0\u00bb.vc_custom_1502280835828{background-color: #fff0dd !important;}\u00a0\u00bb][vc_column_text]<\/p>\n<h3 style=\"text-align: center;\">Pour 12\/15 pi\u00e8ces<\/h3>\n<p style=\"text-align: center;\">250g de farine tamis\u00e9e<\/p>\n<p style=\"text-align: center;\">\u00bd cc* de levure chimique<\/p>\n<p style=\"text-align: center;\">1 pinc\u00e9e de sel<\/p>\n<p style=\"text-align: center;\">65g de sucre semoule<\/p>\n<p style=\"text-align: center;\">60g de sucre glace<\/p>\n<p style=\"text-align: center;\">1cc* d\u2019eau de fleur d\u2019oranger**<\/p>\n<p style=\"text-align: center;\">85g d\u2019huile de tournesol<\/p>\n<p style=\"text-align: center;\">Cannelle en poudre<\/p>\n<p>[\/vc_column_text][\/vc_column][vc_column width=\u00a0\u00bb3\/4&Prime; css=\u00a0\u00bb.vc_custom_1502280820239{padding-top: 10px !important;padding-right: 10px !important;padding-bottom: 10px !important;padding-left: 10px !important;}\u00a0\u00bb][vc_column_text]<\/p>\n<p style=\"text-align: center;\">Dans un saladier, m\u00e9langer la farine avec la levure, le sel et les 2 vari\u00e9t\u00e9s de sucre. Ajouter l\u2019huile et l\u2019eau de fleur d\u2019oranger progressivement en m\u00e9langeant d\u2019abord avec une cuill\u00e8re puis ensuite avec les mains. On doit obtenir une texture sableuse, qui ne forme pas une boule.<\/p>\n<p style=\"text-align: center;\">Recouvrir de papier cuisson une plaque.<\/p>\n<p style=\"text-align: center;\">Prendre des boules de p\u00e2te de la taille d\u2019une grosse noix (j\u2019essaie de les peser pour avoir une cuisson homog\u00e8ne soient 35g environ) et bien serrer entre vos mains pour leur donner une forme ronde qui se tient.<\/p>\n<p style=\"text-align: center;\">D\u00e9poser sur le papier cuisson et faire de m\u00eame avec le reste de la p\u00e2te.<\/p>\n<p style=\"text-align: center;\">Pr\u00e9chauffer le four \u00e0 180\u00ba chaleur tournante.<\/p>\n<p style=\"text-align: center;\">Saupoudrer l\u00e9g\u00e8rement de cannelle et enfourner pour 12\/15 minutes, ils doivent cuire mais sans exc\u00e8s pour \u00e9viter que leur c\u0153ur ne durcisse.<\/p>\n<p style=\"text-align: center;\">Laisser refroidir sur une grille et conserver dans une bo\u00eete herm\u00e9tique.<\/p>\n<p style=\"text-align: center;\">Ils se conservent tr\u00e8s bien une dizaine de jours, sans doute plus mais \u00e0 la maison c\u2019est dur de savoir\u00a0:O)<\/p>\n<p style=\"text-align: center;\"><em>\u00a0<\/em><\/p>\n<p>[\/vc_column_text][vc_column_text]<\/p>\n<p style=\"text-align: center;\"><i>Bon profit!<\/i><\/p>\n<p><em>Quelques informations plus ou moins utiles<\/em><\/p>\n<p>* cc: cuill\u00e8re \u00e0 caf\u00e9<\/p>\n<p>** Ajouter l\u2019eau de fleur d\u2019oranger tr\u00e8s progressivement car selon les marques son parfum est plus ou moins marqu\u00e9. Il vaut mieux en mettre tr\u00e8s peu puis en rajouter au fur et \u00e0 mesure selon vos go\u00fbts.[\/vc_column_text][vc_single_image image=\u00a0\u00bb11028&Prime; alignment=\u00a0\u00bbcenter\u00a0\u00bb][\/vc_column][\/vc_row][vc_row][vc_column][vc_column_text]<\/p>\n<h3>Encore un petit creux\u2026<\/h3>\n<p>[\/vc_column_text][vc_basic_grid post_type=\u00a0\u00bbpost\u00a0\u00bb max_items=\u00a0\u00bb6&Prime; element_width=\u00a0\u00bb2&Prime; gap=\u00a0\u00bb0&Prime; orderby=\u00a0\u00bbrand\u00a0\u00bb item=\u00a0\u00bbbasicGrid_VerticalFlip\u00a0\u00bb grid_id=\u00a0\u00bbvc_gid:1544449563446-ad00d6dd-c56c-5&Prime; taxonomies=\u00a0\u00bb352&Prime;][\/vc_column][\/vc_row]<\/p>","protected":false},"excerpt":{"rendered":"<p>Le go\u00fbt des souvenirs.<\/p>\n","protected":false},"author":2,"featured_media":22125,"comment_status":"open","ping_status":"closed","sticky":false,"template":"","format":"standard","meta":[],"categories":[341,475,1],"tags":[],"jetpack_featured_media_url":"https:\/\/comeconmigo.net\/wp-content\/uploads\/2018\/12\/Mantecaos-16.jpg","_links":{"self":[{"href":"https:\/\/comeconmigo.net\/fr\/wp-json\/wp\/v2\/posts\/21817"}],"collection":[{"href":"https:\/\/comeconmigo.net\/fr\/wp-json\/wp\/v2\/posts"}],"about":[{"href":"https:\/\/comeconmigo.net\/fr\/wp-json\/wp\/v2\/types\/post"}],"author":[{"embeddable":true,"href":"https:\/\/comeconmigo.net\/fr\/wp-json\/wp\/v2\/users\/2"}],"replies":[{"embeddable":true,"href":"https:\/\/comeconmigo.net\/fr\/wp-json\/wp\/v2\/comments?post=21817"}],"version-history":[{"count":0,"href":"https:\/\/comeconmigo.net\/fr\/wp-json\/wp\/v2\/posts\/21817\/revisions"}],"wp:featuredmedia":[{"embeddable":true,"href":"https:\/\/comeconmigo.net\/fr\/wp-json\/wp\/v2\/media\/22125"}],"wp:attachment":[{"href":"https:\/\/comeconmigo.net\/fr\/wp-json\/wp\/v2\/media?parent=21817"}],"wp:term":[{"taxonomy":"category","embeddable":true,"href":"https:\/\/comeconmigo.net\/fr\/wp-json\/wp\/v2\/categories?post=21817"},{"taxonomy":"post_tag","embeddable":true,"href":"https:\/\/comeconmigo.net\/fr\/wp-json\/wp\/v2\/tags?post=21817"}],"curies":[{"name":"wp","href":"https:\/\/api.w.org\/{rel}","templated":true}]}}