{"id":21596,"date":"2018-12-07T08:00:45","date_gmt":"2018-12-07T07:00:45","guid":{"rendered":"http:\/\/comeconmigo.net\/?p=21596"},"modified":"2018-11-29T10:33:23","modified_gmt":"2018-11-29T09:33:23","slug":"mis-recetas-favoritas-para-el-mes-de-diciembre","status":"publish","type":"post","link":"https:\/\/comeconmigo.net\/fr\/mis-recetas-favoritas-para-el-mes-de-diciembre\/","title":{"rendered":"MES RECETTES PR\u00c9F\u00c9R\u00c9ES EN DECEMBRE"},"content":{"rendered":"<p>[vc_row][vc_column][vc_column_text]Comme<a href=\"https:\/\/comeconmigo.net\/?p=20827\"><strong>\u00a0je le fais depuis le mois d\u2019Octobre<\/strong><\/a>, je vous propose en ce premier vendredi du mois les 6 recettes sucr\u00e9es et sal\u00e9es qui font partie de nos menus habituels de saison.<\/p>\n<p>En D\u00e9cembre, \u00e7a sent forc\u00e9ment No\u00ebl et les <a href=\"https:\/\/comeconmigo.net\/top6-menus-navidenos\/\">menus de f\u00eates<\/a> \u00a0!!!<\/p>\n<p>Il y aura forc\u00e9ment \u00e0 notre table des <a href=\"https:\/\/comeconmigo.net\/otra-idea-para-una-cena-romantica-para-el-hemc51-vieiras-con-su-salsa-de-sirope-de-arce\/\">Saint Jacques au sirop d\u2019\u00e9rable<\/a> et du <a href=\"https:\/\/comeconmigo.net\/ya-llego-mi-aig2015-y-seguimos-con-propuestas-de-menus-navidenos-asado-de-lomo-relleno-de-turron-con-su-salsa-de-cava\/\">roul\u00e9 de r\u00f4ti de porc farci au turr\u00f3n, sauce au Cava<\/a>. Et les <a href=\"https:\/\/comeconmigo.net\/una-receta-tradicional-de-estas-fechas-para-el-proyecto-roca-canelones-de-fiesta-mayor-o-de-sant-esteve\/\">canalons de Sant Esteve<\/a> ne pourront pas manquer non plus\u00a0;o)<\/p>\n<p style=\"text-align: left;\">En dessert, un peu d\u2019<a href=\"https:\/\/comeconmigo.net\/pina-asada-con-ron-sirope-de-arce\/\">ananas r\u00f4ti<\/a> histoire d\u2019apporter un peu de l\u00e9g\u00e8ret\u00e9 au menu avant d\u2019attaquer les <a href=\"https:\/\/comeconmigo.net\/anos-de-investigacion-para-dar-con-la-receta-favorita-de-mi-hermano-polvorones-caseros-de-canela\/\">polvorones \u00e0 la cannelle<\/a>, la douceur embl\u00e9matique des f\u00eates en Espagne.<\/p>\n<p>Je n\u2019oublie jamais non plus de pr\u00e9parer <a href=\"https:\/\/comeconmigo.net\/pan-de-especias-con-mermelada-de-naranjas-amargas-en-conserva\/\">des pains d\u2019\u00e9pices \u00e0 la marmelade d\u2019orange<\/a>, parfaits \u00e0 offrir gr\u00e2ce \u00e0 leur mise sous vide en bocal qui leur permet de se conserver longtemps sans s\u00e9cher ou s\u2019ab\u00eemer.<\/p>\n<p>Comme d\u2019habitude, pour acc\u00e9der aux recettes, il suffit de cliquer sur leur titre.<\/p>\n<p>Alors, la s\u00e9lection pour le mois de D\u00e9cembre vous pla\u00eet-elle\u00a0? Quelles sont vos recettes f\u00e9tiches en D\u00e9cembre\u00a0?<\/p>\n<p>Bon week-end![\/vc_column_text][vc_single_image image=\u00a0\u00bb22016&Prime; img_size=\u00a0\u00bb400X600&Prime; alignment=\u00a0\u00bbcenter\u00a0\u00bb][\/vc_column][\/vc_row][vc_row][vc_column width=\u00a0\u00bb7\/12&Prime;][vc_text_separator title=\u00a0\u00bbAujourd&rsquo;hui&#8230;\u00a0\u00bb color=\u00a0\u00bbblack\u00a0\u00bb]\n\t\t\t<section class=\"image-edge\">\n\t\t\t    <div class=\"col-md-6 col-sm-4 p0 col-md-push-6 col-sm-push-8\">\n\t\t\t        <img width=\"1200\" height=\"1200\" src=\"https:\/\/comeconmigo.net\/wp-content\/uploads\/2018\/12\/Favoritas-de-Diciembre.jpg\" class=\"mb-xs-24\" alt=\"\" loading=\"lazy\" srcset=\"https:\/\/comeconmigo.net\/wp-content\/uploads\/2018\/12\/Favoritas-de-Diciembre.jpg 1200w, https:\/\/comeconmigo.net\/wp-content\/uploads\/2018\/12\/Favoritas-de-Diciembre-150x150.jpg 150w, https:\/\/comeconmigo.net\/wp-content\/uploads\/2018\/12\/Favoritas-de-Diciembre-300x300.jpg 300w, https:\/\/comeconmigo.net\/wp-content\/uploads\/2018\/12\/Favoritas-de-Diciembre-768x768.jpg 768w, https:\/\/comeconmigo.net\/wp-content\/uploads\/2018\/12\/Favoritas-de-Diciembre-1024x1024.jpg 1024w, https:\/\/comeconmigo.net\/wp-content\/uploads\/2018\/12\/Favoritas-de-Diciembre-60x60.jpg 60w, https:\/\/comeconmigo.net\/wp-content\/uploads\/2018\/12\/Favoritas-de-Diciembre-500x500.jpg 500w\" sizes=\"(max-width: 1200px) 100vw, 1200px\" \/>\n\t\t\t    <\/div>\n\t\t\t    <div class=\"container\">\n\t\t\t        <div class=\"col-md-5 col-md-pull-0 col-sm-7 col-sm-pull-4 v-align-transform\">\n\t\t\t            [vc_column_text]<\/p>\n<h3 style=\"text-align: left;\">MES RECETTES PR\u00c9F\u00c9R\u00c9ES EN DECEMBRE<\/h3>\n<p>[\/vc_column_text]\n\t\t\t        <\/div>\n\t\t\t    <\/div>\n\t\t\t<\/section>\n\t\t[\/vc_column][vc_column width=\u00a0\u00bb5\/12&Prime;][vc_text_separator title=\u00a0\u00bbUn jour comme aujourd&rsquo;hui, il y a\u2026\u00a0\u00bb color=\u00a0\u00bbblack\u00a0\u00bb][vc_column_text]\u2026 1 an: <a href=\"https:\/\/comeconmigo.net\/top6-menus-navidenos\/\">TOP6 Menus pour les F\u00eates<\/a><\/p>\n<p>\u2026 2 ans:\u00a0<a href=\"https:\/\/comeconmigo.net\/?p=532\">Baba au Limoncello &amp; Vodka \u00a1en bocal!<\/a><\/p>\n<p>\u2026 3 ans:\u00a0<a href=\"https:\/\/comeconmigo.net\/?p=667\">Apple Caramel Cheesecake<\/a><\/p>\n<p>\u2026 4 ans:\u00a0<a href=\"https:\/\/comeconmigo.net\/?p=800\">Yahourt au Foie Gras &amp; Confit de Figues S\u00e9ch\u00e9es<\/a><\/p>\n<p>\u2026 5 ans:\u00a0<a href=\"https:\/\/comeconmigo.net\/?p=874\">Canistrelli, biscuits sal\u00e9s \u00e0 la farine de Ch\u00e2taigne<\/a><\/p>\n<p>\u2026 6 ans:\u00a0<a href=\"https:\/\/comeconmigo.net\/?p=93\">Bouillon Parfum\u00e9 Vietnamien<\/a><\/p>\n<p>\u2026 7 ans:\u00a0<a href=\"https:\/\/comeconmigo.net\/?p=209\">Tarte Brioche \u00e0 la Pomme &amp; au Coing<\/a><\/p>\n<p>\u2026 8 ans:\u00a0<a href=\"https:\/\/comeconmigo.net\/?p=336\">Poires au vin doux &amp; au Safran<\/a><\/p>\n<p>\u2026 9 ans:\u00a0<a href=\"https:\/\/comeconmigo.net\/?p=434\">Pain d\u2019\u00c9pices l\u00e9ger<\/a>[\/vc_column_text][\/vc_column][\/vc_row][vc_row][vc_column][vc_basic_grid post_type=\u00a0\u00bbids\u00a0\u00bb element_width=\u00a0\u00bb2&Prime; gap=\u00a0\u00bb0&Prime; item=\u00a0\u00bbmediaGrid_Default\u00a0\u00bb grid_id=\u00a0\u00bbvc_gid:1543483762420-3ce89a0b-e3b6-8&Prime; include=\u00a0\u00bb316, 672, 527, 665, 13413, 223&Prime;][vc_basic_grid post_type=\u00a0\u00bbids\u00a0\u00bb gap=\u00a0\u00bb0&Prime; item=\u00a0\u00bbbasicGrid_TextFirst\u00a0\u00bb grid_id=\u00a0\u00bbvc_gid:1543483762422-b7ecc62e-b39b-5&Prime; include=\u00a0\u00bb316, 672, 527, 665, 13413, 223&Prime;][\/vc_column][\/vc_row][vc_row][vc_column][vc_single_image image=\u00a0\u00bb12034&Prime; alignment=\u00a0\u00bbcenter\u00a0\u00bb][vc_column_text]<\/p>\n<h3>Encore un petit creux\u2026<\/h3>\n<p>[\/vc_column_text][vc_basic_grid post_type=\u00a0\u00bbpost\u00a0\u00bb max_items=\u00a0\u00bb6&Prime; element_width=\u00a0\u00bb2&Prime; gap=\u00a0\u00bb0&Prime; orderby=\u00a0\u00bbrand\u00a0\u00bb item=\u00a0\u00bbbasicGrid_VerticalFlip\u00a0\u00bb grid_id=\u00a0\u00bbvc_gid:1543483762423-bb3ccd80-4eda-9&Prime; taxonomies=\u00a0\u00bb277, 247&Prime;][\/vc_column][\/vc_row]<\/p>","protected":false},"excerpt":{"rendered":"<p>Les recettes qui nous accompagnent au mois de D\u00e9cembre.<\/p>\n","protected":false},"author":2,"featured_media":22015,"comment_status":"open","ping_status":"closed","sticky":false,"template":"","format":"standard","meta":[],"categories":[1,383],"tags":[],"jetpack_featured_media_url":"https:\/\/comeconmigo.net\/wp-content\/uploads\/2018\/12\/Favoritas-de-Diciembre.jpg","_links":{"self":[{"href":"https:\/\/comeconmigo.net\/fr\/wp-json\/wp\/v2\/posts\/21596"}],"collection":[{"href":"https:\/\/comeconmigo.net\/fr\/wp-json\/wp\/v2\/posts"}],"about":[{"href":"https:\/\/comeconmigo.net\/fr\/wp-json\/wp\/v2\/types\/post"}],"author":[{"embeddable":true,"href":"https:\/\/comeconmigo.net\/fr\/wp-json\/wp\/v2\/users\/2"}],"replies":[{"embeddable":true,"href":"https:\/\/comeconmigo.net\/fr\/wp-json\/wp\/v2\/comments?post=21596"}],"version-history":[{"count":0,"href":"https:\/\/comeconmigo.net\/fr\/wp-json\/wp\/v2\/posts\/21596\/revisions"}],"wp:featuredmedia":[{"embeddable":true,"href":"https:\/\/comeconmigo.net\/fr\/wp-json\/wp\/v2\/media\/22015"}],"wp:attachment":[{"href":"https:\/\/comeconmigo.net\/fr\/wp-json\/wp\/v2\/media?parent=21596"}],"wp:term":[{"taxonomy":"category","embeddable":true,"href":"https:\/\/comeconmigo.net\/fr\/wp-json\/wp\/v2\/categories?post=21596"},{"taxonomy":"post_tag","embeddable":true,"href":"https:\/\/comeconmigo.net\/fr\/wp-json\/wp\/v2\/tags?post=21596"}],"curies":[{"name":"wp","href":"https:\/\/api.w.org\/{rel}","templated":true}]}}