{"id":20827,"date":"2018-10-05T08:00:01","date_gmt":"2018-10-05T07:00:01","guid":{"rendered":"http:\/\/comeconmigo.net\/?p=20827"},"modified":"2018-10-08T13:39:07","modified_gmt":"2018-10-08T12:39:07","slug":"mis-recetas-favoritas-para-el-mes-de-octubre","status":"publish","type":"post","link":"https:\/\/comeconmigo.net\/fr\/mis-recetas-favoritas-para-el-mes-de-octubre\/","title":{"rendered":"MES RECETTES PR\u00c9F\u00c9R\u00c9ES EN OCTOBRE"},"content":{"rendered":"<p>[vc_row][vc_column][vc_column_text]La semaine derni\u00e8re, <a href=\"https:\/\/comeconmigo.net\/?p=19863\">l<span style=\"font-size: 1rem;\">e blog f\u00eatait ses 9 ans<\/span><\/a><span style=\"font-size: 1rem;\">\u00a0(vite, vous \u00eates encore \u00e0 temps de participer<a href=\"https:\/\/comeconmigo.net\/?p=19863\"> au tirage au sort d\u2019un lot de confitures pour l\u2019occasion\u00a0<\/a>!) et comme chaque ann\u00e9e, c\u2019est l\u2019occasion pour moi d\u2019apporter quelques modifications au blog.<\/span><\/p>\n<p>Je ne sais pas si vous l\u2019avez remarqu\u00e9, mais vendredi dernier j\u2019ai publi\u00e9 la tarte au pistou et \u00e0 la tomate au lieu de l\u2019habituel <a href=\"https:\/\/comeconmigo.net\/fr\/category\/top-recettes\/\">TOP6<\/a>. En effet, \u00e0 partir de ce mois-ci, je vous proposerai le 1<sup>er<\/sup> vendredi de chaque mois les 6 recettes, sucr\u00e9es et sal\u00e9es, que j\u2019aime bien pr\u00e9parer en Octobre.<\/p>\n<p>A la maison, le mois d\u2019Octobre a le go\u00fbt et l\u2019odeur des <a href=\"https:\/\/comeconmigo.net\/fr\/category\/cepes-champignons\/\">champignons des sous-bois<\/a>, des <a href=\"https:\/\/comeconmigo.net\/fr\/category\/cepes-champignons\/\">courges en tout genre<\/a> mais aussi des <a href=\"https:\/\/comeconmigo.net\/fr\/category\/tomate\/\">toutes derni\u00e8res tomates<\/a> qui s\u2019appr\u00eatent \u00e0 tirer leur r\u00e9v\u00e9rence jusqu\u2019\u00e0 l\u2019\u00e9t\u00e9 prochain. Et quelle joie de croquer dans des <a href=\"https:\/\/comeconmigo.net\/fr\/category\/manzana\/\">pommes<\/a> tout fra\u00eechement cueillies\u00a0! Toussaint n\u2019est pas loin non plus, et pour nous cela signifie forc\u00e9ment des <a href=\"https:\/\/comeconmigo.net\/?p=818\">panellets<\/a>, petits g\u00e2teaux typiques pour l\u2019occasion en Catalogne\u00a0;o)<\/p>\n<p>Comme d\u2019habitude, pour acc\u00e9der aux recettes, il suffit de cliquer sur leur titre.<\/p>\n<p>Alors, l\u2019id\u00e9e de cette nouvelle ann\u00e9e de blog vous pla\u00eet-elle\u00a0? Quelles sont vos recettes f\u00e9tiches en Octobre\u00a0?<\/p>\n<p>Bon week-end![\/vc_column_text][vc_single_image image=\u00a0\u00bb21085&Prime; img_size=\u00a0\u00bb400&#215;600&Prime; alignment=\u00a0\u00bbcenter\u00a0\u00bb][\/vc_column][\/vc_row][vc_row][vc_column width=\u00a0\u00bb7\/12&Prime;][vc_text_separator title=\u00a0\u00bbAujourd&rsquo;hui&#8230;\u00a0\u00bb color=\u00a0\u00bbblack\u00a0\u00bb]\n\t\t\t<section class=\"image-edge\">\n\t\t\t    <div class=\"col-md-6 col-sm-4 p0 col-md-push-6 col-sm-push-8\">\n\t\t\t        <img width=\"1200\" height=\"1200\" src=\"https:\/\/comeconmigo.net\/wp-content\/uploads\/2018\/10\/Favoritas-de-Octubre.jpg\" class=\"mb-xs-24\" alt=\"\" loading=\"lazy\" srcset=\"https:\/\/comeconmigo.net\/wp-content\/uploads\/2018\/10\/Favoritas-de-Octubre.jpg 1200w, https:\/\/comeconmigo.net\/wp-content\/uploads\/2018\/10\/Favoritas-de-Octubre-150x150.jpg 150w, https:\/\/comeconmigo.net\/wp-content\/uploads\/2018\/10\/Favoritas-de-Octubre-300x300.jpg 300w, https:\/\/comeconmigo.net\/wp-content\/uploads\/2018\/10\/Favoritas-de-Octubre-768x768.jpg 768w, https:\/\/comeconmigo.net\/wp-content\/uploads\/2018\/10\/Favoritas-de-Octubre-1024x1024.jpg 1024w, https:\/\/comeconmigo.net\/wp-content\/uploads\/2018\/10\/Favoritas-de-Octubre-60x60.jpg 60w, https:\/\/comeconmigo.net\/wp-content\/uploads\/2018\/10\/Favoritas-de-Octubre-500x500.jpg 500w\" sizes=\"(max-width: 1200px) 100vw, 1200px\" \/>\n\t\t\t    <\/div>\n\t\t\t    <div class=\"container\">\n\t\t\t        <div class=\"col-md-5 col-md-pull-0 col-sm-7 col-sm-pull-4 v-align-transform\">\n\t\t\t            [vc_column_text]<\/p>\n<h3 style=\"text-align: left;\">MES RECETTES PR\u00c9F\u00c9R\u00c9ES EN OCTOBRE<\/h3>\n<p>[\/vc_column_text]\n\t\t\t        <\/div>\n\t\t\t    <\/div>\n\t\t\t<\/section>\n\t\t[\/vc_column][vc_column width=\u00a0\u00bb5\/12&Prime;][vc_text_separator title=\u00a0\u00bbUn jour comme aujourd&rsquo;hui, il y a\u2026\u00a0\u00bb color=\u00a0\u00bbblack\u00a0\u00bb][vc_column_text]\u2026 1 an: <a href=\"https:\/\/comeconmigo.net\/?p=12515\">Meringue aux P\u00e9pites de Chocolat &amp; Gru\u00e9 de Cacao\u00a0<\/a><\/p>\n<p>\u2026 2 ans:\u00a0<a href=\"https:\/\/comeconmigo.net\/?p=787\">Boulettes de Merluchon &amp; Crevettes aux Pommes de Terre<\/a><\/p>\n<p>\u2026 3 ans:\u00a0<a href=\"https:\/\/comeconmigo.net\/?p=694\">Tartelettes Pomme Congnac<\/a><\/p>\n<p>\u2026 4 ans:\u00a0<a href=\"https:\/\/comeconmigo.net\/?p=823\">Tarte Roses aux Pommes<\/a><\/p>\n<p>\u2026 5 ans:\u00a0<a href=\"https:\/\/comeconmigo.net\/?p=900\">Tarte aux Pommes et \u00e0 l\u2019Huile d\u2019Olive fa\u00e7on Ottolenghi<\/a><\/p>\n<p>\u2026 6 ans:\u00a0<a href=\"https:\/\/comeconmigo.net\/?p=110\">Yahourt fa\u00e7on Tarte au Citron<\/a><\/p>\n<p>\u2026 7 ans:\u00a0<a href=\"https:\/\/comeconmigo.net\/?p=236\">Roul\u00e9 de Filet Mignon de Porc \u00e0 l\u2019Emmental &amp; \u00e0 la Sauge<\/a><\/p>\n<p>\u2026 8 ans:\u00a0<a href=\"https:\/\/comeconmigo.net\/?p=351\">Blettes au Crumble de Jambon<\/a><\/p>\n<p>\u2026 9 ans:\u00a0<a href=\"https:\/\/comeconmigo.net\/?p=469\">Curry de Crevettes au Yahourt<\/a>[\/vc_column_text][\/vc_column][\/vc_row][vc_row][vc_column][vc_basic_grid post_type=\u00a0\u00bbids\u00a0\u00bb element_width=\u00a0\u00bb2&Prime; gap=\u00a0\u00bb0&Prime; item=\u00a0\u00bbmediaGrid_Default\u00a0\u00bb grid_id=\u00a0\u00bbvc_gid:1539002283579-1c47c2c9-653a-1&Prime; include=\u00a0\u00bb896, 111, 824, 818, 823, 109&Prime;][vc_basic_grid post_type=\u00a0\u00bbids\u00a0\u00bb gap=\u00a0\u00bb0&Prime; item=\u00a0\u00bbbasicGrid_TextFirst\u00a0\u00bb grid_id=\u00a0\u00bbvc_gid:1539002283582-01637a38-2851-8&Prime; include=\u00a0\u00bb896, 111, 824, 818, 823, 109&Prime;][\/vc_column][\/vc_row][vc_row][vc_column][vc_single_image image=\u00a0\u00bb12034&Prime; alignment=\u00a0\u00bbcenter\u00a0\u00bb][vc_column_text]<\/p>\n<h3>Encore un petit creux\u2026<\/h3>\n<p>[\/vc_column_text][vc_basic_grid post_type=\u00a0\u00bbpost\u00a0\u00bb max_items=\u00a0\u00bb6&Prime; element_width=\u00a0\u00bb2&Prime; gap=\u00a0\u00bb0&Prime; orderby=\u00a0\u00bbrand\u00a0\u00bb item=\u00a0\u00bbbasicGrid_VerticalFlip\u00a0\u00bb grid_id=\u00a0\u00bbvc_gid:1539002283586-0e516118-5181-8&Prime; taxonomies=\u00a0\u00bb383&Prime;][\/vc_column][\/vc_row]<\/p>","protected":false},"excerpt":{"rendered":"<p>Les recettes qui accompagnent notre mois d&rsquo;Octobre.<\/p>\n","protected":false},"author":2,"featured_media":20873,"comment_status":"open","ping_status":"closed","sticky":false,"template":"","format":"standard","meta":[],"categories":[1,383],"tags":[],"jetpack_featured_media_url":"https:\/\/comeconmigo.net\/wp-content\/uploads\/2018\/10\/Favoritas-de-Octubre.jpg","_links":{"self":[{"href":"https:\/\/comeconmigo.net\/fr\/wp-json\/wp\/v2\/posts\/20827"}],"collection":[{"href":"https:\/\/comeconmigo.net\/fr\/wp-json\/wp\/v2\/posts"}],"about":[{"href":"https:\/\/comeconmigo.net\/fr\/wp-json\/wp\/v2\/types\/post"}],"author":[{"embeddable":true,"href":"https:\/\/comeconmigo.net\/fr\/wp-json\/wp\/v2\/users\/2"}],"replies":[{"embeddable":true,"href":"https:\/\/comeconmigo.net\/fr\/wp-json\/wp\/v2\/comments?post=20827"}],"version-history":[{"count":0,"href":"https:\/\/comeconmigo.net\/fr\/wp-json\/wp\/v2\/posts\/20827\/revisions"}],"wp:featuredmedia":[{"embeddable":true,"href":"https:\/\/comeconmigo.net\/fr\/wp-json\/wp\/v2\/media\/20873"}],"wp:attachment":[{"href":"https:\/\/comeconmigo.net\/fr\/wp-json\/wp\/v2\/media?parent=20827"}],"wp:term":[{"taxonomy":"category","embeddable":true,"href":"https:\/\/comeconmigo.net\/fr\/wp-json\/wp\/v2\/categories?post=20827"},{"taxonomy":"post_tag","embeddable":true,"href":"https:\/\/comeconmigo.net\/fr\/wp-json\/wp\/v2\/tags?post=20827"}],"curies":[{"name":"wp","href":"https:\/\/api.w.org\/{rel}","templated":true}]}}