{"id":15620,"date":"2018-02-09T08:00:51","date_gmt":"2018-02-09T06:00:51","guid":{"rendered":"http:\/\/comeconmigo.net\/?p=15620"},"modified":"2019-02-08T09:33:35","modified_gmt":"2019-02-08T08:33:35","slug":"top6-recetas-con-zanahorias","status":"publish","type":"post","link":"https:\/\/comeconmigo.net\/fr\/top6-recetas-con-zanahorias\/","title":{"rendered":"TOP6 RECETTES AUX CAROTTES"},"content":{"rendered":"<p>[vc_row][vc_column][vc_column_text]Polyanna a l\u2019habitude de dire que s\u2019il reste des <a href=\"https:\/\/comeconmigo.net\/fr\/category\/carotte\/\">carottes <\/a>dans le frigo, nous sommes sauv\u00e9s\u00a0! Du coup je me suis dit qu\u2019il \u00e9tait grand temps de consacrer une compilation hebdomadaire \u00e0 ce modeste mais tellement versatile l\u00e9gume.<\/p>\n<p>Elles sont peu ch\u00e8res, riches en bonnes choses, disponibles tout au long de l\u2019ann\u00e9e, bref, vous l\u2019aurez compris il y en a toujours dans notre frigo\u00a0! Et on les mange crues ou cuites, en stars du repas ou en garniture, en sucr\u00e9 ou en sal\u00e9.<\/p>\n<p>Voil\u00e0 donc mes 6 recettes pr\u00e9f\u00e9r\u00e9es aux carottes m\u00eame si je dois vous dire qu\u2019il m\u2019a \u00e9t\u00e9 tr\u00e8s difficile de n\u2019en choisir que 6\u00a0!<\/p>\n<p>Pour voir la recette, il vous suffit de cliquer sur les titres des recettes.<\/p>\n<p>Bon week end \u00e0 tous\u00a0![\/vc_column_text][vc_single_image image=\u00a0\u00bb22528&Prime; img_size=\u00a0\u00bb400&#215;600&Prime; alignment=\u00a0\u00bbcenter\u00a0\u00bb][\/vc_column][\/vc_row][vc_row][vc_column width=\u00a0\u00bb7\/12&Prime;][vc_text_separator title=\u00a0\u00bbAujourd&rsquo;hui&#8230;\u00a0\u00bb color=\u00a0\u00bbblack\u00a0\u00bb]\n\t\t\t<section class=\"image-edge\">\n\t\t\t    <div class=\"col-md-6 col-sm-4 p0 col-md-push-6 col-sm-push-8\">\n\t\t\t        <img width=\"1200\" height=\"1200\" src=\"https:\/\/comeconmigo.net\/wp-content\/uploads\/2018\/02\/TOP6-ZANAHORIAS.jpg\" class=\"mb-xs-24\" alt=\"\" loading=\"lazy\" srcset=\"https:\/\/comeconmigo.net\/wp-content\/uploads\/2018\/02\/TOP6-ZANAHORIAS.jpg 1200w, https:\/\/comeconmigo.net\/wp-content\/uploads\/2018\/02\/TOP6-ZANAHORIAS-150x150.jpg 150w, https:\/\/comeconmigo.net\/wp-content\/uploads\/2018\/02\/TOP6-ZANAHORIAS-300x300.jpg 300w, https:\/\/comeconmigo.net\/wp-content\/uploads\/2018\/02\/TOP6-ZANAHORIAS-768x768.jpg 768w, https:\/\/comeconmigo.net\/wp-content\/uploads\/2018\/02\/TOP6-ZANAHORIAS-1024x1024.jpg 1024w, https:\/\/comeconmigo.net\/wp-content\/uploads\/2018\/02\/TOP6-ZANAHORIAS-60x60.jpg 60w, https:\/\/comeconmigo.net\/wp-content\/uploads\/2018\/02\/TOP6-ZANAHORIAS-500x500.jpg 500w\" sizes=\"(max-width: 1200px) 100vw, 1200px\" \/>\n\t\t\t    <\/div>\n\t\t\t    <div class=\"container\">\n\t\t\t        <div class=\"col-md-5 col-md-pull-0 col-sm-7 col-sm-pull-4 v-align-transform\">\n\t\t\t            [vc_column_text]<\/p>\n<h3 style=\"text-align: left;\">TOP6 RECETTES AUX CAROTTES<\/h3>\n<p>[\/vc_column_text]\n\t\t\t        <\/div>\n\t\t\t    <\/div>\n\t\t\t<\/section>\n\t\t[\/vc_column][vc_column width=\u00a0\u00bb5\/12&Prime;][vc_text_separator title=\u00a0\u00bbUn jour comme aujourd&rsquo;hui, il y a\u2026\u00a0\u00bb color=\u00a0\u00bbblack\u00a0\u00bb][vc_column_text]\u2026 1 an: <a href=\"https:\/\/comeconmigo.net\/?p=510\">Quelquechose ressemblant \u00e0 des Patatas Bravas mais l\u00e9g\u00e8res<\/a><\/p>\n<p>\u2026 2 ans: <a href=\"https:\/\/comeconmigo.net\/?p=645\">Moules Sauce Curry &amp; Pomme<\/a><\/p>\n<p>\u2026 3 ans: <a href=\"https:\/\/comeconmigo.net\/?p=780\">Pavlova aux Pommes<\/a><\/p>\n<p>\u2026 4 ans: <a href=\"https:\/\/comeconmigo.net\/?p=852\">Tarte Pommes &amp; Chartreuse de Len\u00f4tre<\/a><\/p>\n<p>\u2026 5 ans: <a href=\"https:\/\/comeconmigo.net\/?p=71\">Tarte aux Pommes, \u00e0 l&rsquo;Avoine &amp; aux Abricots Secs<\/a><\/p>\n<p>\u2026 6 ans: <a href=\"https:\/\/comeconmigo.net\/?p=188\">Tagine de L\u00e9gumes fa\u00e7on Marocaine<\/a><\/p>\n<p>\u2026 7 ans: <a href=\"https:\/\/comeconmigo.net\/?p=320\">Mini Cakes Boudin Noir aux Pommes<\/a><\/p>\n<p>\u2026 8 ans: <a href=\"https:\/\/comeconmigo.net\/?p=411\">Gratin de Pommes de Terre au Lait<\/a>[\/vc_column_text][\/vc_column][\/vc_row][vc_row][vc_column][vc_basic_grid post_type=\u00a0\u00bbids\u00a0\u00bb element_width=\u00a0\u00bb2&Prime; gap=\u00a0\u00bb0&Prime; item=\u00a0\u00bbmediaGrid_Default\u00a0\u00bb grid_id=\u00a0\u00bbvc_gid:1549614751886-05b54288-66ba-5&Prime; include=\u00a0\u00bb9848, 10171, 786, 908, 13529, 20&Prime;][vc_basic_grid post_type=\u00a0\u00bbids\u00a0\u00bb gap=\u00a0\u00bb0&Prime; item=\u00a0\u00bbbasicGrid_TextFirst\u00a0\u00bb grid_id=\u00a0\u00bbvc_gid:1549614751887-4bd5ca69-3233-0&Prime; include=\u00a0\u00bb9848, 10171, 786, 908, 13529, 20&Prime;][\/vc_column][\/vc_row][vc_row][vc_column][vc_single_image image=\u00a0\u00bb12034&Prime; alignment=\u00a0\u00bbcenter\u00a0\u00bb][vc_column_text]<\/p>\n<h3>Encore un petit creux\u2026<\/h3>\n<p>[\/vc_column_text][vc_basic_grid post_type=\u00a0\u00bbpost\u00a0\u00bb max_items=\u00a0\u00bb6&Prime; element_width=\u00a0\u00bb2&Prime; gap=\u00a0\u00bb0&Prime; orderby=\u00a0\u00bbrand\u00a0\u00bb item=\u00a0\u00bbbasicGrid_VerticalFlip\u00a0\u00bb grid_id=\u00a0\u00bbvc_gid:1549614751889-90643847-2caa-3&Prime; taxonomies=\u00a0\u00bb229&Prime;][\/vc_column][\/vc_row]<\/p>","protected":false},"excerpt":{"rendered":"<p>Mes recettes pr\u00e9f\u00e9r\u00e9es \u00e0 la carotte, sucr\u00e9es et sal\u00e9es.<\/p>\n","protected":false},"author":2,"featured_media":16165,"comment_status":"open","ping_status":"closed","sticky":false,"template":"","format":"standard","meta":[],"categories":[1,383,229],"tags":[],"jetpack_featured_media_url":"https:\/\/comeconmigo.net\/wp-content\/uploads\/2018\/02\/TOP6-ZANAHORIAS.jpg","_links":{"self":[{"href":"https:\/\/comeconmigo.net\/fr\/wp-json\/wp\/v2\/posts\/15620"}],"collection":[{"href":"https:\/\/comeconmigo.net\/fr\/wp-json\/wp\/v2\/posts"}],"about":[{"href":"https:\/\/comeconmigo.net\/fr\/wp-json\/wp\/v2\/types\/post"}],"author":[{"embeddable":true,"href":"https:\/\/comeconmigo.net\/fr\/wp-json\/wp\/v2\/users\/2"}],"replies":[{"embeddable":true,"href":"https:\/\/comeconmigo.net\/fr\/wp-json\/wp\/v2\/comments?post=15620"}],"version-history":[{"count":0,"href":"https:\/\/comeconmigo.net\/fr\/wp-json\/wp\/v2\/posts\/15620\/revisions"}],"wp:featuredmedia":[{"embeddable":true,"href":"https:\/\/comeconmigo.net\/fr\/wp-json\/wp\/v2\/media\/16165"}],"wp:attachment":[{"href":"https:\/\/comeconmigo.net\/fr\/wp-json\/wp\/v2\/media?parent=15620"}],"wp:term":[{"taxonomy":"category","embeddable":true,"href":"https:\/\/comeconmigo.net\/fr\/wp-json\/wp\/v2\/categories?post=15620"},{"taxonomy":"post_tag","embeddable":true,"href":"https:\/\/comeconmigo.net\/fr\/wp-json\/wp\/v2\/tags?post=15620"}],"curies":[{"name":"wp","href":"https:\/\/api.w.org\/{rel}","templated":true}]}}